{"id":152257,"date":"2025-06-04T20:26:28","date_gmt":"2025-06-04T20:26:28","guid":{"rendered":"https:\/\/www.europesays.com\/fr\/152257\/"},"modified":"2025-06-04T20:26:28","modified_gmt":"2025-06-04T20:26:28","slug":"il-faut-lunion-de-la-gauche-la-deputee-clementine-autain-le-martele-en","status":"publish","type":"post","link":"https:\/\/www.europesays.com\/fr\/152257\/","title":{"rendered":"\u00ab\u00a0Il faut l\u2019union de la gauche\u00a0\u00bb\u00a0: la d\u00e9put\u00e9e Cl\u00e9mentine Autain le mart\u00e8le en"},"content":{"rendered":"<p>Cl\u00e9mentine Autain, qui multiplie les d\u00e9placements un peu partout en France, est en Loire-Atlantique depuis ce mardi 3\u00a0juin. Elle le quitte en emportant une image forte, <strong>\u00ab\u00a0l\u2019incroyable faillite de l\u2019\u00c9tat\u00a0\u00bb<\/strong> dans le dossier <a href=\"https:\/\/nantes.maville.com\/actu\/actudet_--le-jeudi-c-est-pot-de-depart...-l-ambiance-morose-du-plan-social-de-general-electric-a-nantes-_52716-6725015_actu.Htm\" target=\"_self\" rel=\"nofollow noopener\">General Electric, \u00e0 Saint-Nazaire, qui vient d\u2019annoncer un plan social et la suppression de 174\u00a0salari\u00e9s.<\/a> <strong>\u00ab\u00a0L\u2019\u00c9tat a \u00e9t\u00e9 incapable de r\u00e9agir, tout simplement parce qu\u2019il n\u2019y a plus d\u2019esprit public au sommet de l\u2019\u00c9tat.\u00a0\u00bb<\/strong> Celle qui dit entendre, sur le terrain, <strong>\u00ab\u00a0la col\u00e8re,<\/strong> <strong>parfois aussi de la r\u00e9signation, plus dangereuse encore car elle provoque de la d\u00e9fiance envers les institutions\u00a0\u00bb, <\/strong>s\u2019efforce <strong>\u00ab\u00a0de raviver le commun\u00a0\u00bb,<\/strong> d\u00e9non\u00e7ant ce<strong> \u00ab\u00a0tout-march\u00e9 qui est une catastrophe\u00a0\u00bb.<\/strong><\/p>\n<p>\u00ab\u00a0Galvaniser le peuple de gauche\u00a0\u00bb<\/p>\n<p>Cl\u00e9mentine Autain, qui a des attaches affectives dans la r\u00e9gion <a href=\"https:\/\/nantes.maville.com\/actu\/actudet_-loire-atlantique.-figure-de-la-gauche-francois-autain-est-decede_54135-3949337_actu.Htm\" target=\"_self\" rel=\"nofollow noopener\">(son oncle \u00e9tait l\u2019ancien maire, entre 1971 et 1993, de Bouguenais, Fran\u00e7ois Autain)<\/a> a profit\u00e9 de ce d\u00e9placement en Loire-Atlantique pour rencontrer la maire socialiste de Nantes, Johanna Rolland, <strong>\u00ab\u00a0une femme de convictions et de diplomatie, qui fait du bien \u00e0 la politique, \u00e0 Nantes et au-del\u00e0\u00a0\u00bb.<\/strong> Une rencontre en pr\u00e9sence de militants et sympathisants de <a href=\"https:\/\/nantes.maville.com\/actu\/actudet_--faire-vivre-l-esprit-du-nfp-l-apres-nouvelle-formation-politique-en-loire-atlantique-_52716-6715672_actu.Htm\" target=\"_self\" rel=\"nofollow noopener\">l\u2019Apr\u00e8s (Association pour une r\u00e9publique \u00e9cologique et sociale),<\/a> le mouvement politique qu\u2019elle a cr\u00e9\u00e9, avec des affranchis du m\u00e9lenchonisme.<\/p>\n<p>Il a \u00e9t\u00e9 question du congr\u00e8s du PS, d\u00e9terminant dans le <strong>\u00ab\u00a0rassemblement de la gauche\u00a0\u00bb<\/strong> que la d\u00e9put\u00e9e appelle de ses v\u0153ux. Militants et \u00e9lus ont \u00e9voqu\u00e9 \u00e9galement les prochaines municipales, ainsi que l\u2019\u00e9lection pr\u00e9sidentielle de 2027. Cl\u00e9mentine Autain l\u2019a dit, elle est candidate, pr\u00eate \u00e0 <strong>\u00ab\u00a0galvaniser le peuple de gauche\u00a0\u00bb,<\/strong> si les conditions sont r\u00e9unies,<strong> \u00ab\u00a0\u00e0 savoir, un socle commun et une m\u00e9thode de d\u00e9partage des candidats\u00a0\u00bb.<\/strong><\/p>\n<p>\u00a0<\/p>\n","protected":false},"excerpt":{"rendered":"Cl\u00e9mentine Autain, qui multiplie les d\u00e9placements un peu partout en France, est en Loire-Atlantique depuis ce mardi 3\u00a0juin.&hellip;\n","protected":false},"author":2,"featured_media":152258,"comment_status":"","ping_status":"","sticky":false,"template":"","format":"standard","meta":{"footnotes":""},"categories":[2818],"tags":[1111,11,28174,28173,28172,1777,674,8290,1011,27,2383,3047,28175,766,12,2636,25,4403],"class_list":{"0":"post-152257","1":"post","2":"type-post","3":"status-publish","4":"format-standard","5":"has-post-thumbnail","7":"category-nantes","8":"tag-actu","9":"tag-actualites","10":"tag-autain","11":"tag-clementine","12":"tag-deputee","13":"tag-eu","14":"tag-europe","15":"tag-faut","16":"tag-fr","17":"tag-france","18":"tag-gauche","19":"tag-loire-atlantique","20":"tag-martele","21":"tag-nantes","22":"tag-news","23":"tag-pays-de-la-loire","24":"tag-republique-francaise","25":"tag-union"},"share_on_mastodon":{"url":"https:\/\/pubeurope.com\/@fr\/114626978321844225","error":""},"_links":{"self":[{"href":"https:\/\/www.europesays.com\/fr\/wp-json\/wp\/v2\/posts\/152257","targetHints":{"allow":["GET"]}}],"collection":[{"href":"https:\/\/www.europesays.com\/fr\/wp-json\/wp\/v2\/posts"}],"about":[{"href":"https:\/\/www.europesays.com\/fr\/wp-json\/wp\/v2\/types\/post"}],"author":[{"embeddable":true,"href":"https:\/\/www.europesays.com\/fr\/wp-json\/wp\/v2\/users\/2"}],"replies":[{"embeddable":true,"href":"https:\/\/www.europesays.com\/fr\/wp-json\/wp\/v2\/comments?post=152257"}],"version-history":[{"count":0,"href":"https:\/\/www.europesays.com\/fr\/wp-json\/wp\/v2\/posts\/152257\/revisions"}],"wp:featuredmedia":[{"embeddable":true,"href":"https:\/\/www.europesays.com\/fr\/wp-json\/wp\/v2\/media\/152258"}],"wp:attachment":[{"href":"https:\/\/www.europesays.com\/fr\/wp-json\/wp\/v2\/media?parent=152257"}],"wp:term":[{"taxonomy":"category","embeddable":true,"href":"https:\/\/www.europesays.com\/fr\/wp-json\/wp\/v2\/categories?post=152257"},{"taxonomy":"post_tag","embeddable":true,"href":"https:\/\/www.europesays.com\/fr\/wp-json\/wp\/v2\/tags?post=152257"}],"curies":[{"name":"wp","href":"https:\/\/api.w.org\/{rel}","templated":true}]}}