{"id":152263,"date":"2025-06-04T20:29:17","date_gmt":"2025-06-04T20:29:17","guid":{"rendered":"https:\/\/www.europesays.com\/fr\/152263\/"},"modified":"2025-06-04T20:29:17","modified_gmt":"2025-06-04T20:29:17","slug":"le-chauffeur-de-bus-tabasse-pres-de-bordeaux-convoque-par-sa-direction-et-menace-dune-sanction","status":"publish","type":"post","link":"https:\/\/www.europesays.com\/fr\/152263\/","title":{"rendered":"le chauffeur de bus tabass\u00e9 pr\u00e8s de Bordeaux convoqu\u00e9 par sa direction et menac\u00e9 d\u2019une sanction"},"content":{"rendered":"<p>Jean-Christophe Colombo, le chauffeur de bus bordelais rou\u00e9 de coups par un passager mi-mai, est convoqu\u00e9 par sa direction pour un entretien pr\u00e9alable avant sanction, le 17 juin prochain. Il lui est reproch\u00e9 de n\u2019avoir pas respect\u00e9 les consignes de son employeur \u00e0 suivre lors d\u2019une agression.<\/p>\n<p class=\"fig-paragraph\">En formation, les conducteurs de bus de Keolis &#8211; le r\u00e9seau d\u2019exploitation des\u00a0<a href=\"http:\/\/www.lefigaro.fr\/bordeaux\/a-bordeaux-les-travaux-sur-le-pont-de-pierre-sement-la-zizanie-apres-l-arret-de-la-circulation-des-tramways-20250604\" data-fig-type=\"NewsFlash\" data-gtm-custom-categorie=\"navigation\" data-gtm-custom-action=\"crossclick\" data-gtm-custom-label=\"Contextuel\" data-gtm-event=\"customEventSPE\" data-fig-domain=\"LEFIGARO\" target=\"_blank\" rel=\"noopener\">transports en commun bordelais<\/a>\u00a0&#8211; re\u00e7oivent pour consigne de ne pas quitter leur poste et de ne rien dire\u00a0<a href=\"http:\/\/www.lefigaro.fr\/bordeaux\/je-me-suis-vu-mourir-et-les-gens-ont-filme-au-lieu-d-agir-un-chauffeur-de-bus-bordelais-agresse-temoigne-20250512\" data-fig-type=\"NewsFlash\" data-gtm-custom-categorie=\"navigation\" data-gtm-custom-action=\"crossclick\" data-gtm-custom-label=\"Contextuel\" data-gtm-event=\"customEventSPE\" data-fig-domain=\"LEFIGARO\" target=\"_blank\" rel=\"noopener\">quand ils sont insult\u00e9s<\/a>\u00a0ou invectiv\u00e9s\u00a0<a href=\"http:\/\/www.lefigaro.fr\/bordeaux\/nous-ne-sommes-plus-en-securite-emoi-dans-le-tramway-bordelais-apres-un-couteau-tire-lors-d-une-altercation-20250217\" data-fig-type=\"NewsFlash\" data-gtm-custom-categorie=\"navigation\" data-gtm-custom-action=\"crossclick\" data-gtm-custom-label=\"Contextuel\" data-gtm-event=\"customEventSPE\" data-fig-domain=\"LEFIGARO\" target=\"_blank\" rel=\"noopener\">par des passagers,<\/a>\u00a0selon Jean-Christophe Colombo. \u00abOn nous explique que ce n\u2019est pas nous qui sommes agress\u00e9s, mais l\u2019image que nous repr\u00e9sentons. En interne, une insulte n\u2019est pas consid\u00e9r\u00e9e comme une agression par la direction\u00a0: elle n\u2019entra\u00eene pas de d\u00e9p\u00f4t de plainte alors m\u00eame que nous sommes d\u00e9positaire d\u2019une mission de service public\u00bb, confie le conducteur de bus qui a \u00e9t\u00e9 agress\u00e9 ce mercredi 7 mai. Le quinquag\u00e9naire, qui exerce ce m\u00e9tier depuis 28 ans sur le r\u00e9seau bordelais, avait craqu\u00e9 ce jour-l\u00e0 apr\u00e8s l\u2019incivilit\u00e9 de trop. Face \u00e0 un passager qui fraudait, qui refusait de le saluer et qui l\u2019injuriait, il avait quitt\u00e9 son poste de conduite pour lui demander de sortir du bus.<\/p>\n<p class=\"fig-paragraph\">Une attitude qui s\u2019est vite retourn\u00e9e contre lui. Le passager clandestin l\u2019a rou\u00e9 de coups avant de s\u2019enfuir ; tandis que la direction de Keolis a convoqu\u00e9 l\u2019agent pour un entretien pr\u00e9alable \u00e0 une sanction pouvant aller jusqu\u2019au licenciement, le 17 juin prochain. \u00abJe suis choqu\u00e9. La lettre est dat\u00e9e du jour de mon op\u00e9ration, je crois que je le vis encore plus mal que mon agression. Je ne comprends pas. S\u2019il s\u2019agit juste de discuter, un entretien manag\u00e9rial suffirait\u00bb, s\u2019inqui\u00e8te Jean-Christophe Colombo. Suivi psychologiquement depuis les faits, il a trouv\u00e9 la missive recommand\u00e9e alors qu\u2019il rentrait de la clinique o\u00f9 il a d\u00fb subir une double op\u00e9ration de l\u2019\u00e9paule des suites de son agression. Bien que d\u00e9sormais conscient de l\u2019imprudence de son intervention aupr\u00e8s du passager, il s\u2019indigne de la r\u00e9action de son entreprise.<\/p>\n<p>Mise en danger<\/p>\n<p class=\"fig-paragraph\">\u00abMonsieur Colombo s\u2019est mis en danger en allant voir ce passager. Il n\u2019y a pas d\u2019ambigu\u00eft\u00e9 sur sa qualit\u00e9 de victime, mais ce n\u2019est pas la mission d\u2019un conducteur de bus d\u2019\u00e9duquer les gens\u00bb, r\u00e9torque Pierrick Poirier qui appuie sa d\u00e9monstration sur\u00a0<a href=\"http:\/\/www.lefigaro.fr\/actualite-france\/chauffeur-de-bus-mortellement-agresse-a-bayonne-15-ans-de-reclusion-requis-20230921\" data-fig-type=\"NewsFlash\" data-gtm-custom-categorie=\"navigation\" data-gtm-custom-action=\"crossclick\" data-gtm-custom-label=\"Contextuel\" data-gtm-event=\"customEventSPE\" data-fig-domain=\"LEFIGARO\" target=\"_blank\" rel=\"noopener\">le drame de Bayonne.<\/a>\u00a0Un chauffeur de bus \u00e9tait effectivement d\u00e9c\u00e9d\u00e9 sous les coups d\u2019un passager \u00e0 qui il avait demand\u00e9 de porter son masque en pleine \u00e9pid\u00e9mie de Covid-19. Le directeur g\u00e9n\u00e9ral de Keolis n\u2019en d\u00e9mord pas. Jean-Christophe Colombo aurait d\u00fb selon lui, comme le pr\u00e9voit la consigne, rester \u00e0 son poste et r\u00e9gler la situation en appelant le PC s\u00e9curit\u00e9.<\/p>\n<p class=\"fig-paragraph\">\u00abMonsieur Colombo est un conducteur exp\u00e9riment\u00e9 et d\u00e9l\u00e9gu\u00e9 syndical\u00a0: il ne peut pas ignorer cette r\u00e8gle. Nous nous devons d\u2019\u00eatre des professionnels. On peut me reprocher ma s\u00e9v\u00e9rit\u00e9, mais en r\u00e9alit\u00e9 je cherche \u00e0 le prot\u00e9ger\u00bb, insiste Pierrick Poirier. Avant de conc\u00e9der\u00a0: \u00abJe sais que j\u2019ai le mauvais r\u00f4le dans cette affaire. Tout le monde peut avoir une mauvaise journ\u00e9e, mais il est important d\u2019entendre ses explications et de s\u2019assurer qu\u2019il ne reproduise pas ce type de comportement.\u00bb<\/p>\n<p class=\"fig-body-link\">\n            \u00c0 lire aussi<br \/>\n        <a class=\"fig-body-link__link\" href=\"http:\/\/www.lefigaro.fr\/bordeaux\/nous-ne-sommes-plus-en-securite-emoi-dans-le-tramway-bordelais-apres-un-couteau-tire-lors-d-une-altercation-20250217\" data-fig-type=\"NewsFlash\" data-gtm-custom-categorie=\"navigation\" data-gtm-custom-action=\"crossclick\" data-gtm-custom-label=\"Contextuel\" data-gtm-event=\"customEventSPE\" data-fig-domain=\"LEFIGARO\" target=\"_blank\" rel=\"noopener\">\u00abNous ne sommes plus en s\u00e9curit\u00e9\u00bb\u00a0: \u00e9moi dans le tramway bordelais apr\u00e8s un couteau exhib\u00e9 lors d\u2019une altercation<br \/>\n    <\/a>\n<\/p>\n<p class=\"fig-paragraph\">\u00abIl est gentil de dire \u00e7a depuis sa tour de verre, assis dans sa chaise au 9e \u00e9tage, bien \u00e0 l\u2019aise dans son bureau climatis\u00e9 avec sa machine \u00e0 caf\u00e9. Mais si je vais dans son bureau en lui criant\u00a0: \u201cFils de p***, va te faire enc***\u201d, comment va-t-il r\u00e9agir\u00bb, s\u2019offusque le chauffeur de bus agress\u00e9. Avant de conclure\u00a0: \u00abOn n\u2019est ni des b\u00eates ni des machines. Un \u00eatre humain est aussi amen\u00e9 \u00e0 r\u00e9agir&#8230;\u00bb<\/p>\n","protected":false},"excerpt":{"rendered":"Jean-Christophe Colombo, le chauffeur de bus bordelais rou\u00e9 de coups par un passager mi-mai, est convoqu\u00e9 par sa&hellip;\n","protected":false},"author":2,"featured_media":152264,"comment_status":"","ping_status":"","sticky":false,"template":"","format":"standard","meta":{"footnotes":""},"categories":[2817],"tags":[1111,11,1997,2916,2911,2910,2915,2909,2904,2913,2912,2914,7048,2906,2907,1777,674,1011,27,2905,2908,2825,12,2219,25,2216],"class_list":{"0":"post-152263","1":"post","2":"type-post","3":"status-publish","4":"format-standard","5":"has-post-thumbnail","7":"category-bordeaux","8":"tag-actu","9":"tag-actualites","10":"tag-bordeaux","11":"tag-bordeaux-cauderan","12":"tag-bordeaux-centre-ville","13":"tag-bordeaux-chartrons-grand-parc-jardin-public","14":"tag-bordeaux-la-bastide","15":"tag-bordeaux-maritime","16":"tag-bordeaux-metropole","17":"tag-bordeaux-nansouty-st-genes","18":"tag-bordeaux-st-augustin-tauzin-alphonse-dupeux","19":"tag-bordeaux-sud","20":"tag-bus","21":"tag-capitale-de-gaule","22":"tag-cathedrale-gothique-de-saint-andre","23":"tag-eu","24":"tag-europe","25":"tag-fr","26":"tag-france","27":"tag-gironde","28":"tag-girondins-de-bordeaux","29":"tag-insecurite","30":"tag-news","31":"tag-nouvelle-aquitaine","32":"tag-republique-francaise","33":"tag-transports-en-commun"},"share_on_mastodon":{"url":"","error":"Validation failed: Text character limit of 500 exceeded"},"_links":{"self":[{"href":"https:\/\/www.europesays.com\/fr\/wp-json\/wp\/v2\/posts\/152263","targetHints":{"allow":["GET"]}}],"collection":[{"href":"https:\/\/www.europesays.com\/fr\/wp-json\/wp\/v2\/posts"}],"about":[{"href":"https:\/\/www.europesays.com\/fr\/wp-json\/wp\/v2\/types\/post"}],"author":[{"embeddable":true,"href":"https:\/\/www.europesays.com\/fr\/wp-json\/wp\/v2\/users\/2"}],"replies":[{"embeddable":true,"href":"https:\/\/www.europesays.com\/fr\/wp-json\/wp\/v2\/comments?post=152263"}],"version-history":[{"count":0,"href":"https:\/\/www.europesays.com\/fr\/wp-json\/wp\/v2\/posts\/152263\/revisions"}],"wp:featuredmedia":[{"embeddable":true,"href":"https:\/\/www.europesays.com\/fr\/wp-json\/wp\/v2\/media\/152264"}],"wp:attachment":[{"href":"https:\/\/www.europesays.com\/fr\/wp-json\/wp\/v2\/media?parent=152263"}],"wp:term":[{"taxonomy":"category","embeddable":true,"href":"https:\/\/www.europesays.com\/fr\/wp-json\/wp\/v2\/categories?post=152263"},{"taxonomy":"post_tag","embeddable":true,"href":"https:\/\/www.europesays.com\/fr\/wp-json\/wp\/v2\/tags?post=152263"}],"curies":[{"name":"wp","href":"https:\/\/api.w.org\/{rel}","templated":true}]}}