{"id":152271,"date":"2025-06-04T20:33:10","date_gmt":"2025-06-04T20:33:10","guid":{"rendered":"https:\/\/www.europesays.com\/fr\/152271\/"},"modified":"2025-06-04T20:33:10","modified_gmt":"2025-06-04T20:33:10","slug":"letat-condamne-pour-faute-lourde","status":"publish","type":"post","link":"https:\/\/www.europesays.com\/fr\/152271\/","title":{"rendered":"L\u2019Etat condamn\u00e9 pour \u00ab faute lourde \u00bb"},"content":{"rendered":"<p><strong>F\u00c9MINICIDE &#8211; L\u2019Etat a \u00e9t\u00e9 condamn\u00e9 \u00e0 verser 27.000 euros \u00e0 la famille de Nathalie Debaillie, assassin\u00e9e en\u00a02019 \u00e0 Lille par son ex-compagnon, malgr\u00e9 quatre signalements \u00e0 la police rest\u00e9s sans suite<\/strong><\/p>\n<p>Plus de cinq ans apr\u00e8s le meurtre de Nathalie Debaillie \u00e0 <a href=\"https:\/\/www.20minutes.fr\/lille\/?at_medium=RSS%20feed&amp;at_campaign=ynews&amp;utm_source=yahoo&amp;utm_medium=rss&amp;utm_campaign=news_feed&amp;utm_content=in_article_link\" rel=\"nofollow noopener\" target=\"_blank\" data-ylk=\"slk:Lille;elm:context_link;itc:0;sec:content-canvas\" class=\"link \">Lille<\/a>, l\u2019Etat a \u00e9t\u00e9 condamn\u00e9 <a href=\"https:\/\/www.20minutes.fr\/justice\/4152147-20250507-feminicide-nathalie-tuee-ex-malgre-quatre-plaintes-mains-courantes-etat-banc-accuses?at_medium=RSS%20feed&amp;at_campaign=ynews&amp;utm_source=yahoo&amp;utm_medium=rss&amp;utm_campaign=news_feed&amp;utm_content=in_article_link\" rel=\"nofollow noopener\" target=\"_blank\" data-ylk=\"slk:pour \u00ab\u00a0faute lourde\u00a0\u00bb \u00e0 verser 27.000 euros;elm:context_link;itc:0;sec:content-canvas\" class=\"link \">pour \u00ab\u00a0faute lourde\u00a0\u00bb \u00e0 verser 27.000 euros<\/a> \u00e0 sa famille pour pr\u00e9judice moral. Malgr\u00e9 quatre signalements \u00e0 la police, dont une plainte, cette femme de 46 ans avait \u00e9t\u00e9 assassin\u00e9e par son ex-compagnon, J\u00e9r\u00f4me Tonneau, en mai\u00a02019. Le tribunal de Paris a d\u00e9nonc\u00e9 un grave dysfonctionnement du service public de la justice, incapable de prot\u00e9ger la victime.<\/p>\n<p>\u00ab\u00a0Les enqu\u00eateurs auraient d\u00fb, apr\u00e8s information du procureur de la R\u00e9publique, r\u00e9aliser des actes d\u2019enqu\u00eate\u00a0\u00bb, souligne la d\u00e9cision, pointant l\u2019absence de suites donn\u00e9es aux alertes. Aucune plainte n\u2019avait \u00e9t\u00e9 transmise au parquet, alors que J\u00e9r\u00f4me Tonneau, <a href=\"https:\/\/www.20minutes.fr\/dossier\/recidive?at_medium=RSS%20feed&amp;at_campaign=ynews&amp;utm_source=yahoo&amp;utm_medium=rss&amp;utm_campaign=news_feed&amp;utm_content=in_article_link\" rel=\"nofollow noopener\" target=\"_blank\" data-ylk=\"slk:r\u00e9cidiviste;elm:context_link;itc:0;sec:content-canvas\" class=\"link \">r\u00e9cidiviste<\/a> et sous contr\u00f4le judiciaire depuis\u00a02014, harcelait sa victime depuis des mois.<\/p>\n<p>In\u00e9galit\u00e9 de traitement entre la victime et le meurtrier<\/p>\n<p>Le 22 mai\u00a02019, cinq jours avant le <a href=\"https:\/\/www.20minutes.fr\/dossier\/meurtre?at_medium=RSS%20feed&amp;at_campaign=ynews&amp;utm_source=yahoo&amp;utm_medium=rss&amp;utm_campaign=news_feed&amp;utm_content=in_article_link\" rel=\"nofollow noopener\" target=\"_blank\" data-ylk=\"slk:meurtre;elm:context_link;itc:0;sec:content-canvas\" class=\"link \">meurtre<\/a>, Nathalie Debaillie avait d\u00e9pos\u00e9 une derni\u00e8re main courante. Ce m\u00eame jour, elle avait \u00e9t\u00e9 convoqu\u00e9e au commissariat \u00e0 la suite d\u2019une plainte de son ex-compagnon, qui l\u2019accusait faussement de vol de t\u00e9l\u00e9phone. Cette plainte, elle, avait bien \u00e9t\u00e9 enregistr\u00e9e et transmise. Une in\u00e9galit\u00e9 de traitement que son avocate, Me Isabelle Steyer, avait qualifi\u00e9e de \u00ab\u00a0cas d\u2019\u00e9cole de discrimination\u00a0\u00bb dans les violences conjugales.<\/p>\n<p><a href=\"https:\/\/www.20minutes.fr\/societe\/feminicide\/\" rel=\"nofollow noopener\" target=\"_blank\" data-ylk=\"slk:Notre dossier sur les f\u00e9minicides;elm:context_link;itc:0;sec:content-canvas\" class=\"link \">Notre dossier sur les f\u00e9minicides<\/a><\/p>\n<p>L\u2019Etat versera 10.000 euros \u00e0 chacun des enfants de la victime, 4.000 euros \u00e0 son fr\u00e8re et 3.000 euros \u00e0 son ex-mari. Des montants bien inf\u00e9rieurs \u00e0 ceux r\u00e9clam\u00e9s par la famille. Le t(&#8230;)<\/p>\n<p><a href=\"https:\/\/www.20minutes.fr\/justice\/4156985-20250604-feminicide-nathalie-debaillie-lille-etat-condamne-faute-lourde?at_medium=RSS%20feed&amp;at_campaign=ynews&amp;utm_source=yahoo&amp;utm_medium=rss&amp;utm_campaign=news_feed&amp;utm_content=read_more_link&quot;\" rel=\"nofollow noopener\" target=\"_blank\" data-ylk=\"slk:Lire la suite sur 20minutes;elm:context_link;itc:0;sec:content-canvas\" class=\"link \">Lire la suite sur 20minutes<\/a><\/p>\n<p>\u00c0 lire aussi :<br \/><a href=\"https:\/\/www.20minutes.fr\/justice\/4152147-20250507-feminicide-nathalie-tuee-ex-malgre-quatre-plaintes-mains-courantes-etat-banc-accuses?at_medium=RSS%20feed&amp;at_campaign=ynews&amp;utm_source=yahoo&amp;utm_medium=rss&amp;utm_campaign=news_feed&amp;utm_content=related_content_link\" rel=\"nofollow noopener\" target=\"_blank\" data-ylk=\"slk:F\u00e9minicide\u00a0: Nathalie, tu\u00e9e par son ex malgr\u00e9 quatre plaintes et mains courantes\u2026 L\u2019Etat sur le banc des accus\u00e9s;elm:context_link;itc:0;sec:content-canvas\" class=\"link \">F\u00e9minicide\u00a0: Nathalie, tu\u00e9e par son ex malgr\u00e9 quatre plaintes et mains courantes\u2026 L\u2019Etat sur le banc des accus\u00e9s<\/a><br \/><a href=\"https:\/\/www.20minutes.fr\/justice\/4099985-20240705-nord-jerome-tonneau-condamne-30-ans-reclusion-meurtre-nathalie-debaillie?at_medium=RSS%20feed&amp;at_campaign=ynews&amp;utm_source=yahoo&amp;utm_medium=rss&amp;utm_campaign=news_feed&amp;utm_content=related_content_link\" rel=\"nofollow noopener\" target=\"_blank\" data-ylk=\"slk:Nord\u00a0: J\u00e9r\u00f4me Tonneau condamn\u00e9 \u00e0 30 ans de r\u00e9clusion pour le meurtre de Nathalie Debaillie;elm:context_link;itc:0;sec:content-canvas\" class=\"link \">Nord\u00a0: J\u00e9r\u00f4me Tonneau condamn\u00e9 \u00e0 30 ans de r\u00e9clusion pour le meurtre de Nathalie Debaillie<\/a><\/p>\n","protected":false},"excerpt":{"rendered":"F\u00c9MINICIDE &#8211; L\u2019Etat a \u00e9t\u00e9 condamn\u00e9 \u00e0 verser 27.000 euros \u00e0 la famille de Nathalie Debaillie, assassin\u00e9e en\u00a02019&hellip;\n","protected":false},"author":2,"featured_media":152272,"comment_status":"","ping_status":"","sticky":false,"template":"","format":"standard","meta":{"footnotes":""},"categories":[2815],"tags":[1111,11,1777,674,1011,27,811,28178,1307,28176,12,3764,25,28177,4595],"class_list":{"0":"post-152271","1":"post","2":"type-post","3":"status-publish","4":"format-standard","5":"has-post-thumbnail","7":"category-lille","8":"tag-actu","9":"tag-actualites","10":"tag-eu","11":"tag-europe","12":"tag-fr","13":"tag-france","14":"tag-hauts-de-france","15":"tag-inegalite-de-traitement","16":"tag-lille","17":"tag-nathalie-debaillie","18":"tag-news","19":"tag-procureur-de-la-republique","20":"tag-republique-francaise","21":"tag-service-public-de-la-justice","22":"tag-tribunal-de-paris"},"share_on_mastodon":{"url":"","error":""},"_links":{"self":[{"href":"https:\/\/www.europesays.com\/fr\/wp-json\/wp\/v2\/posts\/152271","targetHints":{"allow":["GET"]}}],"collection":[{"href":"https:\/\/www.europesays.com\/fr\/wp-json\/wp\/v2\/posts"}],"about":[{"href":"https:\/\/www.europesays.com\/fr\/wp-json\/wp\/v2\/types\/post"}],"author":[{"embeddable":true,"href":"https:\/\/www.europesays.com\/fr\/wp-json\/wp\/v2\/users\/2"}],"replies":[{"embeddable":true,"href":"https:\/\/www.europesays.com\/fr\/wp-json\/wp\/v2\/comments?post=152271"}],"version-history":[{"count":0,"href":"https:\/\/www.europesays.com\/fr\/wp-json\/wp\/v2\/posts\/152271\/revisions"}],"wp:featuredmedia":[{"embeddable":true,"href":"https:\/\/www.europesays.com\/fr\/wp-json\/wp\/v2\/media\/152272"}],"wp:attachment":[{"href":"https:\/\/www.europesays.com\/fr\/wp-json\/wp\/v2\/media?parent=152271"}],"wp:term":[{"taxonomy":"category","embeddable":true,"href":"https:\/\/www.europesays.com\/fr\/wp-json\/wp\/v2\/categories?post=152271"},{"taxonomy":"post_tag","embeddable":true,"href":"https:\/\/www.europesays.com\/fr\/wp-json\/wp\/v2\/tags?post=152271"}],"curies":[{"name":"wp","href":"https:\/\/api.w.org\/{rel}","templated":true}]}}