{"id":152273,"date":"2025-06-04T20:34:09","date_gmt":"2025-06-04T20:34:09","guid":{"rendered":"https:\/\/www.europesays.com\/fr\/152273\/"},"modified":"2025-06-04T20:34:09","modified_gmt":"2025-06-04T20:34:09","slug":"cest-devenu-une-piste-de-rallye","status":"publish","type":"post","link":"https:\/\/www.europesays.com\/fr\/152273\/","title":{"rendered":"C&rsquo;est devenu une piste de rallye"},"content":{"rendered":"<p>            Par<br \/>\n        <strong><br \/>\n            <a href=\"https:\/\/actu.fr\/auteur\/thibault-nadal-actu-fr\" title=\"Consulter tous les articles de Thibault Nadal\" target=\"_blank\" rel=\"noopener\">Thibault Nadal<\/a><br \/>\n        <\/strong><\/p>\n<p>        Publi\u00e9 le<\/p>\n<p>            4 juin 2025 \u00e0 19h14        <\/p>\n<p>Des habitants exasp\u00e9r\u00e9s et qui d\u00e9noncent un \u00ab\u2009sentiment d\u2019abandon\u2009\u00bb. Le 25\u00a0mai dernier, deux <a href=\"https:\/\/actu.fr\/tag\/accident\" target=\"_blank\" rel=\"noopener\">accidents<\/a> sont survenus dans la m\u00eame soir\u00e9e aux Goudes, dans le 8e arrondissement de <a href=\"https:\/\/actu.fr\/marseille\/\" target=\"_blank\" rel=\"noopener\">Marseille<\/a>. Des faits pour lesquels la police ne s\u2019est pas d\u00e9plac\u00e9e, explique le CIQ (comit\u00e9 d\u2019int\u00e9r\u00eat de quartier). \u00c0 bout face \u00e0 cette situation qu\u2019ils <strong>\u00ab\u2009subissent\u2009\u00bb<\/strong> depuis des ann\u00e9es et qui s\u2019accentue ces derni\u00e8res semaines, leur pr\u00e9sident, Romain Garoute a \u00e9crit un courrier \u00e0 la pr\u00e9fecture des <a href=\"https:\/\/actu.fr\/provence-alpes-cote-d-azur\/bouches-du-rhone_13\" target=\"_blank\" rel=\"noopener\">Bouches-du-Rh\u00f4ne<\/a>.<\/p>\n<p class=\" wall-content\">\u00ab\u2009Notre but est vraiment d\u2019alerter\u2009\u00bb, insiste-t-il aupr\u00e8s d\u2019actu Marseille.<\/p>\n<p>Des rod\u00e9os qui se multiplient<\/p>\n<p class=\" wall-content\">Dans le viseur de Romain Garoute et du CIQ\u2009: la r\u00e9p\u00e9tition des rod\u00e9os dans le secteur, devenue, <strong>\u00ab\u2009une mode\u2009\u00bb<\/strong>. \u00ab\u2009La route des Goudes est devenue une piste de rallye\u2009\u00bb, commente-t-il. Des ballets incessants de deux-roues qui se d\u00e9roulent \u00ab\u2009en fin de journ\u00e9e et le soir entre 23h et 1h matin\u2009\u00bb et qui se d\u00e9roulent dans la mont\u00e9e (ou descente) de Callelongue.<\/p>\n<p class=\" wall-content\">\u00ab\u2009Ils <strong>circulent vite, sont extr\u00eamement bruyants et ne respectent pas la tranquillit\u00e9 des habitants<\/strong>. Quand on ose leur faire des remarques, ce sont des insultes et des menaces en retour\u2009\u00bb, poursuit le pr\u00e9sident depuis f\u00e9vrier du comit\u00e9 d\u2019int\u00e9r\u00eat de quartier.<\/p>\n<blockquote class=\"ac-article-quote wall-content\">\n<p>Ces personnes ont un sentiment d&rsquo;impunit\u00e9, car elles peuvent circuler \u00e0 toute vitesse, dont celles en \u00e9tat d\u2019\u00e9bri\u00e9t\u00e9. \u00c7a devient tr\u00e8s probl\u00e9matique.<\/p>\n<p>    <strong>Romain Garoute<\/strong><br \/>\n        Pr\u00e9sident du CIQ des Goudes    <\/p><\/blockquote>\n<p>Le CIQ d\u00e9plore l\u2019absence de policiers dans le secteur<\/p>\n<p class=\" wall-content\">Ce qui a pouss\u00e9 le CIQ \u00e0 envoyer ce courrier, c\u2019est aussi et surtout l\u2019absence de r\u00e9ponse polici\u00e8re. \u00ab\u2009Aucun effectif n\u2019est venu sur les deux accidents\u2009\u00bb, d\u00e9plore Romain Garoute. \u00ab\u2009On nous r\u00e9pond qu\u2019il n\u2019y a <strong>pas assez d\u2019effectifs ou d\u2019autres priorit\u00e9s sur des quartiers plus dangereux<\/strong>\u2009\u00bb, d\u00e9veloppe-t-il.<\/p>\n<p>    <a href=\"https:\/\/www.facebook.com\/plugins\/post.php?href=https%3A%2F%2Fwww.facebook.com%2Fphoto.php%3Ffbid%3D701741332815166%26set%3Da.110572538598718%26type%3D3&amp;show_text=true&amp;width=350\" title=\"Ouvrie le lien\" target=\"_blank\" rel=\"noopener\">Cliquez ici pour visualiser le contenu<\/a><\/p>\n<p class=\" wall-content\">Une situation qui le pousse \u00e0 s\u2019interroger, voire \u00e0 s\u2019inqui\u00e9ter\u2009: <strong>\u00ab\u2009Faut-il attendre un drame pour que les policiers se d\u00e9placent\u2009?\u2009\u00bb<\/strong>. Selon lui, \u00ab\u2009une simple ronde n\u2019est pas du tout suffisante\u2009\u00bb.<\/p>\n<p>Quelles solutions\u2009?<\/p>\n<p class=\" wall-content\">Pour am\u00e9liorer la vie des riverains du quartier, Romain Garoute r\u00e9clame \u00ab\u2009de vraies actions\u2009\u00bb. \u00ab\u2009On ne va pas installer des dos d\u2019\u00e2nes tous les m\u00e8tres\u2009\u00bb, ironise-t-il.<\/p>\n<p class=\" wall-content\">Parmi les mesures souhait\u00e9es, le CIQ demande qu\u2019un <strong>point de contr\u00f4le en amont des Goudes soit install\u00e9<\/strong>. Trois lieux sont propos\u00e9s\u2009: la Pointe Rouge, la Grotte Rolland et le parc Pastr\u00e9. \u00ab\u2009Il faut des contr\u00f4les d\u2019alcool\u00e9mie, de drogue, de vitesse et de son\u2009\u00bb, affirme Romain Garoute.<\/p>\n<p class=\" wall-content\">Enfin, il esp\u00e8re que les policiers vont intervenir sur <strong>Callelogue<\/strong>, car selon lui, des \u00ab\u2009guetteurs pr\u00e9viennent de l\u2019arriv\u00e9e des policiers\u2009\u00bb. Avec cette lettre, le CIQ \u00ab\u2009esp\u00e8re se faire entendre\u2009\u00bb.<\/p>\n<p>La pr\u00e9fecture de Police se d\u00e9fend<\/p>\n<p class=\" wall-content\">Contact\u00e9e, la pr\u00e9fecture de Police des Bouches-du-Rh\u00f4ne assure \u00e0 actu Marseille que \u00ab\u2009des brigades de nuit de police secours de la division sud <strong>r\u00e9alisent r\u00e9guli\u00e8rement<\/strong> des contr\u00f4les routiers\u2009\u00bb dans le secteur des Goudes. Elle pr\u00e9cise \u00e9galement que \u00ab\u2009les forces de l\u2019ordre interviennent chaque fois que leur sont signal\u00e9s des rod\u00e9os\u2009\u00bb.<\/p>\n<p class=\" wall-content\">Face \u00e0 l\u2019absence de pr\u00e9sence polici\u00e8re d\u00e9nonc\u00e9e par le CIQ, les autorit\u00e9s r\u00e9pondent que \u00ab\u2009<strong>six contr\u00f4les nocturnes\u2009\u00bb ont \u00e9t\u00e9 r\u00e9alis\u00e9s sur \u00ab<\/strong><strong>\u2009le seul mois de mai<\/strong> dans les secteurs Goudes, Bain des dames, Montredon dans des horaires allant de 23h30 \u00e0 4h du matin\u2009\u00bb. Des rondes polici\u00e8res qui ont conduit \u00e0 <strong>la verbalisation de 31\u00a0personnes<\/strong>. Cinq personnes ont \u00e9cop\u00e9 d\u2019une <a href=\"https:\/\/actu.fr\/provence-alpes-cote-d-azur\/marseille_13055\/marseille-ces-nouvelles-amendes-peuvent-tomber-voici-les-infractions-concernees_62504161.html\" target=\"_blank\" rel=\"noopener\">amende forfaitaire d\u00e9lictuelle pour stup\u00e9fiants<\/a>.<\/p>\n<blockquote class=\"ac-article-quote wall-content\">\n<p>\u00c0 la belle saison, ce secteur fera l\u2019objet de contr\u00f4les renforc\u00e9s dans le cadre du dispositif littoral, activ\u00e9 cette semaine.<\/p>\n<p>    <strong>Pr\u00e9fecture de Police des Bouches-du-Rh\u00f4ne<\/strong>\n            <\/p><\/blockquote>\n<p class=\" wall-content\">Pour lutter contre ces rod\u00e9os, la pr\u00e9fecture rappelle qu\u2019un <a href=\"https:\/\/actu.fr\/provence-alpes-cote-d-azur\/marseille_13055\/marseille-des-radars-installes-sur-ces-routes-tres-frequentees-attention-aux-amendes_62605406.html\" target=\"_blank\" rel=\"noopener\">radar a \u00e9t\u00e9 install\u00e9 dans le secteur, au niveau de l\u2019Escalette<\/a>. Toutefois, moins d\u2019une semaine apr\u00e8s son arriv\u00e9e dans le secteur, <a href=\"https:\/\/actu.fr\/provence-alpes-cote-d-azur\/marseille_13055\/marseille-a-peine-installe-ce-nouveau-radar-deja-degrade-c-etait-inevitable_62622874.html\" target=\"_blank\" rel=\"noopener\">le radar avait \u00e9t\u00e9 d\u00e9grad\u00e9<\/a>, comme l\u2019avait constat\u00e9 actu Marseille.<\/p>\n<p class=\" wall-content\">Suivez toute l\u2019actualit\u00e9 de vos villes et m\u00e9dias favoris en vous inscrivant \u00e0 <a href=\"https:\/\/moncompte.actu.fr\" title=\"D\u00e9couvez Mon Actu\" rel=\"nofollow noopener\" data-trk=\"{&quot;cta&quot;:{&quot;action&quot;:&quot;https:\\\/\\\/moncompte.actu.fr&quot;,&quot;category&quot;:&quot;mon compte&quot;,&quot;from&quot;:&quot;article footer&quot;,&quot;name&quot;:&quot;Mon actu&quot;,&quot;type&quot;:&quot;cta&quot;}}\" target=\"_blank\">Mon Actu<\/a>.<\/p>\n<ul class=\"ac-article-tag wall-content\">\n<li><a href=\"https:\/\/actu.fr\/tag\/accident\" data-trk=\"{&quot;cta&quot;:{&quot;action&quot;:&quot;Accident&quot;,&quot;category&quot;:&quot;tag&quot;,&quot;from&quot;:&quot;article footer&quot;,&quot;name&quot;:&quot;Accident&quot;,&quot;type&quot;:&quot;cta&quot;}}\" target=\"_blank\" rel=\"noopener\">#Accident<\/a><\/li>\n<li><a href=\"https:\/\/actu.fr\/tag\/rodeos-urbains\" data-trk=\"{&quot;cta&quot;:{&quot;action&quot;:&quot;Rod\\u00e9os urbains&quot;,&quot;category&quot;:&quot;tag&quot;,&quot;from&quot;:&quot;article footer&quot;,&quot;name&quot;:&quot;Rod\\u00e9os urbains&quot;,&quot;type&quot;:&quot;cta&quot;}}\" target=\"_blank\" rel=\"noopener\">#Rod\u00e9os urbains<\/a><\/li>\n<\/ul>\n","protected":false},"excerpt":{"rendered":"Par Thibault Nadal Publi\u00e9 le 4 juin 2025 \u00e0 19h14 Des habitants exasp\u00e9r\u00e9s et qui d\u00e9noncent un \u00ab\u2009sentiment&hellip;\n","protected":false},"author":2,"featured_media":152274,"comment_status":"","ping_status":"","sticky":false,"template":"","format":"standard","meta":{"footnotes":""},"categories":[2814],"tags":[119,1111,11,1777,674,1011,27,884,12,882,25,5575,104],"class_list":{"0":"post-152273","1":"post","2":"type-post","3":"status-publish","4":"format-standard","5":"has-post-thumbnail","7":"category-marseille","8":"tag-accident","9":"tag-actu","10":"tag-actualites","11":"tag-eu","12":"tag-europe","13":"tag-fr","14":"tag-france","15":"tag-marseille","16":"tag-news","17":"tag-provence-alpes-cote-dazur","18":"tag-republique-francaise","19":"tag-rodeos-urbains","20":"tag-societe"},"share_on_mastodon":{"url":"https:\/\/pubeurope.com\/@fr\/114627010495872890","error":""},"_links":{"self":[{"href":"https:\/\/www.europesays.com\/fr\/wp-json\/wp\/v2\/posts\/152273","targetHints":{"allow":["GET"]}}],"collection":[{"href":"https:\/\/www.europesays.com\/fr\/wp-json\/wp\/v2\/posts"}],"about":[{"href":"https:\/\/www.europesays.com\/fr\/wp-json\/wp\/v2\/types\/post"}],"author":[{"embeddable":true,"href":"https:\/\/www.europesays.com\/fr\/wp-json\/wp\/v2\/users\/2"}],"replies":[{"embeddable":true,"href":"https:\/\/www.europesays.com\/fr\/wp-json\/wp\/v2\/comments?post=152273"}],"version-history":[{"count":0,"href":"https:\/\/www.europesays.com\/fr\/wp-json\/wp\/v2\/posts\/152273\/revisions"}],"wp:featuredmedia":[{"embeddable":true,"href":"https:\/\/www.europesays.com\/fr\/wp-json\/wp\/v2\/media\/152274"}],"wp:attachment":[{"href":"https:\/\/www.europesays.com\/fr\/wp-json\/wp\/v2\/media?parent=152273"}],"wp:term":[{"taxonomy":"category","embeddable":true,"href":"https:\/\/www.europesays.com\/fr\/wp-json\/wp\/v2\/categories?post=152273"},{"taxonomy":"post_tag","embeddable":true,"href":"https:\/\/www.europesays.com\/fr\/wp-json\/wp\/v2\/tags?post=152273"}],"curies":[{"name":"wp","href":"https:\/\/api.w.org\/{rel}","templated":true}]}}