{"id":152277,"date":"2025-06-04T20:37:18","date_gmt":"2025-06-04T20:37:18","guid":{"rendered":"https:\/\/www.europesays.com\/fr\/152277\/"},"modified":"2025-06-04T20:37:18","modified_gmt":"2025-06-04T20:37:18","slug":"nathalie-perrin-gilbert-mettra-les-tcl-sur-le-chemin-de-la-gratuite","status":"publish","type":"post","link":"https:\/\/www.europesays.com\/fr\/152277\/","title":{"rendered":"Nathalie Perrin-Gilbert mettra les TCL sur \u00ab\u00a0le chemin de la gratuit\u00e9\u00a0\u00bb"},"content":{"rendered":"<p>Pas question pour <a href=\"https:\/\/www.leprogres.fr\/p\/nathalie-perrin-gilbert\" target=\"_blank\" rel=\"nofollow noopener\">Nathalie Perrin-Gilbert<\/a> de faire de la figuration dans le match qui pourrait se jouer entre <a href=\"https:\/\/www.leprogres.fr\/p\/gregory-doucet\" target=\"_blank\" rel=\"nofollow noopener\">Gr\u00e9gory Doucet<\/a> et <a href=\"https:\/\/www.leprogres.fr\/p\/jean-michel-aulas\" target=\"_blank\" rel=\"nofollow noopener\">Jean-Michel Aulas<\/a>, dans la course \u00e0 la mairie de Lyon.<\/p>\n<p>Entre le premier, en tourn\u00e9e pour pr\u00e9senter son bilan et le second, qui h\u00e9site \u00e0 se lancer dans la bataille mais appelle \u00e0 l\u2019union des m\u00e9contents, la t\u00eate de file de Lyon en commun, ex-maire du 1er, ex-adjointe \u00e0 la culture, mais toujours \u00e9lue de la majorit\u00e9 \u00e9cologiste et de gauche, avance.<\/p>\n<p>Lorsqu\u2019elle n\u2019est pas dans le 8e, le 3e ou le 7e arrondissement pour aller \u00e0 la rencontre des Lyonnais, la candidate travaille son programme. Ce mercredi matin, elle donne rendez-vous pour \u00e9voquer l<a href=\"https:\/\/www.leprogres.fr\/economie\/2025\/05\/29\/suppression-des-zfe-comment-la-metropole-de-lyon-avait-pris-de-l-avance-pour-la-deployer-puis-freine\" target=\"_blank\" rel=\"nofollow noopener\">a potentielle disparition de la ZFE<\/a> vot\u00e9e \u00e0 l\u2019Assembl\u00e9e et aborder, loin des \u00ab\u00a0commentaires politiciens\u00a0\u00bb, le \u00ab\u00a0vrai sujet\u00a0\u00bb. Celui des mobilit\u00e9s, enjeu cl\u00e9 des prochaines \u00e9lections.<\/p>\n<p>  \u00ab\u00a0Si la Ville de Lyon doit le financer, elle le fera\u00a0\u00bb<\/p>\n<p>Elle dit\u00a0: \u00ab\u00a0La ZFE qui devait \u00eatre un outil de sant\u00e9 publique pour am\u00e9liorer la qualit\u00e9 de l\u2019air est devenue, avec les \u00e9cologistes, un sujet de crispation, parce qu\u2019ils en ont fait un moyen de faire reculer la place de la voiture en ville\u00a0\u00bb. A ses c\u00f4t\u00e9s, le pr\u00e9sident du groupe M\u00e9tropole en commun, Mathieu Azcu\u00e9 ajoute\u00a0: \u00ab\u00a0Il n\u2019y a pas de bons ou de mauvais habitants selon leur mode de d\u00e9placement. Il y a des habitants qui ont besoin de se d\u00e9placer.\u00a0\u00bb<\/p>\n<p>Premi\u00e8re promesse de campagne\u00a0: prendre \u00ab\u00a0le chemin de la gratuit\u00e9\u00a0\u00bb pour tous dans les transports en commun. Cela commencera pour les plus de 65 ans, via la carte seniors. Gratuit\u00e9 aussi les jours de canicule et pics de pollution ainsi que les week-ends pr\u00e9c\u00e9dant les f\u00eates de fin d\u2019ann\u00e9e.<\/p>\n<p>\u00ab\u00a0Si la Ville de Lyon doit le financer, elle le fera.\u00a0\u00bb A ceux qui objecteront que c\u2019est un sacr\u00e9 budget, elle r\u00e9torque\u00a0: <a href=\"https:\/\/www.leprogres.fr\/politique\/2024\/12\/02\/adorees-ou-critiquees-les-voies-lyonnaises-font-toujours-causer\" target=\"_blank\" rel=\"nofollow noopener\">\u00ab\u00a0On a bien \u00e9t\u00e9 capable de mettre un demi-million d\u2019euros sur le v\u00e9lo.<\/a> \u00a0\u00bb Autre proposition, \u00ab\u00a0la construction d\u2019ici \u00e0 2032 de 2500 places dans les parcs relais pour inciter les Grands Lyonnais \u00e0 utiliser les transports en commun.<\/p>\n<p>  \u00ab\u00a0Ce qui ne marche pas, il faudra le r\u00e9am\u00e9nager\u00a0\u00bb<\/p>\n<p>Elle est terre \u00e0 terre. \u00ab\u00a0On est tellement concentr\u00e9 sur \u2018\u2018demain, ce sera mieux\u2019\u2019 que l\u2019on oublie le pr\u00e9sent.\u00a0\u00bb Elle pense aux seniors qui n\u2019arrivent plus \u00e0 marcher sur les trottoirs en travaux, <a href=\"https:\/\/www.leprogres.fr\/economie\/2025\/03\/25\/commerces-en-presqu-ile-les-tresoreries-ne-vont-pas-instantanement-remonter-avec-la-fin-des-travaux\" target=\"_blank\" rel=\"nofollow noopener\">aux commer\u00e7ants, pour qui elle va d\u00e9bloquer un fonds d\u2019urgence de 3,5\u00a0millions d\u2019euros<\/a> , mais aussi aux Atsem qui n\u2019ont pas les moyens de vivre \u00e0 Lyon et peinent \u00e0 rejoindre la ville, quand il faut embaucher \u00e0 6 heures.<\/p>\n<p>Il y a peu, elle rencontrait le pr\u00e9sident <a href=\"https:\/\/www.leprogres.fr\/politique\/2024\/04\/18\/projet-de-pietonnisation-de-la-presqu-ile-on-trahit-la-cause-ecologique\" target=\"_blank\" rel=\"nofollow noopener\">de l\u2019Association pour le d\u00e9veloppement de la Presqu\u2018\u00eele de Lyon, (ADPL),<\/a> Maxime Le Moing, co-listier d\u2019<a href=\"https:\/\/www.leprogres.fr\/p\/etienne-blanc\" target=\"_blank\" rel=\"nofollow noopener\">Etienne Blanc<\/a> (LR) en 2020. Devant lui, elle a pris l\u2019engagement d\u2019organiser une consultation, en juin\u00a02026 sur la ZTL. \u00ab\u00a0Il n\u2019y aura pas de dogme, seulement une valeur d\u2019usage. Ce qui fonctionne, nous le garderons. Ce qui ne marche pas, il faudra le r\u00e9am\u00e9nager.\u00a0\u00bb<\/p>\n<p>  \u00ab\u00a0Je ne veux pas d\u2019une ville qui ressemble \u00e0 un Disneyland\u00a0\u00bb<\/p>\n<p>C\u2019est \u00e0 ce crible qu\u2019elle passera les politiques publiques men\u00e9es par les \u00e9cologistes. Quitte \u00e0 casser certaines Voies lyonnaises ou \u00e0 revoir des plans de circulation, comme \u00e0 Monplaisir ou Saint-Just\u2026 Rien n\u2019est grav\u00e9 dans le marbre. Ni le TEOL. Ni le projet Rive droite, dont les images de synth\u00e8se repr\u00e9sentent l\u2019eldorado de la ville verte. \u00ab\u00a0Je ne veux pas d\u2019une ville qui ressemble \u00e0 un Disneyland.\u00a0\u00bb<\/p>\n<p>Encore un tacle au maire de Lyon qu\u2019elle accuse de construire \u00ab\u00a0une ville de l\u2019entre-soi\u00a0\u00bb. Un autre \u00e0 Jean-Michel Aulas, d\u00e9crit comme un sympt\u00f4me de la droite et du centre qui se cherche un candidat tandis que les Lyonnais, d\u00e9sempar\u00e9s, se cherchent un \u00ab\u00a0guide. Jean-Michel Aulas se r\u00e9veille \u00e0 un an des \u00e9lections apr\u00e8s avoir profit\u00e9 du syst\u00e8me. Il n\u2019y a pas si longtemps, il posait aux c\u00f4t\u00e9s de <a href=\"https:\/\/www.leprogres.fr\/p\/bruno-bernard\" target=\"_blank\" rel=\"nofollow noopener\">Bruno Bernard<\/a> pour l\u2019Ar\u00e9na\u2026\u00a0\u00bb<\/p>\n","protected":false},"excerpt":{"rendered":"Pas question pour Nathalie Perrin-Gilbert de faire de la figuration dans le match qui pourrait se jouer entre&hellip;\n","protected":false},"author":2,"featured_media":152278,"comment_status":"","ping_status":"","sticky":false,"template":"","format":"standard","meta":{"footnotes":""},"categories":[1889],"tags":[1111,11,2430,2757,4188,1777,674,1011,27,2428,2756,12,316,25,2429],"class_list":{"0":"post-152277","1":"post","2":"type-post","3":"status-publish","4":"format-standard","5":"has-post-thumbnail","7":"category-lyon","8":"tag-actu","9":"tag-actualites","10":"tag-auvergne-rhone-alpes","11":"tag-edition-lyon-villeurbanne","12":"tag-elections-municipales","13":"tag-eu","14":"tag-europe","15":"tag-fr","16":"tag-france","17":"tag-lyon","18":"tag-lyon-bassin","19":"tag-news","20":"tag-politique","21":"tag-republique-francaise","22":"tag-rhone"},"share_on_mastodon":{"url":"https:\/\/pubeurope.com\/@fr\/114627021529025316","error":""},"_links":{"self":[{"href":"https:\/\/www.europesays.com\/fr\/wp-json\/wp\/v2\/posts\/152277","targetHints":{"allow":["GET"]}}],"collection":[{"href":"https:\/\/www.europesays.com\/fr\/wp-json\/wp\/v2\/posts"}],"about":[{"href":"https:\/\/www.europesays.com\/fr\/wp-json\/wp\/v2\/types\/post"}],"author":[{"embeddable":true,"href":"https:\/\/www.europesays.com\/fr\/wp-json\/wp\/v2\/users\/2"}],"replies":[{"embeddable":true,"href":"https:\/\/www.europesays.com\/fr\/wp-json\/wp\/v2\/comments?post=152277"}],"version-history":[{"count":0,"href":"https:\/\/www.europesays.com\/fr\/wp-json\/wp\/v2\/posts\/152277\/revisions"}],"wp:featuredmedia":[{"embeddable":true,"href":"https:\/\/www.europesays.com\/fr\/wp-json\/wp\/v2\/media\/152278"}],"wp:attachment":[{"href":"https:\/\/www.europesays.com\/fr\/wp-json\/wp\/v2\/media?parent=152277"}],"wp:term":[{"taxonomy":"category","embeddable":true,"href":"https:\/\/www.europesays.com\/fr\/wp-json\/wp\/v2\/categories?post=152277"},{"taxonomy":"post_tag","embeddable":true,"href":"https:\/\/www.europesays.com\/fr\/wp-json\/wp\/v2\/tags?post=152277"}],"curies":[{"name":"wp","href":"https:\/\/api.w.org\/{rel}","templated":true}]}}