{"id":152281,"date":"2025-06-04T20:42:23","date_gmt":"2025-06-04T20:42:23","guid":{"rendered":"https:\/\/www.europesays.com\/fr\/152281\/"},"modified":"2025-06-04T20:42:23","modified_gmt":"2025-06-04T20:42:23","slug":"ile-de-france-trafic-partiellement-interrompu-sur-le-rer-e","status":"publish","type":"post","link":"https:\/\/www.europesays.com\/fr\/152281\/","title":{"rendered":"Ile-de-France\u00a0: trafic partiellement interrompu sur le RER E"},"content":{"rendered":"<p><a href=\"https:\/\/94.citoyens.com\/2025\/rer-d-ile-de-france-mobilites-confirme-lachat-de-96-rames-de-nouvelle-generation-en-plus,14-04-2025.html\" title=\"RER D\u00a0: Ile-de-France Mobilit\u00e9s confirme l\u2019achat de 96 rames de nouvelle g\u00e9n\u00e9ration en plus\" class=\"visuel\" rel=\"nofollow noopener\" target=\"_blank\"> <img decoding=\"async\" src=\"https:\/\/www.europesays.com\/fr\/wp-content\/uploads\/2025\/06\/rer-ng-2-csamuel-dhote-380x173.jpg\"  class=\"attachment-home-article wp-post-image lazyload\" alt=\"RER D\u00a0: Ile-de-France Mobilit\u00e9s confirme l\u2019achat de 96 rames de nouvelle g\u00e9n\u00e9ration en plus\"\/>  \u00a9 Sebastien Godefroy\t <\/a> <a href=\"https:\/\/94.citoyens.com\/2025\/rer-d-ile-de-france-mobilites-confirme-lachat-de-96-rames-de-nouvelle-generation-en-plus,14-04-2025.html\" title=\"RER D\u00a0: Ile-de-France Mobilit\u00e9s confirme l\u2019achat de 96 rames de nouvelle g\u00e9n\u00e9ration en plus\" rel=\"nofollow noopener\" target=\"_blank\"> RER D\u00a0: Ile-de-France Mobilit\u00e9s confirme l\u2019achat de 96 rames de nouvelle g\u00e9n\u00e9ration en plus\t<\/a><\/p>\n<p>L\u2019autorit\u00e9 des transports Ile-de-France Mobilit\u00e9s (IDFM) a confirm\u00e9 vendredi l\u2019achat \u00e0 Alstom de 96 RER NG suppl\u00e9mentaires destin\u00e9s au RER D, sur lesquels elle avait pos\u00e9 une option, portant \u00e0 262 le nombre de ces nouveaux trains command\u00e9s depuis 2017.<\/p>\n<p><a href=\"https:\/\/94.citoyens.com\/2025\/ile-de-france-le-trafic-a-laeroport-dorly-depasse-lavant-covid-roissy-sen-rapproche,15-05-2025.html\" title=\"Ile-de-France : le trafic \u00e0 l\u2019a\u00e9roport d\u2019Orly d\u00e9passe l\u2019avant-Covid, Roissy s\u2019en rapproche\" class=\"visuel\" rel=\"nofollow noopener\" target=\"_blank\"> <img decoding=\"async\" src=\"https:\/\/www.europesays.com\/fr\/wp-content\/uploads\/2025\/06\/aeroport-orly-departs-380x173.jpg\"  class=\"attachment-home-article wp-post-image lazyload\" alt=\"Ile-de-France : le trafic \u00e0 l\u2019a\u00e9roport d\u2019Orly d\u00e9passe l\u2019avant-Covid, Roissy s\u2019en rapproche\"\/>  \u00a9 CD\t <\/a> <a href=\"https:\/\/94.citoyens.com\/2025\/ile-de-france-le-trafic-a-laeroport-dorly-depasse-lavant-covid-roissy-sen-rapproche,15-05-2025.html\" title=\"Ile-de-France : le trafic \u00e0 l\u2019a\u00e9roport d\u2019Orly d\u00e9passe l\u2019avant-Covid, Roissy s\u2019en rapproche\" rel=\"nofollow noopener\" target=\"_blank\"> Ile-de-France : le trafic \u00e0 l\u2019a\u00e9roport d\u2019Orly d\u00e9passe l\u2019avant-Covid, Roissy s\u2019en rapproche\t<\/a><\/p>\n<p>Le trafic des a\u00e9roports parisiens a progress\u00e9 de 6% en avril 2025 par rapport \u00e0 avril 2024, et fr\u00f4le d\u00e9sormais celui d\u2019avril 2019, juste avant la crise sanitaire du Covid, selon les statistiques diffus\u00e9es par A\u00e9roports de Paris (ADP) mercredi.\u00a0<\/p>\n<p><a href=\"https:\/\/94.citoyens.com\/2025\/metro-rer-en-ile-de-france-les-amendes-passent-de-50-a-70-euros,23-05-2025.html\" title=\"M\u00e9tro-RER en Ile-de-France : les amendes passent de 50 \u00e0 70 euros\" class=\"visuel\" rel=\"nofollow noopener\" target=\"_blank\"> <img decoding=\"async\" src=\"https:\/\/www.europesays.com\/fr\/wp-content\/uploads\/2025\/06\/metro-parisien-canva-pro-gagliardi-photography-380x173.jpg\"  class=\"attachment-home-article wp-post-image lazyload\" alt=\"M\u00e9tro-RER en Ile-de-France : les amendes passent de 50 \u00e0 70 euros\"\/>  \u00a9 Gagliardi Photography\t <\/a> <a href=\"https:\/\/94.citoyens.com\/2025\/metro-rer-en-ile-de-france-les-amendes-passent-de-50-a-70-euros,23-05-2025.html\" title=\"M\u00e9tro-RER en Ile-de-France : les amendes passent de 50 \u00e0 70 euros\" rel=\"nofollow noopener\" target=\"_blank\"> M\u00e9tro-RER en Ile-de-France : les amendes passent de 50 \u00e0 70 euros\t<\/a><\/p>\n<p>La RATP a annonc\u00e9 jeudi une augmentation de 20 euros des amendes tarifaires \u2013 en cas de paiement imm\u00e9diat \u2013 \u00e0 compter du 2 juin, dans le cadre du plan de lutte contre la fraude lanc\u00e9 en f\u00e9vrier par Ile-de-France Mobilit\u00e9s sur l\u2019ensemble des r\u00e9seaux franciliens.<\/p>\n<p><a href=\"https:\/\/94.citoyens.com\/2025\/a-paris-un-atelier-de-maintenance-ratp-pour-bichonner-les-rames-mf19-et-leur-electronique,29-05-2025.html\" title=\"A Paris, un atelier de maintenance RATP pour bichonner les rames MF19 et leur \u00e9lectronique\" class=\"visuel\" rel=\"nofollow noopener\" target=\"_blank\"> <img decoding=\"async\" src=\"https:\/\/www.europesays.com\/fr\/wp-content\/uploads\/2025\/06\/mf19-1-1707295491-380x173.jpg\"  class=\"attachment-home-article wp-post-image lazyload\" alt=\"A Paris, un atelier de maintenance RATP pour bichonner les rames MF19 et leur \u00e9lectronique\"\/>  \u00a9 Alstom RATP\t <\/a> <a href=\"https:\/\/94.citoyens.com\/2025\/a-paris-un-atelier-de-maintenance-ratp-pour-bichonner-les-rames-mf19-et-leur-electronique,29-05-2025.html\" title=\"A Paris, un atelier de maintenance RATP pour bichonner les rames MF19 et leur \u00e9lectronique\" rel=\"nofollow noopener\" target=\"_blank\"> A Paris, un atelier de maintenance RATP pour bichonner les rames MF19 et leur \u00e9lectronique\t<\/a><\/p>\n<p>Situ\u00e9 dans le 15e arrondissement de Paris, dans un lieu utilis\u00e9 depuis 1910 par la RATP comme site de maintenance de la ligne 12 du m\u00e9tro, le nouvel atelier est adapt\u00e9 \u00e0 la prise en charge des futures rames du m\u00e9tro MF19 qui \u00e9quiperont progressivement huit lignes du r\u00e9seau parisien.<\/p>\n","protected":false},"excerpt":{"rendered":"\u00a9 Sebastien Godefroy RER D\u00a0: Ile-de-France Mobilit\u00e9s confirme l\u2019achat de 96 rames de nouvelle g\u00e9n\u00e9ration en plus L\u2019autorit\u00e9&hellip;\n","protected":false},"author":2,"featured_media":152282,"comment_status":"","ping_status":"","sticky":false,"template":"","format":"standard","meta":{"footnotes":""},"categories":[1592],"tags":[1111,11,1777,674,8390,1011,27,662,10963,12,626,25,8691,1937,28179,12443],"class_list":{"0":"post-152281","1":"post","2":"type-post","3":"status-publish","4":"format-standard","5":"has-post-thumbnail","7":"category-ile-de-france","8":"tag-actu","9":"tag-actualites","10":"tag-eu","11":"tag-europe","12":"tag-ferroviaire","13":"tag-fr","14":"tag-france","15":"tag-ile-de-france","16":"tag-nanterre","17":"tag-news","18":"tag-paris","19":"tag-republique-francaise","20":"tag-rer-e","21":"tag-seine-et-marne","22":"tag-tournan-en-brie","23":"tag-transilien"},"share_on_mastodon":{"url":"https:\/\/pubeurope.com\/@fr\/114627041397290037","error":""},"_links":{"self":[{"href":"https:\/\/www.europesays.com\/fr\/wp-json\/wp\/v2\/posts\/152281","targetHints":{"allow":["GET"]}}],"collection":[{"href":"https:\/\/www.europesays.com\/fr\/wp-json\/wp\/v2\/posts"}],"about":[{"href":"https:\/\/www.europesays.com\/fr\/wp-json\/wp\/v2\/types\/post"}],"author":[{"embeddable":true,"href":"https:\/\/www.europesays.com\/fr\/wp-json\/wp\/v2\/users\/2"}],"replies":[{"embeddable":true,"href":"https:\/\/www.europesays.com\/fr\/wp-json\/wp\/v2\/comments?post=152281"}],"version-history":[{"count":0,"href":"https:\/\/www.europesays.com\/fr\/wp-json\/wp\/v2\/posts\/152281\/revisions"}],"wp:featuredmedia":[{"embeddable":true,"href":"https:\/\/www.europesays.com\/fr\/wp-json\/wp\/v2\/media\/152282"}],"wp:attachment":[{"href":"https:\/\/www.europesays.com\/fr\/wp-json\/wp\/v2\/media?parent=152281"}],"wp:term":[{"taxonomy":"category","embeddable":true,"href":"https:\/\/www.europesays.com\/fr\/wp-json\/wp\/v2\/categories?post=152281"},{"taxonomy":"post_tag","embeddable":true,"href":"https:\/\/www.europesays.com\/fr\/wp-json\/wp\/v2\/tags?post=152281"}],"curies":[{"name":"wp","href":"https:\/\/api.w.org\/{rel}","templated":true}]}}