{"id":152283,"date":"2025-06-04T20:43:16","date_gmt":"2025-06-04T20:43:16","guid":{"rendered":"https:\/\/www.europesays.com\/fr\/152283\/"},"modified":"2025-06-04T20:43:16","modified_gmt":"2025-06-04T20:43:16","slug":"violences-apres-la-victoire-du-psg-bruno-retailleau-nest-pas-la-quand-il-sagit-de-garantir-la-securite-des-parisiens","status":"publish","type":"post","link":"https:\/\/www.europesays.com\/fr\/152283\/","title":{"rendered":"Violences apr\u00e8s la victoire du PSG\u00a0: \u00ab\u00a0Bruno Retailleau n&rsquo;est pas l\u00e0 quand il s&rsquo;agit de garantir la s\u00e9curit\u00e9 des Parisiens\u00a0\u00bb"},"content":{"rendered":"<p>G\u00e9rald Darmanin, le ministre de la Justice, propose un tour de vis l\u00e9gislatif apr\u00e8s les d\u00e9bordements qui ont \u00e9maill\u00e9 la victoire du PSG en Ligue des Champions le week-end dernier. Devant le S\u00e9nat, \u00e0 l\u2019occasion de la s\u00e9ance de questions d\u2019actualit\u00e9 au gouvernement ce mercredi 4\u00a0juin, le garde des Sceaux a rappel\u00e9 les propositions qu\u2019il met en avant depuis plusieurs jours. Parmi elles\u00a0: la suppression du sursis et de l\u2019am\u00e9nagement des peines de moins d\u2019un an de prison. Le ministre, qui esp\u00e8re pr\u00e9senter un projet de loi en septembre, <a href=\"https:\/\/www.publicsenat.fr\/actualites\/politique\/heurts-a-paris-gerald-darmanin-souhaite-la-creation-dune-infraction-qui-permette-de-lutter-contre-les-attroupements-collectifs\" rel=\"nofollow noopener\" target=\"_blank\">a \u00e9galement \u00e9voqu\u00e9 la cr\u00e9ation \u00ab\u00a0d\u2019une infraction qui permette de lutter contre les attroupements collectifs\u00a0\u00bb<\/a>.<\/p>\n<p>\u00ab\u00a0Il y a quelques jours, le garde des Sceaux se plaignait, \u00e0 juste titre, de la surpopulation carc\u00e9rale, et il propose aujourd\u2019hui de remplir les prisons\u00a0\u00bb, a raill\u00e9 le s\u00e9nateur communiste de Paris Ian Brossat, au micro de Public S\u00e9nat. Pour cet \u00e9lu, les propositions de G\u00e9rald Darmanin visent d\u2019abord \u00e0 d\u00e9placer le d\u00e9bat sur la d\u00e9linquance. \u00ab\u00a0Le gouvernement cherche \u00e0 masquer son \u00e9chec monumental \u00e0 garantir l\u2019ordre public \u00e0 l\u2019occasion du match\u00a0\u00bb, estime-t-il.<\/p>\n<p>L\u2019\u00e9lu brocarde \u00e9galement le bilan du ministre de l\u2019Int\u00e9rieur, Bruno Retailleau, sous les critiques des oppositions de gauche et celles de l\u2019extr\u00eame droite depuis les violences de samedi soir. \u00ab\u00a0On a un ministre de l\u2019Int\u00e9rieur que l\u2019on entend, finalement, assez peu sur les questions de s\u00e9curit\u00e9, qui ne m\u00e8ne pas de politique publique mais qui se comporte plut\u00f4t en crois\u00e9 qui m\u00eame une campagne id\u00e9ologique avec de grands mots, de grands termes parfois provocateurs\u00a0\u00bb, \u00e9pingle Ian Brossat. \u00ab\u00a0Mais il n\u2019est pas l\u00e0 quand il s\u2019agit concr\u00e8tement de garantir la s\u00e9curit\u00e9 des Parisiens.\u00a0\u00bb<\/p>\n<p>Ce mercredi, Bruno Retailleau, qui a une nouvelle fois qualifi\u00e9 de \u00ab\u00a0barbares\u00a0\u00bb les auteurs de ces violences,<a href=\"https:\/\/www.publicsenat.fr\/actualites\/politique\/un-duo-tres-ferme-bruno-retailleau-refute-toute-rivalite-avec-gerald-darmanin\" rel=\"nofollow noopener\" target=\"_blank\"> a apport\u00e9 son soutien aux propositions de son pr\u00e9d\u00e9cesseur place Beauvau<\/a>. \u00ab\u00a0Mais ce sera tr\u00e8s long, on a d\u00e9j\u00e0 dans notre arsenal p\u00e9nal, beaucoup de lois\u00a0\u00bb, a toutefois voulu rappeler le Vend\u00e9en au micro de Public S\u00e9nat. \u00ab\u00a0On a les moyens d\u2019appliquer des peines beaucoup plus fermes\u00a0\u00bb, a-t-il assur\u00e9.<\/p>\n","protected":false},"excerpt":{"rendered":"G\u00e9rald Darmanin, le ministre de la Justice, propose un tour de vis l\u00e9gislatif apr\u00e8s les d\u00e9bordements qui ont&hellip;\n","protected":false},"author":2,"featured_media":152284,"comment_status":"","ping_status":"","sticky":false,"template":"","format":"standard","meta":{"footnotes":""},"categories":[1888],"tags":[1111,1928,11,1927,1013,1777,674,1011,27,432,12,1926,626,1925,25,656],"class_list":{"0":"post-152283","1":"post","2":"type-post","3":"status-publish","4":"format-standard","5":"has-post-thumbnail","7":"category-paris","8":"tag-actu","9":"tag-actu-paris","10":"tag-actualites","11":"tag-actualites-paris","12":"tag-bruno-retailleau","13":"tag-eu","14":"tag-europe","15":"tag-fr","16":"tag-france","17":"tag-gerald-darmanin","18":"tag-news","19":"tag-news-paris","20":"tag-paris","21":"tag-paris-news","22":"tag-republique-francaise","23":"tag-securite"},"share_on_mastodon":{"url":"https:\/\/pubeurope.com\/@fr\/114627045230051865","error":""},"_links":{"self":[{"href":"https:\/\/www.europesays.com\/fr\/wp-json\/wp\/v2\/posts\/152283","targetHints":{"allow":["GET"]}}],"collection":[{"href":"https:\/\/www.europesays.com\/fr\/wp-json\/wp\/v2\/posts"}],"about":[{"href":"https:\/\/www.europesays.com\/fr\/wp-json\/wp\/v2\/types\/post"}],"author":[{"embeddable":true,"href":"https:\/\/www.europesays.com\/fr\/wp-json\/wp\/v2\/users\/2"}],"replies":[{"embeddable":true,"href":"https:\/\/www.europesays.com\/fr\/wp-json\/wp\/v2\/comments?post=152283"}],"version-history":[{"count":0,"href":"https:\/\/www.europesays.com\/fr\/wp-json\/wp\/v2\/posts\/152283\/revisions"}],"wp:featuredmedia":[{"embeddable":true,"href":"https:\/\/www.europesays.com\/fr\/wp-json\/wp\/v2\/media\/152284"}],"wp:attachment":[{"href":"https:\/\/www.europesays.com\/fr\/wp-json\/wp\/v2\/media?parent=152283"}],"wp:term":[{"taxonomy":"category","embeddable":true,"href":"https:\/\/www.europesays.com\/fr\/wp-json\/wp\/v2\/categories?post=152283"},{"taxonomy":"post_tag","embeddable":true,"href":"https:\/\/www.europesays.com\/fr\/wp-json\/wp\/v2\/tags?post=152283"}],"curies":[{"name":"wp","href":"https:\/\/api.w.org\/{rel}","templated":true}]}}