{"id":152287,"date":"2025-06-04T20:45:10","date_gmt":"2025-06-04T20:45:10","guid":{"rendered":"https:\/\/www.europesays.com\/fr\/152287\/"},"modified":"2025-06-04T20:45:10","modified_gmt":"2025-06-04T20:45:10","slug":"le-moral-des-maires-en-berne-a-lapproche-des-municipales","status":"publish","type":"post","link":"https:\/\/www.europesays.com\/fr\/152287\/","title":{"rendered":"le moral des maires en berne \u00e0 l&rsquo;approche des municipales"},"content":{"rendered":"<p>\u00c0 chaque crise, l\u2019\u00e9charpe de maire p\u00e8se un peu plus lourd. \u00ab Le mandat qui s\u2019ach\u00e8ve a \u00e9t\u00e9 marqu\u00e9 par les cons\u00e9quences tr\u00e8s concr\u00e8tes des crises que nous traversons \u00bb, l\u00e2che le ministre des Affaires \u00e9trang\u00e8res, Jean-No\u00ebl Barrot, lors d\u2019un passage \u00e9clair au salon de l\u2019Association des maires d\u2019\u00cele-de-France (AMIF). <\/p>\n<p>Le chef de la diplomatie a pass\u00e9 en revue les d\u00e9fis qu\u2019ont d\u00fb affronter les maires depuis le d\u00e9but de leur mandat : crise sanitaire, guerre en Ukraine, hausse des co\u00fbts de l\u2019\u00e9nergie et inflation. Le pr\u00e9sident de l\u2019Association des maires de France (AMF) et maire (LR-Nouvelle \u00e9nergie) de Cannes (Alpes-Maritimes), David Lisnard, donne volontiers l\u2019exemple des cantines de sa commune : une hausse des prix de 14 \u00e0 15 % en quelques &#8230;<\/p>\n<p class=\"blocCut__title\">\n\t\t\t\t\t\t\t\t\t[90% reste \u00e0 lire]\n\t\t\t\t\t\t\t<\/p>\n<p class=\"blocCut__title--type2\">Article r\u00e9serv\u00e9 aux abonn\u00e9s<\/p>\n<p class=\"blocCut__title--type3\">Gazette des Communes<\/p>\n<p class=\"blocCut__title--type2\">VOUS N&rsquo;\u00eaTES PAS ABONN\u00e9 ?<\/p>\n<p class=\"blocCut__title--type4\">D\u00e9couvrez nos formules et acc\u00e9dez aux articles en illimit\u00e9<\/p>\n<p>\t\t\t\t\t\t\t\t<a href=\"https:\/\/www.abonnement.infopro-digital.com\/la-gazette-des-communes\/formule\/1111\/CTA-P\" target=\"_blank\" class=\"btn__full buttonTypeA buttonTypeA--1\" rel=\"nofollow noopener\">Je m\u2019abonne<\/a><\/p>\n","protected":false},"excerpt":{"rendered":"\u00c0 chaque crise, l\u2019\u00e9charpe de maire p\u00e8se un peu plus lourd. \u00ab Le mandat qui s\u2019ach\u00e8ve a \u00e9t\u00e9&hellip;\n","protected":false},"author":2,"featured_media":152288,"comment_status":"","ping_status":"","sticky":false,"template":"","format":"standard","meta":{"footnotes":""},"categories":[1888],"tags":[47,11,2349,16244,1777,674,15579,1011,27,28180,12,23704,626,25],"class_list":{"0":"post-152287","1":"post","2":"type-post","3":"status-publish","4":"format-standard","5":"has-post-thumbnail","7":"category-paris","8":"tag-actualite","9":"tag-actualites","10":"tag-articles-reserves","11":"tag-democratie-locale","12":"tag-eu","13":"tag-europe","14":"tag-finances-locales","15":"tag-fr","16":"tag-france","17":"tag-lcroset","18":"tag-news","19":"tag-non-classe","20":"tag-paris","21":"tag-republique-francaise"},"share_on_mastodon":{"url":"https:\/\/pubeurope.com\/@fr\/114627053063116216","error":""},"_links":{"self":[{"href":"https:\/\/www.europesays.com\/fr\/wp-json\/wp\/v2\/posts\/152287","targetHints":{"allow":["GET"]}}],"collection":[{"href":"https:\/\/www.europesays.com\/fr\/wp-json\/wp\/v2\/posts"}],"about":[{"href":"https:\/\/www.europesays.com\/fr\/wp-json\/wp\/v2\/types\/post"}],"author":[{"embeddable":true,"href":"https:\/\/www.europesays.com\/fr\/wp-json\/wp\/v2\/users\/2"}],"replies":[{"embeddable":true,"href":"https:\/\/www.europesays.com\/fr\/wp-json\/wp\/v2\/comments?post=152287"}],"version-history":[{"count":0,"href":"https:\/\/www.europesays.com\/fr\/wp-json\/wp\/v2\/posts\/152287\/revisions"}],"wp:featuredmedia":[{"embeddable":true,"href":"https:\/\/www.europesays.com\/fr\/wp-json\/wp\/v2\/media\/152288"}],"wp:attachment":[{"href":"https:\/\/www.europesays.com\/fr\/wp-json\/wp\/v2\/media?parent=152287"}],"wp:term":[{"taxonomy":"category","embeddable":true,"href":"https:\/\/www.europesays.com\/fr\/wp-json\/wp\/v2\/categories?post=152287"},{"taxonomy":"post_tag","embeddable":true,"href":"https:\/\/www.europesays.com\/fr\/wp-json\/wp\/v2\/tags?post=152287"}],"curies":[{"name":"wp","href":"https:\/\/api.w.org\/{rel}","templated":true}]}}