{"id":152291,"date":"2025-06-04T20:47:10","date_gmt":"2025-06-04T20:47:10","guid":{"rendered":"https:\/\/www.europesays.com\/fr\/152291\/"},"modified":"2025-06-04T20:47:10","modified_gmt":"2025-06-04T20:47:10","slug":"trump-a-affirme-a-poutine-navoir-pas-ete-informe-a-lavance-des-attaques-de-drones-menees-par-lukraine-en-russie","status":"publish","type":"post","link":"https:\/\/www.europesays.com\/fr\/152291\/","title":{"rendered":"Trump a affirm\u00e9 \u00e0 Poutine n\u2019avoir pas \u00e9t\u00e9 inform\u00e9 \u00e0 l&rsquo;avance des attaques de drones men\u00e9es par l&rsquo;Ukraine en Russie"},"content":{"rendered":"<p style=\"text-align:justify;\">AA \/ Istanbul \/ Burc Eruygur<\/p>\n<p style=\"text-align:justify;\">La Russie a fait savoir, mercredi, que le pr\u00e9sident am\u00e9ricain Donald Trump a affirm\u00e9 \u00e0 son homologue russe Vladimir Poutine, lors d&rsquo;un appel t\u00e9l\u00e9phonique, que Washington n&rsquo;avait pas \u00e9t\u00e9 inform\u00e9 \u00e0 l&rsquo;avance de l&rsquo;attaque men\u00e9e dimanche par l&rsquo;Ukraine contre plusieurs a\u00e9rodromes russes.<\/p>\n<p style=\"text-align:justify;\">\u00ab\u00a0Les frappes sur les a\u00e9rodromes militaires ont \u00e9t\u00e9 abord\u00e9es. Donald Trump a \u00e9galement r\u00e9p\u00e9t\u00e9 que les Am\u00e9ricains n&rsquo;en avaient pas \u00e9t\u00e9 inform\u00e9s \u00e0 l&rsquo;avance\u00a0\u00bb, a d\u00e9clar\u00e9 \u00e0 la presse \u00e0 Moscou le conseiller pr\u00e9sidentiel russe Iouri Ouchakov \u00e0 l&rsquo;issue de l&rsquo;entretien entre les deux pr\u00e9sidents, qui a dur\u00e9 environ une heure et dix minutes.<\/p>\n<p style=\"text-align:justify;\">L&rsquo;entretien a d\u00e9marr\u00e9 par une discussion sur la situation en Ukraine, puis Vladimir Poutine a parl\u00e9 en d\u00e9tail des r\u00e9sultats du deuxi\u00e8me cycle de n\u00e9gociations directes entre Moscou et Kiev, tenu \u00e0 Istanbul lundi, selon Iouri Ouchakov\u200b\u200b\u200b\u200b\u200b\u200b\u200b.<\/p>\n<p style=\"text-align:justify;\">Vladimir Poutine et Donald Trump ont convenu de poursuivre les contacts sur un r\u00e8glement en Ukraine \u00e0 diff\u00e9rents niveaux, a-t-il pr\u00e9cis\u00e9, notant que les discussions dans la m\u00e9tropole turque avaient \u00e9t\u00e9 \u00ab\u00a0utiles\u00a0\u00bb et que la partie russe \u00ab\u00a0n&rsquo;a pas succomb\u00e9 aux provocations\u00a0\u00bb.<\/p>\n<p style=\"text-align:justify;\">\u00ab\u00a0Les m\u00e9morandums correspondants \u00e9chang\u00e9s seront analys\u00e9s dans les capitales, \u00e0 Moscou et \u00e0 Kiev. Nous esp\u00e9rons que les parties pourront poursuivre les n\u00e9gociations ensuite\u00a0\u00bb, a-t-il ajout\u00e9.<\/p>\n<p style=\"text-align:justify;\">Iouri Ouchakov a \u00e9galement indiqu\u00e9 que Vladimir Poutine a parl\u00e9 \u00e0 Donald Trump des efforts pr\u00e9sum\u00e9s de l&rsquo;Ukraine pour perturber les n\u00e9gociations dans la m\u00e9tropole turque.<\/p>\n<p style=\"text-align:justify;\">\u00ab\u00a0Outre l&rsquo;Ukraine, toute une s\u00e9rie de questions internationales ont \u00e9t\u00e9 abord\u00e9es, je dirais, en mettant l&rsquo;accent sur l&rsquo;impasse dans laquelle se trouvent les n\u00e9gociations entre les \u00c9tats-Unis et l&rsquo;Iran concernant le programme nucl\u00e9aire iranien\u00a0\u00bb, a not\u00e9 le responsable russe.<\/p>\n<p style=\"text-align:justify;\">Plus t\u00f4t, Donald Trump a indiqu\u00e9 sur le r\u00e9seau social Truth Social avoir discut\u00e9 des r\u00e9centes attaques de drones men\u00e9es par l&rsquo;Ukraine contre la Russie, et de l&rsquo;Iran avec son homologue russe, Vladimir Poutine, lors d&rsquo;un appel t\u00e9l\u00e9phonique d&rsquo;une dur\u00e9e d&rsquo;environ une heure et quinze minutes.<\/p>\n<p style=\"text-align:justify;\">Kiev a affirm\u00e9 avoir touch\u00e9 41 bombardiers strat\u00e9giques russes lors d&rsquo;une \u00ab\u00a0op\u00e9ration sp\u00e9ciale unique et sans pr\u00e9c\u00e9dent\u00a0\u00bb dimanche, qui comprenait des frappes de drones visant des a\u00e9rodromes militaires dans plusieurs r\u00e9gions de Russie, y compris la r\u00e9gion sib\u00e9rienne d&rsquo;Irkoutsk.<\/p>\n<p style=\"text-align:justify;\">* Traduit de l\u2019anglais par Alex Sinhan Bogmis<\/p>\n<p>                            &#13;<br \/>\n                                <a href=\"https:\/\/www.aa.com.tr\/fr\/p\/abonnement\/1001\" target=\"_blank\" style=\"font-size:12px; color:#444; text-decoration:none;\" rel=\"noopener\">&#13;<br \/>\n                                    Seulement une partie des d\u00e9p\u00eaches, que l&rsquo;Agence Anadolu diffuse \u00e0 ses abonn\u00e9s via le Syst\u00e8me de Diffusion interne (HAS), est diffus\u00e9e sur le site de l&rsquo;AA, de mani\u00e8re r\u00e9sum\u00e9e. <b style=\"color:#1897F7\">Contactez-nous s&rsquo;il vous pla\u00eet pour vous abonner.<\/b>&#13;<br \/>\n                                <\/a>&#13;<\/p>\n","protected":false},"excerpt":{"rendered":"AA \/ Istanbul \/ Burc Eruygur La Russie a fait savoir, mercredi, que le pr\u00e9sident am\u00e9ricain Donald Trump&hellip;\n","protected":false},"author":2,"featured_media":152292,"comment_status":"","ping_status":"","sticky":false,"template":"","format":"standard","meta":{"footnotes":""},"categories":[1591],"tags":[4295,11,1785,75,1887,28181,12,1885,1886,132,220,135],"class_list":{"0":"post-152291","1":"post","2":"type-post","3":"status-publish","4":"format-standard","5":"has-post-thumbnail","7":"category-russie","8":"tag-tats-unis","9":"tag-actualites","10":"tag-anadolu-ajansi","11":"tag-donald-trump","12":"tag-federation-de-russie","13":"tag-iouri-ouchakov","14":"tag-news","15":"tag-russia","16":"tag-russian-federation","17":"tag-russie","18":"tag-ukraine","19":"tag-vladimir-poutine"},"share_on_mastodon":{"url":"https:\/\/pubeurope.com\/@fr\/114627060934858207","error":""},"_links":{"self":[{"href":"https:\/\/www.europesays.com\/fr\/wp-json\/wp\/v2\/posts\/152291","targetHints":{"allow":["GET"]}}],"collection":[{"href":"https:\/\/www.europesays.com\/fr\/wp-json\/wp\/v2\/posts"}],"about":[{"href":"https:\/\/www.europesays.com\/fr\/wp-json\/wp\/v2\/types\/post"}],"author":[{"embeddable":true,"href":"https:\/\/www.europesays.com\/fr\/wp-json\/wp\/v2\/users\/2"}],"replies":[{"embeddable":true,"href":"https:\/\/www.europesays.com\/fr\/wp-json\/wp\/v2\/comments?post=152291"}],"version-history":[{"count":0,"href":"https:\/\/www.europesays.com\/fr\/wp-json\/wp\/v2\/posts\/152291\/revisions"}],"wp:featuredmedia":[{"embeddable":true,"href":"https:\/\/www.europesays.com\/fr\/wp-json\/wp\/v2\/media\/152292"}],"wp:attachment":[{"href":"https:\/\/www.europesays.com\/fr\/wp-json\/wp\/v2\/media?parent=152291"}],"wp:term":[{"taxonomy":"category","embeddable":true,"href":"https:\/\/www.europesays.com\/fr\/wp-json\/wp\/v2\/categories?post=152291"},{"taxonomy":"post_tag","embeddable":true,"href":"https:\/\/www.europesays.com\/fr\/wp-json\/wp\/v2\/tags?post=152291"}],"curies":[{"name":"wp","href":"https:\/\/api.w.org\/{rel}","templated":true}]}}