{"id":152293,"date":"2025-06-04T20:48:11","date_gmt":"2025-06-04T20:48:11","guid":{"rendered":"https:\/\/www.europesays.com\/fr\/152293\/"},"modified":"2025-06-04T20:48:11","modified_gmt":"2025-06-04T20:48:11","slug":"leon-xiv-a-appele-vladimir-poutine-a-faire-un-geste-pour-la-paix","status":"publish","type":"post","link":"https:\/\/www.europesays.com\/fr\/152293\/","title":{"rendered":"L\u00e9on XIV a appel\u00e9 Vladimir Poutine \u00e0 faire \u00ab\u00a0un geste\u00a0\u00bb pour la paix"},"content":{"rendered":"<p class=\"article-p mdl\">Un \u00e9change entre le pape L\u00e9on XIV\u00a0et Vladimir Poutine. Le souverain pontife a appel\u00e9, ce mercredi 4 juin, le pr\u00e9sident russe \u00e0 \u00ab\u00a0faire un geste en faveur de la paix\u00a0\u00bb en Ukraine, lors d&rsquo;un entretien t\u00e9l\u00e9phonique, la premi\u00e8re entre les deux hommes. Depuis plusieurs semaines, le Vatican est vu comme un possible acteur cl\u00e9 dans la r\u00e9solution du conflit entre Kiev et Moscou.\u00a0<\/p>\n<p class=\"article-p mdl\">Selon le Vatican, L\u00e9on XIV, intronis\u00e9 le 8 mai dernier, a \u00ab\u00a0soulign\u00e9 l&rsquo;importance du dialogue pour <strong>la r\u00e9alisation de contacts positifs entre les parties et pour la recherche de solutions au conflit<\/strong>\u00ab\u00a0.\u00a0<\/p>\n<p class=\"article-p mdl\">Dans un communiqu\u00e9, le pouvoir russe est aussi revenu sur cet \u00e9change. \u00ab\u00a0<a class=\"link\" href=\"https:\/\/www.rtl.fr\/actu\/international\/guerre-en-ukraine-quand-la-bromance-entre-donald-trump-et-vladimir-poutine-se-brise-7900510564\" title=\"Guerre en Ukraine : quand la &quot;bromance&quot; entre Donald Trump et Vladimir Poutine se brise\" rel=\"nofollow noopener\" target=\"_blank\">Vladimir Poutine<\/a>\u00a0a attir\u00e9 l&rsquo;attention sur le fait que le r\u00e9gime de Kiev mise sur l&rsquo;escalade du conflit et <strong>m\u00e8ne des actions de sabotage<\/strong> contre des infrastructures civiles sur le territoire russe\u00a0\u00bb, a indiqu\u00e9 le Kremlin.\u00a0<\/p>\n<p class=\"article-p mdl\">Le pr\u00e9sident russe \u00ab\u00a0a r\u00e9affirm\u00e9 son int\u00e9r\u00eat pour la r\u00e9alisation de la paix par des moyens politiques et diplomatiques, soulignant que pour parvenir \u00e0 un r\u00e8glement d\u00e9finitif, juste et global de la crise, il \u00e9tait n\u00e9cessaire d&rsquo;en \u00e9liminer les causes profondes\u00a0\u00bb.<\/p>\n<p class=\"article-p mdl\">Une conversation \u00e9galement jug\u00e9e \u00ab\u00a0constructive\u00a0\u00bb par le Kremlin, affirmant que Vladimir Poutine avait exprim\u00e9 sa <strong>\u00ab\u00a0gratitude\u00a0\u00bb au pape<\/strong> \u00ab\u00a0pour sa volont\u00e9 de contribuer au r\u00e8glement\u00a0\u00bb du conflit. Selon le pouvoir russe, toujours ce mercredi,<a class=\"link\" href=\"https:\/\/www.rtl.fr\/actu\/international\/la-conversation-poutine-trump-etait-positive-et-productive-selon-le-kremlin-7900512450\" title=\"Guerre en Ukraine : la conversation Poutine-Trump \u00e9tait &quot;positive&quot; et &quot;productive&quot;, selon le Kremlin\" rel=\"nofollow noopener\" target=\"_blank\"> la conversation t\u00e9l\u00e9phonique entre le pr\u00e9sident russe et Donald Trump<\/a>\u00a0avait \u00e9t\u00e9 \u00ab\u00a0positive\u00a0\u00bb et \u00ab\u00a0productive\u00a0\u00bb.\u00a0<\/p>\n<p>    La r\u00e9daction vous recommande<\/p>\n<p class=\"s-newsletter__title\">\n                L\u2019actualit\u00e9 par la r\u00e9daction de RTL dans votre bo\u00eete mail.\n            <\/p>\n<p class=\"s-newsletter__subtitle\">\n                Gr\u00e2ce \u00e0 votre compte RTL abonnez-vous \u00e0 la newsletter RTL info pour suivre toute l&rsquo;actualit\u00e9 au quotidien\n            <\/p>\n<p>\n                                    Lire la suite\n                                <\/p>\n","protected":false},"excerpt":{"rendered":"Un \u00e9change entre le pape L\u00e9on XIV\u00a0et Vladimir Poutine. Le souverain pontife a appel\u00e9, ce mercredi 4 juin,&hellip;\n","protected":false},"author":2,"featured_media":152294,"comment_status":"","ping_status":"","sticky":false,"template":"","format":"standard","meta":{"footnotes":""},"categories":[1590],"tags":[11,1777,674,107,131,11229,19741,12,12672,132,220,4193,135],"class_list":{"0":"post-152293","1":"post","2":"type-post","3":"status-publish","4":"format-standard","5":"has-post-thumbnail","7":"category-ukraine","8":"tag-actualites","9":"tag-eu","10":"tag-europe","11":"tag-fil-info","12":"tag-guerre-en-ukraine","13":"tag-kiev","14":"tag-leon-xiv","15":"tag-news","16":"tag-pape","17":"tag-russie","18":"tag-ukraine","19":"tag-vatican","20":"tag-vladimir-poutine"},"share_on_mastodon":{"url":"https:\/\/pubeurope.com\/@fr\/114627064949436480","error":""},"_links":{"self":[{"href":"https:\/\/www.europesays.com\/fr\/wp-json\/wp\/v2\/posts\/152293","targetHints":{"allow":["GET"]}}],"collection":[{"href":"https:\/\/www.europesays.com\/fr\/wp-json\/wp\/v2\/posts"}],"about":[{"href":"https:\/\/www.europesays.com\/fr\/wp-json\/wp\/v2\/types\/post"}],"author":[{"embeddable":true,"href":"https:\/\/www.europesays.com\/fr\/wp-json\/wp\/v2\/users\/2"}],"replies":[{"embeddable":true,"href":"https:\/\/www.europesays.com\/fr\/wp-json\/wp\/v2\/comments?post=152293"}],"version-history":[{"count":0,"href":"https:\/\/www.europesays.com\/fr\/wp-json\/wp\/v2\/posts\/152293\/revisions"}],"wp:featuredmedia":[{"embeddable":true,"href":"https:\/\/www.europesays.com\/fr\/wp-json\/wp\/v2\/media\/152294"}],"wp:attachment":[{"href":"https:\/\/www.europesays.com\/fr\/wp-json\/wp\/v2\/media?parent=152293"}],"wp:term":[{"taxonomy":"category","embeddable":true,"href":"https:\/\/www.europesays.com\/fr\/wp-json\/wp\/v2\/categories?post=152293"},{"taxonomy":"post_tag","embeddable":true,"href":"https:\/\/www.europesays.com\/fr\/wp-json\/wp\/v2\/tags?post=152293"}],"curies":[{"name":"wp","href":"https:\/\/api.w.org\/{rel}","templated":true}]}}