{"id":152313,"date":"2025-06-04T20:58:08","date_gmt":"2025-06-04T20:58:08","guid":{"rendered":"https:\/\/www.europesays.com\/fr\/152313\/"},"modified":"2025-06-04T20:58:08","modified_gmt":"2025-06-04T20:58:08","slug":"marcelo-fronckowiak-nest-plus-lentraineur-du-tours-volley-ball","status":"publish","type":"post","link":"https:\/\/www.europesays.com\/fr\/152313\/","title":{"rendered":"Marcelo Fronckowiak n&rsquo;est plus l&rsquo;entra\u00eeneur du Tours Volley-Ball"},"content":{"rendered":"<p>Arriv\u00e9 \u00e0 l&rsquo;\u00e9t\u00e9 2021, l&rsquo;entra\u00eeneur du Tours Volley-Ball, Marcelo Fronckowiak, quitte le club, avec lequel il aura glan\u00e9 quatre titres, dont deux de champion de France.<\/p>\n<p>Il avait laiss\u00e9 planer le doute, samedi 17 mai,\u00a0<a class=\"IciLink ici-link IciArticleLink g-ici-body-regular-1 underline brand svelte-lu7k6w\" href=\"https:\/\/www.francebleu.fr\/sports\/basket-handball-volley\/volley-tours-champion-de-france-pour-la-10e-fois-poitiers-battu-en-finale-8309920\" rel=\"nofollow noopener\" target=\"_blank\">lors du sacre contre Poitiers en championnat de France<\/a>, estimant que ce n&rsquo;\u00e9tait \u00ab\u00a0pas encore le moment\u00a0\u00bb de parler de son avenir. Car depuis plusieurs jours, d\u00e9j\u00e0, l&rsquo;hypoth\u00e8se d&rsquo;un d\u00e9part \u00e9tait avanc\u00e9e. C&rsquo;est d\u00e9sormais officiel, ce mercredi 4 juin\u00a0: <strong>Marcelo Fronckowiak quitte le Tours Volley-Ball, \u00e0 un an de la fin de son contrat<\/strong>.\u00a0Les deux parties ont d\u00e9cid\u00e9 de se s\u00e9parer.<\/p>\n<p>Le technicien br\u00e9silien \u00e9tait\u00a0<a class=\"IciLink ici-link IciArticleLink g-ici-body-regular-1 underline brand svelte-lu7k6w\" href=\"https:\/\/www.francebleu.fr\/sports\/tous-les-sports\/le-bresilien-marcelo-fronckowiak-nouvel-entraineur-du-tours-volley-ball-1618511062\" rel=\"nofollow noopener\" target=\"_blank\">arriv\u00e9 en Touraine \u00e0 l&rsquo;\u00e9t\u00e9 2021<\/a>. Il pr\u00e9sentait l&rsquo;avantage de bien conna\u00eetre le championnat de France pour avoir entra\u00een\u00e9 Tourcoing entre 2004 et 2009, et avait pour mission de redorer le\u00a0blason d&rsquo;une \u00e9quipe alors en difficult\u00e9. Le TVB venait de se faire \u00e9liminer en quarts de finale de playoffs. Une anomalie.<\/p>\n<p>Quatre finales de championnat en quatre ans<\/p>\n<p>La premi\u00e8re ann\u00e9e, Marcelo Franckowiak remplit le contrat. Trois finales. Malheureusement, toutes perdues. Coupe de France, Coupe d&rsquo;Europe CEV et championnat. \u00ab\u00a0\u00c7a a \u00e9t\u00e9 une ann\u00e9e magnifique avec un go\u00fbt amer, nous sommes une \u00e9quipe en reconstruction et \u00e7a prend du temps\u00a0\u00bb, disait-il \u00e0 l&rsquo;\u00e9poque. La saison suivante, <strong>en 2022-2023<\/strong>, sera plus heureuse. <strong>Le TVB r\u00e9alise le doubl\u00e9 coupe-championnat<\/strong>. Ses premiers titres avec le club. Il en gagnera deux autres\u00a0: la Supercoupe de France, en 2023, et le championnat, de nouveau, en 2025.<\/p>\n<p>Avec lui, Tours est redevenue une place forte du volley fran\u00e7ais, en atteignant, \u00e0 chaque fois, la finale du championnat (2022, 2023, 2024 et 2025). Malgr\u00e9 quelques zones de turbulence lors des deux derniers exercices, d\u00e9marr\u00e9s tr\u00e8s difficilement, il a su redresser la barre et tirer le meilleur de son groupe. Au micro d&rsquo;ICI Touraine, apr\u00e8s la victoire contre Poitiers, l&rsquo;entra\u00eeneur confiait \u00e0 quel point les attentes autour du club sont grandes. Et l&rsquo;entra\u00eeneur est toujours en premi\u00e8re ligne. \u00ab\u00a0Quand vous arrivez dans ce club et que vous voyez, dans cette salle Grenon, tous les drapeaux avec la quantit\u00e9 de titres inscrits dessus, vous comprenez vite que vous aurez une pression constante. Mais il faut faire avec. Et avec les croyances, les valeurs et le travail, on s&rsquo;en sort.\u00a0\u00bb<\/p>\n<p>Toujours souriant et cordial, Marcelo Fronckowiak quitte donc la Touraine avec le sentiment du devoir accompli.\u00a0<strong>Toutes comp\u00e9titions confondues, il a remport\u00e9 quatre titres en huit finales disput\u00e9es avec le TVB<\/strong>. Le nom de son successeur n&rsquo;a pas encore \u00e9t\u00e9 communiqu\u00e9 par le club.<\/p>\n","protected":false},"excerpt":{"rendered":"Arriv\u00e9 \u00e0 l&rsquo;\u00e9t\u00e9 2021, l&rsquo;entra\u00eeneur du Tours Volley-Ball, Marcelo Fronckowiak, quitte le club, avec lequel il aura glan\u00e9&hellip;\n","protected":false},"author":2,"featured_media":152314,"comment_status":"","ping_status":"","sticky":false,"template":"","format":"standard","meta":{"footnotes":""},"categories":[1417],"tags":[1011,27,60,1470,1469],"class_list":{"0":"post-152313","1":"post","2":"type-post","3":"status-publish","4":"format-standard","5":"has-post-thumbnail","7":"category-volley","8":"tag-fr","9":"tag-france","10":"tag-sports","11":"tag-volley","12":"tag-volleyball"},"share_on_mastodon":{"url":"https:\/\/pubeurope.com\/@fr\/114627104202914219","error":""},"_links":{"self":[{"href":"https:\/\/www.europesays.com\/fr\/wp-json\/wp\/v2\/posts\/152313","targetHints":{"allow":["GET"]}}],"collection":[{"href":"https:\/\/www.europesays.com\/fr\/wp-json\/wp\/v2\/posts"}],"about":[{"href":"https:\/\/www.europesays.com\/fr\/wp-json\/wp\/v2\/types\/post"}],"author":[{"embeddable":true,"href":"https:\/\/www.europesays.com\/fr\/wp-json\/wp\/v2\/users\/2"}],"replies":[{"embeddable":true,"href":"https:\/\/www.europesays.com\/fr\/wp-json\/wp\/v2\/comments?post=152313"}],"version-history":[{"count":0,"href":"https:\/\/www.europesays.com\/fr\/wp-json\/wp\/v2\/posts\/152313\/revisions"}],"wp:featuredmedia":[{"embeddable":true,"href":"https:\/\/www.europesays.com\/fr\/wp-json\/wp\/v2\/media\/152314"}],"wp:attachment":[{"href":"https:\/\/www.europesays.com\/fr\/wp-json\/wp\/v2\/media?parent=152313"}],"wp:term":[{"taxonomy":"category","embeddable":true,"href":"https:\/\/www.europesays.com\/fr\/wp-json\/wp\/v2\/categories?post=152313"},{"taxonomy":"post_tag","embeddable":true,"href":"https:\/\/www.europesays.com\/fr\/wp-json\/wp\/v2\/tags?post=152313"}],"curies":[{"name":"wp","href":"https:\/\/api.w.org\/{rel}","templated":true}]}}