{"id":152317,"date":"2025-06-04T21:00:09","date_gmt":"2025-06-04T21:00:09","guid":{"rendered":"https:\/\/www.europesays.com\/fr\/152317\/"},"modified":"2025-06-04T21:00:09","modified_gmt":"2025-06-04T21:00:09","slug":"roland-garros-sinner-vainqueur-de-bublik-et-oppose-a-djokovic-ou-zverev-en-demies-je-ne-suis-pas-sur-de-regarder-le-match-en-entier-je-vais-essayer-de-deconnecter-un-peu","status":"publish","type":"post","link":"https:\/\/www.europesays.com\/fr\/152317\/","title":{"rendered":"Roland Garros > Sinner, vainqueur de Bublik et oppos\u00e9 \u00e0 Djokovic ou Zverev en demies : \u00ab\u00a0Je ne suis pas s\u00fbr de regarder le match en entier, je vais essayer de d\u00e9connecter un peu\u00a0\u00bb"},"content":{"rendered":"<p>Jannik Sinner n\u2019a eu aucun mal \u00e0 se d\u00e9faire de l\u2019im\u00adpr\u00e9\u00advi\u00adsible Alexander Bublik en quarts de finale de Roland\u2010Garros ce mercredi\u00a0: 6\u20131, 7\u20135, 6\u20130, en 1h50 de jeu. S\u00fbr de son plan de jeu et toujours aussi impres\u00adsion\u00adnant en fond de court, le num\u00e9ro 1 mondial a d\u00e9croch\u00e9 sa 19e victoire de rang dans un tournoi du Grand Chelem.<\/p>\n<p>Interrog\u00e9 apr\u00e8s la rencontre sur son prochain adver\u00adsaire, Novak Djokovic ou Alexander Zverev, qui vont s\u2019af\u00adfronter en session de nuit \u00e0 partir de 20h30, l\u2019Italien a r\u00e9v\u00e9l\u00e9 qu\u2019il n\u2019al\u00adlait certai\u00adne\u00adment pas trop s\u2019at\u00adtarder devant l\u2019\u00e9cran, pr\u00e9f\u00e9\u00adrant se d\u00e9tendre avant les choses s\u00e9rieuses.\u00a0<\/p>\n<p><strong>\u00ab\u202fJe pense qu\u2019avec mon \u00e9quipe, on va tous regarder un peu le match, mais je vais aussi essayer de d\u00e9con\u00adnecter un peu. En Grand Chelem, on est toujours concentr\u00e9. Deux semaines, c\u2019est tr\u00e8s long. Je vais simple\u00adment aller d\u00eener et essayer de me d\u00e9tendre un peu et de r\u00e9cu\u00adp\u00e9rer le mieux possible car le prochain match sera de toute fa\u00e7on incroyable, j\u2019es\u00adp\u00e8re que je serai pr\u00eat et j\u2019es\u00adp\u00e8re que ce sera un match de grande qualit\u00e9 pour le public.\u202f\u00bb<\/strong><\/p>\n<p class=\"post-published-date\" style=\"color: silver; font-size: 75%; text-align: left;\">Publi\u00e9 le mercredi 4 juin 2025 \u00e0 18:43<\/p>\n","protected":false},"excerpt":{"rendered":"Jannik Sinner n\u2019a eu aucun mal \u00e0 se d\u00e9faire de l\u2019im\u00adpr\u00e9\u00advi\u00adsible Alexander Bublik en quarts de finale de&hellip;\n","protected":false},"author":2,"featured_media":152318,"comment_status":"","ping_status":"","sticky":false,"template":"","format":"standard","meta":{"footnotes":""},"categories":[1415],"tags":[15212,105,1011,27,2127,60,1467,4542],"class_list":{"0":"post-152317","1":"post","2":"type-post","3":"status-publish","4":"format-standard","5":"has-post-thumbnail","7":"category-tennis","8":"tag-bublik","9":"tag-djokovic","10":"tag-fr","11":"tag-france","12":"tag-sinner","13":"tag-sports","14":"tag-tennis","15":"tag-zverev"},"share_on_mastodon":{"url":"https:\/\/pubeurope.com\/@fr\/114627112068397512","error":""},"_links":{"self":[{"href":"https:\/\/www.europesays.com\/fr\/wp-json\/wp\/v2\/posts\/152317","targetHints":{"allow":["GET"]}}],"collection":[{"href":"https:\/\/www.europesays.com\/fr\/wp-json\/wp\/v2\/posts"}],"about":[{"href":"https:\/\/www.europesays.com\/fr\/wp-json\/wp\/v2\/types\/post"}],"author":[{"embeddable":true,"href":"https:\/\/www.europesays.com\/fr\/wp-json\/wp\/v2\/users\/2"}],"replies":[{"embeddable":true,"href":"https:\/\/www.europesays.com\/fr\/wp-json\/wp\/v2\/comments?post=152317"}],"version-history":[{"count":0,"href":"https:\/\/www.europesays.com\/fr\/wp-json\/wp\/v2\/posts\/152317\/revisions"}],"wp:featuredmedia":[{"embeddable":true,"href":"https:\/\/www.europesays.com\/fr\/wp-json\/wp\/v2\/media\/152318"}],"wp:attachment":[{"href":"https:\/\/www.europesays.com\/fr\/wp-json\/wp\/v2\/media?parent=152317"}],"wp:term":[{"taxonomy":"category","embeddable":true,"href":"https:\/\/www.europesays.com\/fr\/wp-json\/wp\/v2\/categories?post=152317"},{"taxonomy":"post_tag","embeddable":true,"href":"https:\/\/www.europesays.com\/fr\/wp-json\/wp\/v2\/tags?post=152317"}],"curies":[{"name":"wp","href":"https:\/\/api.w.org\/{rel}","templated":true}]}}