{"id":152323,"date":"2025-06-04T21:03:09","date_gmt":"2025-06-04T21:03:09","guid":{"rendered":"https:\/\/www.europesays.com\/fr\/152323\/"},"modified":"2025-06-04T21:03:09","modified_gmt":"2025-06-04T21:03:09","slug":"la-force-de-lhabitude-pour-le-psg-sacre-champion-de-france-pour-la-onzieme-fois-de-suite","status":"publish","type":"post","link":"https:\/\/www.europesays.com\/fr\/152323\/","title":{"rendered":"la force de l\u2019habitude pour le PSG, sacr\u00e9 champion de France pour la onzi\u00e8me fois de suite"},"content":{"rendered":"<p>Les handballeurs parisiens d\u00e9crochent un nouveau titre de champion de France ce mercredi, lors de la 29e journ\u00e9e.<\/p>\n<p class=\"fig-paragraph\">Le Paris Saint-Germain Handball a remport\u00e9 son onzi\u00e8me titre cons\u00e9cutif de champion de France, et le douzi\u00e8me de son histoire, apr\u00e8s sa victoire \u00e0 domicile contre Istres (39-31) mercredi lors de la 29e et avant-derni\u00e8re journ\u00e9e.<\/p>\n<p class=\"fig-paragraph\">Les Parisiens (54 pts) ne peuvent plus \u00eatre rejoints par Nantes (50 pts) lors de la derni\u00e8re journ\u00e9e.<\/p>\n<p class=\"fig-paragraph\">Plus d\u2019infos \u00e0 suivre&#8230;<\/p>\n","protected":false},"excerpt":{"rendered":"Les handballeurs parisiens d\u00e9crochent un nouveau titre de champion de France ce mercredi, lors de la 29e journ\u00e9e.&hellip;\n","protected":false},"author":2,"featured_media":152324,"comment_status":"","ping_status":"","sticky":false,"template":"","format":"standard","meta":{"footnotes":""},"categories":[1412],"tags":[2466,2465,2464,1977,1981,451,207,2468,1451,63,1452,1453,1454,1455,1011,27,1792,66,447,2467,1457,2182,93,1980,479,2259,60,1467],"class_list":{"0":"post-152323","1":"post","2":"type-post","3":"status-publish","4":"format-standard","5":"has-post-thumbnail","7":"category-f1","8":"tag-2466","9":"tag-actu-sport","10":"tag-actualite-sportive","11":"tag-auto","12":"tag-classement","13":"tag-coupe-du-monde","14":"tag-cyclisme","15":"tag-euro-foot","16":"tag-f1","17":"tag-football","18":"tag-formula-1","19":"tag-formula1","20":"tag-formule-1","21":"tag-formule1","22":"tag-fr","23":"tag-france","24":"tag-handball","25":"tag-ligue-1","26":"tag-ligue-des-champions","27":"tag-live-sport","28":"tag-moto","29":"tag-nba","30":"tag-psg","31":"tag-resultats","32":"tag-rugby","33":"tag-score","34":"tag-sports","35":"tag-tennis"},"share_on_mastodon":{"url":"https:\/\/pubeurope.com\/@fr\/114627123872081934","error":""},"_links":{"self":[{"href":"https:\/\/www.europesays.com\/fr\/wp-json\/wp\/v2\/posts\/152323","targetHints":{"allow":["GET"]}}],"collection":[{"href":"https:\/\/www.europesays.com\/fr\/wp-json\/wp\/v2\/posts"}],"about":[{"href":"https:\/\/www.europesays.com\/fr\/wp-json\/wp\/v2\/types\/post"}],"author":[{"embeddable":true,"href":"https:\/\/www.europesays.com\/fr\/wp-json\/wp\/v2\/users\/2"}],"replies":[{"embeddable":true,"href":"https:\/\/www.europesays.com\/fr\/wp-json\/wp\/v2\/comments?post=152323"}],"version-history":[{"count":0,"href":"https:\/\/www.europesays.com\/fr\/wp-json\/wp\/v2\/posts\/152323\/revisions"}],"wp:featuredmedia":[{"embeddable":true,"href":"https:\/\/www.europesays.com\/fr\/wp-json\/wp\/v2\/media\/152324"}],"wp:attachment":[{"href":"https:\/\/www.europesays.com\/fr\/wp-json\/wp\/v2\/media?parent=152323"}],"wp:term":[{"taxonomy":"category","embeddable":true,"href":"https:\/\/www.europesays.com\/fr\/wp-json\/wp\/v2\/categories?post=152323"},{"taxonomy":"post_tag","embeddable":true,"href":"https:\/\/www.europesays.com\/fr\/wp-json\/wp\/v2\/tags?post=152323"}],"curies":[{"name":"wp","href":"https:\/\/api.w.org\/{rel}","templated":true}]}}