{"id":152327,"date":"2025-06-04T21:05:10","date_gmt":"2025-06-04T21:05:10","guid":{"rendered":"https:\/\/www.europesays.com\/fr\/152327\/"},"modified":"2025-06-04T21:05:10","modified_gmt":"2025-06-04T21:05:10","slug":"dncg-les-decisions-concernant-montpellier-le-mans-rodez-laval-caen-et-sochaux","status":"publish","type":"post","link":"https:\/\/www.europesays.com\/fr\/152327\/","title":{"rendered":"DNCG &#8211; Les d\u00e9cisions concernant Montpellier, Le Mans, Rodez, Laval, Caen et Sochaux"},"content":{"rendered":"<p style=\"text-align: justify;\">Ce mercredi avaient lieu les auditions de nombreux clubs de football professionnel fran\u00e7ais devant la <strong>DNCG<\/strong>, charg\u00e9e de faire respecter l\u2019\u00e9quit\u00e9 \u00e9conomique du sport et d\u2019\u00e9viter tout abus. Alors que des formations de <strong>Ligue 1<\/strong> \u00e9taient entendues (Lens, Strasbourg et Toulouse) et n\u2019ont \u00e9cop\u00e9 d\u2019aucune sanction ni restriction de la part du gendarme financier, les clubs de <strong>Ligue 2<\/strong> et de <strong>National<\/strong> se sont tout aussi bien comport\u00e9s et ont apport\u00e9 les garanties n\u00e9cessaires \u00e0 la poursuite de leurs activit\u00e9s malgr\u00e9 le contexte compliqu\u00e9. D\u00e9couvrez les d\u00e9cisions concernant les 4 clubs de Ligue 2 et 2 professionnels en National 1 ci-dessous.<\/p>\n<p>\u00c0 lire aussi &gt;&gt;\u00a0<a href=\"https:\/\/maligue2.fr\/2025\/06\/04\/ligue-2-le-top-5-avait-les-meilleures-pelouses-martigues-bastia-et-annecy-les-pires\/\" target=\"_blank\" rel=\"noopener\">Ligue 2\u00a0 Le T-op 5 avait les meilleures pelouses, Martigues, Bastia et Annecy les pires<\/a><\/p>\n<p><strong>Les d\u00e9cisions de la DNCG concernant les clubs de Ligue 2 et anciens de Ligue 2\u00a0<\/strong><br \/>\nLIGUE 2 BKT<\/p>\n<p class=\"RichText_paragraph__1foT1\">\nLE MANS F.C., MONTPELLIER\u2013HERAULT S.C., RODEZ AVEYRON FOOTBALL, STADE LAVALLOIS M.F.C.,<\/p>\n<p class=\"RichText_paragraph__1foT1\">\u2014\u2014\u2014\u2014\u2014\u2014\u2014\u2014\u2014\u2014\u2014\u2014\u2014\u2014\u2014\u2014\u2014\u2014\u2014\u2014\u2014\u2014\u2014<\/p>\n<p class=\"RichText_paragraph__1foT1\">Aucune mesure prise \u00e0 l\u2019\u00e9gard du club par la DNCG\n<\/p>\n<p>NATIONAL 1<\/p>\n<p class=\"RichText_paragraph__1foT1\">\nF.C. SOCHAUX \u2013 MONTBELIARD, S.M. CAEN<\/p>\n<p class=\"RichText_paragraph__1foT1\">\u2014\u2014\u2014\u2014\u2014\u2014\u2014\u2014\u2014\u2014\u2014\u2014\u2014\u2014\u2014\u2014\u2014\u2014\u2014\u2014\u2014\u2014\u2014\u2013<\/p>\n<p class=\"RichText_paragraph__1foT1\">Aucune mesure prise \u00e0 l\u2019\u00e9gard du club par la DNCG sous r\u00e9serve de confirmation du maintien du statut professionnel par d\u00e9cision du Comit\u00e9 Ex\u00e9cutif de la FFF<\/p>\n","protected":false},"excerpt":{"rendered":"Ce mercredi avaient lieu les auditions de nombreux clubs de football professionnel fran\u00e7ais devant la DNCG, charg\u00e9e de&hellip;\n","protected":false},"author":2,"featured_media":152328,"comment_status":"","ping_status":"","sticky":false,"template":"","format":"standard","meta":{"footnotes":""},"categories":[1410],"tags":[7561,7562,5492,63,1011,27,2693,2191,2208,26119,14187,60],"class_list":{"0":"post-152327","1":"post","2":"type-post","3":"status-publish","4":"format-standard","5":"has-post-thumbnail","7":"category-football","8":"tag-alaune1","9":"tag-mettreenavant","10":"tag-caen","11":"tag-football","12":"tag-fr","13":"tag-france","14":"tag-laval","15":"tag-le-mans","16":"tag-montpellier","17":"tag-rodez","18":"tag-sochaux","19":"tag-sports"},"share_on_mastodon":{"url":"https:\/\/pubeurope.com\/@fr\/114627131727015406","error":""},"_links":{"self":[{"href":"https:\/\/www.europesays.com\/fr\/wp-json\/wp\/v2\/posts\/152327","targetHints":{"allow":["GET"]}}],"collection":[{"href":"https:\/\/www.europesays.com\/fr\/wp-json\/wp\/v2\/posts"}],"about":[{"href":"https:\/\/www.europesays.com\/fr\/wp-json\/wp\/v2\/types\/post"}],"author":[{"embeddable":true,"href":"https:\/\/www.europesays.com\/fr\/wp-json\/wp\/v2\/users\/2"}],"replies":[{"embeddable":true,"href":"https:\/\/www.europesays.com\/fr\/wp-json\/wp\/v2\/comments?post=152327"}],"version-history":[{"count":0,"href":"https:\/\/www.europesays.com\/fr\/wp-json\/wp\/v2\/posts\/152327\/revisions"}],"wp:featuredmedia":[{"embeddable":true,"href":"https:\/\/www.europesays.com\/fr\/wp-json\/wp\/v2\/media\/152328"}],"wp:attachment":[{"href":"https:\/\/www.europesays.com\/fr\/wp-json\/wp\/v2\/media?parent=152327"}],"wp:term":[{"taxonomy":"category","embeddable":true,"href":"https:\/\/www.europesays.com\/fr\/wp-json\/wp\/v2\/categories?post=152327"},{"taxonomy":"post_tag","embeddable":true,"href":"https:\/\/www.europesays.com\/fr\/wp-json\/wp\/v2\/tags?post=152327"}],"curies":[{"name":"wp","href":"https:\/\/api.w.org\/{rel}","templated":true}]}}