{"id":15234,"date":"2025-04-10T15:02:09","date_gmt":"2025-04-10T15:02:09","guid":{"rendered":"https:\/\/www.europesays.com\/fr\/15234\/"},"modified":"2025-04-10T15:02:09","modified_gmt":"2025-04-10T15:02:09","slug":"les-axes-concernes-et-nos-conseils","status":"publish","type":"post","link":"https:\/\/www.europesays.com\/fr\/15234\/","title":{"rendered":"les axes concern\u00e9s et nos conseils"},"content":{"rendered":"<p>            Par<br \/>\n        <strong><br \/>\n            <a href=\"https:\/\/actu.fr\/auteur\/benjamin-cohenroyer\" title=\"Consulter tous les articles de Benjamin Cohen Royer\" target=\"_blank\" rel=\"noopener\">Benjamin Cohen Royer<\/a><br \/>\n        <\/strong><\/p>\n<p>        Publi\u00e9 le<\/p>\n<p>            10 avr. 2025 \u00e0 6h10        <\/p>\n<p>Ce vendredi 11\u00a0avril, \u00e0 l\u2019occasion du deuxi\u00e8me week-end des vacances scolaires de printemps, <strong>la circulation va \u00eatre difficile \u00e0 <a href=\"https:\/\/actu.fr\/marseille\/\" target=\"_blank\" rel=\"noopener\">Marseille<\/a>.<\/strong><\/p>\n<p class=\" wall-content\">En effet, d\u00e8s le milieu d\u2019apr\u00e8s-midi, les axes autour la cit\u00e9 phoc\u00e9enne conna\u00eetront une affluence accrue,<strong> avec un pic de trafic pr\u00e9vu vers 17h<\/strong>, pr\u00e9vient Vinci autoroutes.<\/p>\n<p class=\" wall-content\">Il est donc conseill\u00e9 partir avant 14h pour \u00e9viter les encombrements.<\/p>\n<p class=\" wall-content\">Et pour le reste du week-end\u2009?<\/p>\n<p>Samedi 12\u00a0avril\u2009: flux soutenu vers les zones touristiques<\/p>\n<p class=\" wall-content\">En matin\u00e9e, les d\u00e9placements en direction des destinations pris\u00e9es, telles que la C\u00f4te d\u2019Azur et la Provence, seront nombreux.<\/p>\n<p>Vid\u00e9os : en ce moment sur Actu<\/p>\n<p class=\" wall-content\"><strong>Les autoroutes A7, A8 et A9 seront particuli\u00e8rement concern\u00e9es<\/strong>, avec des ralentissements attendus entre 10h et 14h. \u200b<\/p>\n<p>Dimanche 13\u00a0avril\u2009: retours anticip\u00e9s en fin d\u2019apr\u00e8s-midi<\/p>\n<p class=\" wall-content\">Les retours de week-end pourraient engendrer des congestions sur les principaux axes d\u00e8s 15h, <strong>notamment sur l\u2019A7 en direction de Lyon et l\u2019A9 vers Montpellier.<\/strong><\/p>\n<p class=\" wall-content\">Les usagers sont invit\u00e9s \u00e0 diff\u00e9rer leur d\u00e9part ou \u00e0 privil\u00e9gier des itin\u00e9raires alternatifs. \u200b<\/p>\n<p>Recommandations aux conducteurs<\/p>\n<p class=\" wall-content\">Planifiez votre trajet\u2009: consultez les pr\u00e9visions de trafic et <strong>adaptez vos horaires de d\u00e9part<\/strong> en cons\u00e9quence.\u200b<\/p>\n<p class=\" wall-content\">Restez inform\u00e9s en temps r\u00e9el\u2009: sur Radio VINCI Autoroutes (107.7 FM) pour des mises \u00e0 jour continues sur les conditions de circulation.\u200b<\/p>\n<p class=\" wall-content\"><strong>Pr\u00e9parez votre v\u00e9hicule<\/strong>\u2009: assurez-vous du bon \u00e9tat de votre voiture et emportez de l\u2019eau ainsi que des collations pour les \u00e9ventuels temps d\u2019attente.\u200b<\/p>\n<p class=\" wall-content\">En suivant ces conseils, vous contribuerez \u00e0 <strong>un voyage plus s\u00fbr et plus serein<\/strong> durant cette p\u00e9riode de forte affluence.<\/p>\n<p class=\" wall-content\">Suivez toute l\u2019actualit\u00e9 de vos villes et m\u00e9dias favoris en vous inscrivant \u00e0 <a href=\"https:\/\/moncompte.actu.fr\" title=\"D\u00e9couvez Mon Actu\" rel=\"nofollow noopener\" data-trk=\"{&quot;cta&quot;:{&quot;action&quot;:&quot;https:\\\/\\\/moncompte.actu.fr&quot;,&quot;category&quot;:&quot;mon compte&quot;,&quot;from&quot;:&quot;article footer&quot;,&quot;name&quot;:&quot;Mon actu&quot;,&quot;type&quot;:&quot;cta&quot;}}\" target=\"_blank\">Mon Actu<\/a>.<\/p>\n<ul class=\"ac-article-tag wall-content\">\n<li><a href=\"https:\/\/actu.fr\/tag\/autoroute-7-a7\" data-trk=\"{&quot;cta&quot;:{&quot;action&quot;:&quot;Autoroute 7 (A7)&quot;,&quot;category&quot;:&quot;tag&quot;,&quot;from&quot;:&quot;article footer&quot;,&quot;name&quot;:&quot;Autoroute 7 (A7)&quot;,&quot;type&quot;:&quot;cta&quot;}}\" target=\"_blank\" rel=\"noopener\">#Autoroute 7 (A7)<\/a><\/li>\n<li><a href=\"https:\/\/actu.fr\/tag\/info-trafic\" data-trk=\"{&quot;cta&quot;:{&quot;action&quot;:&quot;Info trafic&quot;,&quot;category&quot;:&quot;tag&quot;,&quot;from&quot;:&quot;article footer&quot;,&quot;name&quot;:&quot;Info trafic&quot;,&quot;type&quot;:&quot;cta&quot;}}\" target=\"_blank\" rel=\"noopener\">#Info trafic<\/a><\/li>\n<\/ul>\n","protected":false},"excerpt":{"rendered":"Par Benjamin Cohen Royer Publi\u00e9 le 10 avr. 2025 \u00e0 6h10 Ce vendredi 11\u00a0avril, \u00e0 l\u2019occasion du deuxi\u00e8me&hellip;\n","protected":false},"author":2,"featured_media":15235,"comment_status":"","ping_status":"","sticky":false,"template":"","format":"standard","meta":{"footnotes":""},"categories":[2814],"tags":[1111,11,6423,1777,674,1011,27,803,884,12,882,25,104],"class_list":{"0":"post-15234","1":"post","2":"type-post","3":"status-publish","4":"format-standard","5":"has-post-thumbnail","7":"category-marseille","8":"tag-actu","9":"tag-actualites","10":"tag-autoroute-7-a7","11":"tag-eu","12":"tag-europe","13":"tag-fr","14":"tag-france","15":"tag-info-trafic","16":"tag-marseille","17":"tag-news","18":"tag-provence-alpes-cote-dazur","19":"tag-republique-francaise","20":"tag-societe"},"share_on_mastodon":{"url":"https:\/\/pubeurope.com\/@fr\/114314277300223724","error":""},"_links":{"self":[{"href":"https:\/\/www.europesays.com\/fr\/wp-json\/wp\/v2\/posts\/15234","targetHints":{"allow":["GET"]}}],"collection":[{"href":"https:\/\/www.europesays.com\/fr\/wp-json\/wp\/v2\/posts"}],"about":[{"href":"https:\/\/www.europesays.com\/fr\/wp-json\/wp\/v2\/types\/post"}],"author":[{"embeddable":true,"href":"https:\/\/www.europesays.com\/fr\/wp-json\/wp\/v2\/users\/2"}],"replies":[{"embeddable":true,"href":"https:\/\/www.europesays.com\/fr\/wp-json\/wp\/v2\/comments?post=15234"}],"version-history":[{"count":0,"href":"https:\/\/www.europesays.com\/fr\/wp-json\/wp\/v2\/posts\/15234\/revisions"}],"wp:featuredmedia":[{"embeddable":true,"href":"https:\/\/www.europesays.com\/fr\/wp-json\/wp\/v2\/media\/15235"}],"wp:attachment":[{"href":"https:\/\/www.europesays.com\/fr\/wp-json\/wp\/v2\/media?parent=15234"}],"wp:term":[{"taxonomy":"category","embeddable":true,"href":"https:\/\/www.europesays.com\/fr\/wp-json\/wp\/v2\/categories?post=15234"},{"taxonomy":"post_tag","embeddable":true,"href":"https:\/\/www.europesays.com\/fr\/wp-json\/wp\/v2\/tags?post=15234"}],"curies":[{"name":"wp","href":"https:\/\/api.w.org\/{rel}","templated":true}]}}