{"id":152341,"date":"2025-06-04T21:12:08","date_gmt":"2025-06-04T21:12:08","guid":{"rendered":"https:\/\/www.europesays.com\/fr\/152341\/"},"modified":"2025-06-04T21:12:08","modified_gmt":"2025-06-04T21:12:08","slug":"a-chicago-des-petits-pas-qui-sauvent-des-vies-face-au-cancer","status":"publish","type":"post","link":"https:\/\/www.europesays.com\/fr\/152341\/","title":{"rendered":"\u00e0 Chicago, des petits pas qui sauvent des vies face au cancer"},"content":{"rendered":"<p><strong>R\u00c9CIT &#8211; <\/strong>Malgr\u00e9 la menace des coupes budg\u00e9taires pesant sur la recherche m\u00e9dicale am\u00e9ricaine, l\u2019\u00e9lite mondiale de l\u2019oncologie reste tr\u00e8s optimiste sur les progr\u00e8s r\u00e9cents r\u00e9alis\u00e9s contre les tumeurs.<\/p>\n<p class=\"fig-paragraph\">Le centre des congr\u00e8s McCormick Place, \u00e0 Chicago, a retrouv\u00e9 un peu de qui\u00e9tude. Les quelque 30.000\u00a0congressistes qui, depuis cinq jours, arpentaient les all\u00e9es de cet immense complexe, ont repris le chemin de leurs\u00a0<a href=\"https:\/\/www.lefigaro.fr\/sciences\/covid-19-au-centre-hospitalier-de-valenciennes-formation-acceleree-pour-les-soignants-20210208\" data-fig-type=\"Article\" data-gtm-custom-categorie=\"navigation\" data-gtm-custom-action=\"crossclick\" data-gtm-custom-label=\"Contextuel\" data-gtm-event=\"customEventSPE\" data-fig-domain=\"LEFIGARO\" target=\"_blank\" rel=\"noopener\">centres hospitaliers<\/a>\u00a0ou de leurs laboratoires. Le congr\u00e8s annuel de la Soci\u00e9t\u00e9 am\u00e9ricaine d\u2019oncologie clinique (Asco) a pris fin ce mardi 3\u00a0juin \u00e0 Chicago. C\u2019est toute une petite ville qui avait pris ses quartiers au bord du lac Michigan, avec ses stands de<a href=\"http:\/\/www.lefigaro.fr\/societes\/restaurant-ephemere-dark-kitchens-la-strategie-du-specialiste-du-poulet-frit-wingstop-pour-conquerir-le-marche-du-fast-food-francais-20240807\" data-fig-type=\"NewsFlash\" data-gtm-custom-categorie=\"navigation\" data-gtm-custom-action=\"crossclick\" data-gtm-custom-label=\"Contextuel\" data-gtm-event=\"customEventSPE\" data-fig-domain=\"LEFIGARO\" target=\"_blank\" rel=\"noopener\">\u00a0fast-food<\/a>\u00a0et son immense village partenaire. \u00ab\u00a0C\u2019est toujours paradoxal de voir, dans un congr\u00e8s sur le cancer, autant de junk-food\u2026\u00a0\u00bb, confie un participant, conscient du gigantisme de l\u2019\u00e9v\u00e9nement.<\/p>\n<p class=\"fig-paragraph\">Pendant cinq jours, les pr\u00e9sentations se sont succ\u00e9d\u00e9, annon\u00e7ant des r\u00e9sultats positifs, le plus souvent, et n\u00e9gatifs, quelquefois. L\u2019immunoth\u00e9rapie a encore occup\u00e9 une place centrale, trois des cinq pr\u00e9sentations mises en avant en session pl\u00e9ni\u00e8re y \u00e9tant consacr\u00e9es. \u00ab\u00a0On ma\u00eetrise de mieux en mieux ce type de traitement,\u2026<\/p>\n<p class=\"fig-premium-paywall__infos\">\n        Cet article est r\u00e9serv\u00e9 aux abonn\u00e9s.        Il vous reste 88% \u00e0 d\u00e9couvrir.\n    <\/p>\n<p>                <img  data- alt=\"Le Figaro\" class=\"fig-img--complete fig-img\"\/><\/p>\n<p class=\"fig-premium-paywall__title\">Vente Flash<\/p>\n<p class=\"fig-premium-paywall__subtitle\">4,99\u20ac par mois pendant 12 mois. Sans engagement.<\/p>\n<p class=\"fig-premium-paywall__connect\">\n                D\u00e9j\u00e0 abonn\u00e9\u00a0?                <a class=\"fig-premium-paywall__connect-link\" href=\"https:\/\/connect.lefigaro.fr\/login?client=sante_web&amp;type=main&amp;redirect_uri=https%3A%2F%2Fsante.lefigaro.fr%2Fmedecine%2Fon-maitrise-de-mieux-en-mieux-ce-type-de-traitement-a-chicago-des-petits-pas-qui-sauvent-des-vies-face-au-cancer-20250604\" data-js-gtm=\"{&quot;customCategorie&quot;: &quot;conversion&quot;, &quot;customAction&quot;: &quot;before_Landing_Connexion_paywall_auto&quot;, &quot;customLabel&quot;: &quot;c2FudGUubGVmaWdhcm8uZnJfXzFmMDQwYjcwLTI3NDUtNmJkYS05NjQ0LTliNzQwOTc0YzBmMF9fQXJ0aWNsZQ==_\u00abOn ma\u00eetrise de mieux en mieux ce type de traitement\u00bb\u00a0: \u00e0 Chicago, des petits pas qui sauvent des vies face au cancer_323&quot;, &quot;customIDSPE&quot;: &quot;c2FudGUubGVmaWdhcm8uZnJfXzFmMDQwYjcwLTI3NDUtNmJkYS05NjQ0LTliNzQwOTc0YzBmMF9fQXJ0aWNsZQ==&quot;, &quot;event&quot;: &quot;customEventSPE&quot;}\" target=\"_blank\" rel=\"noopener\"><br \/>\n                    Connectez-vous<br \/>\n                <\/a>\n            <\/p>\n","protected":false},"excerpt":{"rendered":"R\u00c9CIT &#8211; Malgr\u00e9 la menace des coupes budg\u00e9taires pesant sur la recherche m\u00e9dicale am\u00e9ricaine, l\u2019\u00e9lite mondiale de l\u2019oncologie&hellip;\n","protected":false},"author":2,"featured_media":152342,"comment_status":"","ping_status":"","sticky":false,"template":"","format":"standard","meta":{"footnotes":""},"categories":[10],"tags":[237,101,232,231,234,228,1011,27,72,239,230,238,226,224,225,233,229,236,235,71,227],"class_list":{"0":"post-152341","1":"post","2":"type-post","3":"status-publish","4":"format-standard","5":"has-post-thumbnail","7":"category-sante","8":"tag-actualite-sur-les-maladies","9":"tag-cancer","10":"tag-cardiologie","11":"tag-cerveau","12":"tag-diabete","13":"tag-diagnostic","14":"tag-fr","15":"tag-france","16":"tag-health","17":"tag-info-sur-les-maladies","18":"tag-infographie","19":"tag-information-sur-les-maladies","20":"tag-maladie","21":"tag-medecine","22":"tag-medicament","23":"tag-obesite","24":"tag-pathologie","25":"tag-pediatrie","26":"tag-psychiatrie","27":"tag-sante","28":"tag-traitement"},"share_on_mastodon":{"url":"https:\/\/pubeurope.com\/@fr\/114627159242031148","error":""},"_links":{"self":[{"href":"https:\/\/www.europesays.com\/fr\/wp-json\/wp\/v2\/posts\/152341","targetHints":{"allow":["GET"]}}],"collection":[{"href":"https:\/\/www.europesays.com\/fr\/wp-json\/wp\/v2\/posts"}],"about":[{"href":"https:\/\/www.europesays.com\/fr\/wp-json\/wp\/v2\/types\/post"}],"author":[{"embeddable":true,"href":"https:\/\/www.europesays.com\/fr\/wp-json\/wp\/v2\/users\/2"}],"replies":[{"embeddable":true,"href":"https:\/\/www.europesays.com\/fr\/wp-json\/wp\/v2\/comments?post=152341"}],"version-history":[{"count":0,"href":"https:\/\/www.europesays.com\/fr\/wp-json\/wp\/v2\/posts\/152341\/revisions"}],"wp:featuredmedia":[{"embeddable":true,"href":"https:\/\/www.europesays.com\/fr\/wp-json\/wp\/v2\/media\/152342"}],"wp:attachment":[{"href":"https:\/\/www.europesays.com\/fr\/wp-json\/wp\/v2\/media?parent=152341"}],"wp:term":[{"taxonomy":"category","embeddable":true,"href":"https:\/\/www.europesays.com\/fr\/wp-json\/wp\/v2\/categories?post=152341"},{"taxonomy":"post_tag","embeddable":true,"href":"https:\/\/www.europesays.com\/fr\/wp-json\/wp\/v2\/tags?post=152341"}],"curies":[{"name":"wp","href":"https:\/\/api.w.org\/{rel}","templated":true}]}}