{"id":152344,"date":"2025-06-04T21:14:08","date_gmt":"2025-06-04T21:14:08","guid":{"rendered":"https:\/\/www.europesays.com\/fr\/152344\/"},"modified":"2025-06-04T21:14:08","modified_gmt":"2025-06-04T21:14:08","slug":"une-petite-baisse-de-regime-pour-ces-4-signes-astro-ce-jeudi-5-juin","status":"publish","type":"post","link":"https:\/\/www.europesays.com\/fr\/152344\/","title":{"rendered":"une petite baisse de r\u00e9gime pour ces 4 signes astro ce jeudi 5 juin"},"content":{"rendered":"<p>Amour, sant\u00e9, travail\u2026 Que vous r\u00e9servent les astres pour\u00a0la journ\u00e9e du 5 juin\u00a0? D\u00e9couvrez votre horoscope.<\/p>\n<p>B\u00e9lier<\/p>\n<p class=\"fig-paragraph\">Une petite baisse de r\u00e9gime est \u00e0 pr\u00e9voir. Si vous vous sentez faible, vid\u00e9 de votre \u00e9nergie, n\u2019h\u00e9sitez pas \u00e0 prendre des compl\u00e9ments alimentaires. Ils seront vos alli\u00e9s pour surmonter cette p\u00e9riode un peu difficile. Ne vous inqui\u00e9tez pas, cela ne devrait pas durer. Pr\u00eatez attention \u00e0 votre temps de sommeil, ne faites pas d\u2019efforts inutiles et gardez une alimentation saine et vari\u00e9e. Tout devrait rentrer dans l\u2019ordre\u00a0!<\/p>\n<p class=\"fig-body-cta-link\" data-module=\"fig-cta-link\" data-context=\"was @visible\">\n    <a class=\"fig-body-cta-link__link\" href=\"https:\/\/madame.lefigaro.fr\/astro\/horoscope\/lendemain\/belier\" target=\"_self\" rel=\"follow noopener\" data-js-gtm=\"{&quot;event&quot;:&quot;customEventGA4&quot;,&quot;eventName&quot;:&quot;click_navigation&quot;,&quot;button_action&quot;:&quot;crossclick&quot;,&quot;feature&quot;:&quot;Contextuel_bouton&quot;,&quot;feature_details&quot;:&quot;LIRE L\\u2019HOROSCOPE DU BELIER&quot;,&quot;link_url&quot;:&quot;https:\\\/\\\/madame.lefigaro.fr\\\/astro\\\/horoscope\\\/lendemain\\\/belier&quot;}\"><br \/>\n                LIRE L\u2019HOROSCOPE DU BELIER<br \/>\n    <\/a>\n<\/p>\n<p>Taureau<\/p>\n<p class=\"fig-paragraph\">Aujourd\u2019hui, vous ressentez le besoin de vous recentrer et de vous reconnecter avec vous-m\u00eame. Prenez du temps pour m\u00e9diter et pratiquer la pleine conscience. Cela vous aidera \u00e0 calmer votre esprit, \u00e0 r\u00e9duire le stress et \u00e0 vous connecter avec votre \u00eatre int\u00e9rieur. Passez du temps en plein air, que ce soit dans un parc, en for\u00eat ou pr\u00e8s de l\u2019eau. La nature a un pouvoir apaisant et peut vous aider \u00e0 vous recentrer sur\u00a0votre essence.<\/p>\n<p class=\"fig-body-cta-link\" data-module=\"fig-cta-link\" data-context=\"was @visible\">\n    <a class=\"fig-body-cta-link__link\" href=\"https:\/\/madame.lefigaro.fr\/astro\/horoscope\/lendemain\/taureau\" target=\"_self\" rel=\"follow noopener\" data-js-gtm=\"{&quot;event&quot;:&quot;customEventGA4&quot;,&quot;eventName&quot;:&quot;click_navigation&quot;,&quot;button_action&quot;:&quot;crossclick&quot;,&quot;feature&quot;:&quot;Contextuel_bouton&quot;,&quot;feature_details&quot;:&quot;LIRE L\\u2019HOROSCOPE DU TAUREAU&quot;,&quot;link_url&quot;:&quot;https:\\\/\\\/madame.lefigaro.fr\\\/astro\\\/horoscope\\\/lendemain\\\/taureau&quot;}\"><br \/>\n                LIRE L\u2019HOROSCOPE DU TAUREAU<br \/>\n    <\/a>\n<\/p>\n<p>Cancer<\/p>\n<p class=\"fig-paragraph\">Probable fatigue passag\u00e8re. Pas d\u2019inqui\u00e9tude, le rythme soutenu des journ\u00e9es pr\u00e9c\u00e9dentes a absorb\u00e9 votre vitalit\u00e9, mais vous devriez la retrouver tr\u00e8s vite. Attention toutefois au moral qui pourrait vous tirer vers le bas si vous n\u2019y faites pas attention. Un bon moral est indispensable \u00e0 l\u2019\u00e9nergie corporelle. Alors, ne laissez pas les petits tracas du quotidien avoir raison de vous et pensez \u00e0 faire un peu d\u2019exercice.<\/p>\n<p class=\"fig-body-cta-link\" data-module=\"fig-cta-link\" data-context=\"was @visible\">\n    <a class=\"fig-body-cta-link__link\" href=\"https:\/\/madame.lefigaro.fr\/astro\/horoscope\/lendemain\/cancer\" target=\"_self\" rel=\"follow noopener\" data-js-gtm=\"{&quot;event&quot;:&quot;customEventGA4&quot;,&quot;eventName&quot;:&quot;click_navigation&quot;,&quot;button_action&quot;:&quot;crossclick&quot;,&quot;feature&quot;:&quot;Contextuel_bouton&quot;,&quot;feature_details&quot;:&quot;LIRE L&#039;HOROSCOPE DU CANCER&quot;,&quot;link_url&quot;:&quot;https:\\\/\\\/madame.lefigaro.fr\\\/astro\\\/horoscope\\\/lendemain\\\/cancer&quot;}\"><br \/>\n                LIRE L&rsquo;HOROSCOPE DU CANCER<br \/>\n    <\/a>\n<\/p>\n<p>Sagittaire<\/p>\n<p class=\"fig-paragraph\">Loin de votre dynamisme habituel, vous vous sentez faible aujourd\u2019hui. Les difficult\u00e9s rencontr\u00e9es vous paraissent des montagnes infranchissables et vous sombrez dans le d\u00e9couragement. M\u00eame si vous avez envie de rester seul, faites l\u2019effort de confier vos soucis \u00e0 une personne de confiance. Ce peut \u00eatre un conjoint, un ami ou un professionnel de sant\u00e9\u2026 dans tous les cas, vous vous sentirez \u00e9cout\u00e9 et pourrez repartir sur de bonnes bases.<\/p>\n<p class=\"fig-body-cta-link\" data-module=\"fig-cta-link\" data-context=\"was @visible\">\n    <a class=\"fig-body-cta-link__link\" href=\"https:\/\/madame.lefigaro.fr\/astro\/horoscope\/lendemain\/sagittaire\" target=\"_self\" rel=\"follow noopener\" data-js-gtm=\"{&quot;event&quot;:&quot;customEventGA4&quot;,&quot;eventName&quot;:&quot;click_navigation&quot;,&quot;button_action&quot;:&quot;crossclick&quot;,&quot;feature&quot;:&quot;Contextuel_bouton&quot;,&quot;feature_details&quot;:&quot;LIRE L&#039;HOROSCOPE DU SAGITTAIRE&quot;,&quot;link_url&quot;:&quot;https:\\\/\\\/madame.lefigaro.fr\\\/astro\\\/horoscope\\\/lendemain\\\/sagittaire&quot;}\"><br \/>\n                LIRE L&rsquo;HOROSCOPE DU SAGITTAIRE<br \/>\n    <\/a>\n<\/p>\n<p class=\"fig-body-cta-link\" data-module=\"fig-cta-link\" data-context=\"was @visible\">\n    <a class=\"fig-body-cta-link__link\" href=\"https:\/\/madame.lefigaro.fr\/astro\/dossier\/horoscope-de-demain\" target=\"_self\" rel=\"follow noopener\" data-js-gtm=\"{&quot;event&quot;:&quot;customEventGA4&quot;,&quot;eventName&quot;:&quot;click_navigation&quot;,&quot;button_action&quot;:&quot;crossclick&quot;,&quot;feature&quot;:&quot;Contextuel_bouton&quot;,&quot;feature_details&quot;:&quot;RETROUVEZ TOUS LES HOROSCOPES DE DEMAIN&quot;,&quot;link_url&quot;:&quot;https:\\\/\\\/madame.lefigaro.fr\\\/astro\\\/dossier\\\/horoscope-de-demain&quot;}\"><br \/>\n                RETROUVEZ TOUS LES HOROSCOPES DE DEMAIN<br \/>\n    <\/a><\/p>\n","protected":false},"excerpt":{"rendered":"Amour, sant\u00e9, travail\u2026 Que vous r\u00e9servent les astres pour\u00a0la journ\u00e9e du 5 juin\u00a0? D\u00e9couvrez votre horoscope. B\u00e9lier Une&hellip;\n","protected":false},"author":2,"featured_media":152345,"comment_status":"","ping_status":"","sticky":false,"template":"","format":"standard","meta":{"footnotes":""},"categories":[8],"tags":[167,158,156,159,163,166,58,59,1011,27,157,168,173,160,170,169,171,172,161,162,164,165],"class_list":{"0":"post-152344","1":"post","2":"type-post","3":"status-publish","4":"format-standard","5":"has-post-thumbnail","7":"category-divertissement","8":"tag-ascendants","9":"tag-astro","10":"tag-astrologie","11":"tag-astrologie-chinoise","12":"tag-chiffre-de-destinee","13":"tag-compatibilite-amoureuse","14":"tag-divertissement","15":"tag-entertainment","16":"tag-fr","17":"tag-france","18":"tag-horoscope","19":"tag-horoscope-amoureux","20":"tag-horoscope-annuel","21":"tag-horoscope-chinois","22":"tag-horoscope-de-la-semaine","23":"tag-horoscope-du-jour","24":"tag-horoscope-du-mois","25":"tag-horoscope-trimestriel","26":"tag-numerologie","27":"tag-numeroscopie","28":"tag-tarot","29":"tag-yi-king"},"share_on_mastodon":{"url":"https:\/\/pubeurope.com\/@fr\/114627167200573669","error":""},"_links":{"self":[{"href":"https:\/\/www.europesays.com\/fr\/wp-json\/wp\/v2\/posts\/152344","targetHints":{"allow":["GET"]}}],"collection":[{"href":"https:\/\/www.europesays.com\/fr\/wp-json\/wp\/v2\/posts"}],"about":[{"href":"https:\/\/www.europesays.com\/fr\/wp-json\/wp\/v2\/types\/post"}],"author":[{"embeddable":true,"href":"https:\/\/www.europesays.com\/fr\/wp-json\/wp\/v2\/users\/2"}],"replies":[{"embeddable":true,"href":"https:\/\/www.europesays.com\/fr\/wp-json\/wp\/v2\/comments?post=152344"}],"version-history":[{"count":0,"href":"https:\/\/www.europesays.com\/fr\/wp-json\/wp\/v2\/posts\/152344\/revisions"}],"wp:featuredmedia":[{"embeddable":true,"href":"https:\/\/www.europesays.com\/fr\/wp-json\/wp\/v2\/media\/152345"}],"wp:attachment":[{"href":"https:\/\/www.europesays.com\/fr\/wp-json\/wp\/v2\/media?parent=152344"}],"wp:term":[{"taxonomy":"category","embeddable":true,"href":"https:\/\/www.europesays.com\/fr\/wp-json\/wp\/v2\/categories?post=152344"},{"taxonomy":"post_tag","embeddable":true,"href":"https:\/\/www.europesays.com\/fr\/wp-json\/wp\/v2\/tags?post=152344"}],"curies":[{"name":"wp","href":"https:\/\/api.w.org\/{rel}","templated":true}]}}