{"id":15236,"date":"2025-04-10T15:03:17","date_gmt":"2025-04-10T15:03:17","guid":{"rendered":"https:\/\/www.europesays.com\/fr\/15236\/"},"modified":"2025-04-10T15:03:17","modified_gmt":"2025-04-10T15:03:17","slug":"marseille-ce-terrain-de-petanque-emblematique-se-prepare-a-accueillir-la-coupe-de-france","status":"publish","type":"post","link":"https:\/\/www.europesays.com\/fr\/15236\/","title":{"rendered":"Marseille. Ce terrain de p\u00e9tanque embl\u00e9matique se pr\u00e9pare \u00e0 accueillir la Coupe de France"},"content":{"rendered":"<p>            Par<br \/>\n        <strong><br \/>\n            <a href=\"https:\/\/actu.fr\/auteur\/benjamin-cohenroyer\" title=\"Consulter tous les articles de Benjamin Cohen Royer\" rel=\"nofollow noopener\" target=\"_blank\">Benjamin Cohen Royer<\/a><br \/>\n        <\/strong><\/p>\n<p>        Publi\u00e9 le<\/p>\n<p>            10 avr. 2025 \u00e0 6h20        <\/p>\n<p>Le terrain de p\u00e9tanque de Carli, situ\u00e9 dans le centre de <a href=\"https:\/\/actu.fr\/marseille\/\" rel=\"nofollow noopener\" target=\"_blank\">Marseille (1er)<\/a>, a \u00e9t\u00e9 enti\u00e8rement r\u00e9am\u00e9nag\u00e9 pour accueillir ce dimanche 13\u00a0avril, <strong>la premi\u00e8re phase de la Coupe de France<\/strong>.<\/p>\n<p class=\" wall-content\">Un tournant pour ce lieu populaire, qui ambitionne d\u00e9sormais un virage plus sportif.<\/p>\n<p>Un terrain enfin aux normes<\/p>\n<p class=\" wall-content\">Jusqu\u2019ici, le terrain de Carli ne permettait pas d\u2019accueillir de comp\u00e9titions officielles\u2009: <strong>les longueurs ne respectaient pas les standards<\/strong>. \u00ab\u2009Les terrains faisaient seulement 10\u00a0m\u00e8tres, il fallait au moins 12\u00a0m\u00e8tres\u2009\u00bb, explique Vincent Cataldo, le pr\u00e9sident de l\u2019association La Boule Carli.<\/p>\n<p class=\" wall-content\">En effet, en retirant un tron\u00e7on, <strong>le site est d\u00e9sormais aux normes.<\/strong><\/p>\n<p>Une comp\u00e9tition officielle<\/p>\n<p class=\" wall-content\">Ce r\u00e9am\u00e9nagement permet ainsi d\u2019accueillir <a href=\"https:\/\/www.comitebouliste13.fr\/copie-de-comp%C3%A9titions\" rel=\"nofollow noopener\" target=\"_blank\">la premi\u00e8re phase de la Coupe de France<\/a> de p\u00e9tanque, contre l\u2019\u00e9quipe d\u2019Aubagne (La Boule harmonieuse).<\/p>\n<p>Vid\u00e9os : en ce moment sur Actu<\/p>\n<p class=\" wall-content\">Sur le terrain\u2009: <strong>six joueurs, deux rempla\u00e7ants, un capitaine et un arbitre officiel d\u00e9sign\u00e9 par le comit\u00e9.<\/strong><\/p>\n<p>      <img   decoding=\"async\" loading=\"lazy\" src=\"https:\/\/www.europesays.com\/fr\/wp-content\/uploads\/2025\/04\/img-1309-960x640.jpg\" alt=\"Le club a pour ambition d'attirer de nouveaux joueurs et cr\u00e9er une dynamique plus sportive. \" width=\"960\" height=\"640\"\/><br \/>\n    Le club a pour ambition d\u2019attirer de nouveaux joueurs et cr\u00e9er une dynamique plus sportive. (\u00a9Benjamin Cohen Royer \/ actu Marseille)Carli veut changer d\u2019image<\/p>\n<p class=\" wall-content\">Pour le pr\u00e9sident, ce tournoi marque un tournant\u2009:<\/p>\n<blockquote class=\"ac-article-quote wall-content\">\n<p>Je suis content, parce que \u00e7a fait conna\u00eetre Carli autrement.<\/p>\n<p>    <strong>Vincent Cataldo<\/strong>\n            <\/p><\/blockquote>\n<p class=\" wall-content\">L\u2019objectif est clair\u2009: professionnaliser l\u2019ambiance. Entra\u00eeneur, entra\u00eenements r\u00e9guliers, comp\u00e9titions\u2026 <strong>Le club veut attirer de nouveaux joueurs, et monter en niveau.<\/strong><\/p>\n<p class=\" wall-content\">\u00ab\u2009Aujourd\u2019hui, c\u2019est encore \u00e0 la bonne franquette, mais j\u2019ai envie que \u00e7a devienne un vrai club. On va organiser un autre concours le 1er\u00a0mai, avec barbecue pas cher et des lots \u00e0 gagner.\u2009\u00bb<\/p>\n<p>Une dynamique lanc\u00e9e<\/p>\n<p class=\" wall-content\">D\u2019autres rendez-vous sont d\u00e9j\u00e0 pr\u00e9vus\u2009:<strong> la Coupe de Provence, masculine et f\u00e9minine, sera \u00e9galement lanc\u00e9e \u00e0 Carli le dimanche 27\u00a0avril.<\/strong> \u00ab\u2009Les filles ont la gagne, chose que les mecs n\u2019ont pas forc\u00e9ment\u2009\u00bb, glisse le pr\u00e9sident.<\/p>\n<p class=\" wall-content\">Avec ces comp\u00e9titions, <strong>Carli esp\u00e8re initier une nouvelle \u00e8re<\/strong>. Plus sportive, plus structur\u00e9e, mais toujours aussi conviviale.<\/p>\n<p class=\" wall-content\">Suivez toute l\u2019actualit\u00e9 de vos villes et m\u00e9dias favoris en vous inscrivant \u00e0 <a href=\"https:\/\/moncompte.actu.fr\" title=\"D\u00e9couvez Mon Actu\" rel=\"nofollow noopener\" data-trk=\"{&quot;cta&quot;:{&quot;action&quot;:&quot;https:\\\/\\\/moncompte.actu.fr&quot;,&quot;category&quot;:&quot;mon compte&quot;,&quot;from&quot;:&quot;article footer&quot;,&quot;name&quot;:&quot;Mon actu&quot;,&quot;type&quot;:&quot;cta&quot;}}\" target=\"_blank\">Mon Actu<\/a>.<\/p>\n","protected":false},"excerpt":{"rendered":"Par Benjamin Cohen Royer Publi\u00e9 le 10 avr. 2025 \u00e0 6h20 Le terrain de p\u00e9tanque de Carli, situ\u00e9&hellip;\n","protected":false},"author":2,"featured_media":15237,"comment_status":"","ping_status":"","sticky":false,"template":"","format":"standard","meta":{"footnotes":""},"categories":[2814],"tags":[1111,11,6424,1777,674,1011,27,884,12,6425,6426,882,25,104],"class_list":{"0":"post-15236","1":"post","2":"type-post","3":"status-publish","4":"format-standard","5":"has-post-thumbnail","7":"category-marseille","8":"tag-actu","9":"tag-actualites","10":"tag-cours-julien","11":"tag-eu","12":"tag-europe","13":"tag-fr","14":"tag-france","15":"tag-marseille","16":"tag-news","17":"tag-noailles","18":"tag-petanque","19":"tag-provence-alpes-cote-dazur","20":"tag-republique-francaise","21":"tag-societe"},"share_on_mastodon":{"url":"https:\/\/pubeurope.com\/@fr\/114314281119442652","error":""},"_links":{"self":[{"href":"https:\/\/www.europesays.com\/fr\/wp-json\/wp\/v2\/posts\/15236","targetHints":{"allow":["GET"]}}],"collection":[{"href":"https:\/\/www.europesays.com\/fr\/wp-json\/wp\/v2\/posts"}],"about":[{"href":"https:\/\/www.europesays.com\/fr\/wp-json\/wp\/v2\/types\/post"}],"author":[{"embeddable":true,"href":"https:\/\/www.europesays.com\/fr\/wp-json\/wp\/v2\/users\/2"}],"replies":[{"embeddable":true,"href":"https:\/\/www.europesays.com\/fr\/wp-json\/wp\/v2\/comments?post=15236"}],"version-history":[{"count":0,"href":"https:\/\/www.europesays.com\/fr\/wp-json\/wp\/v2\/posts\/15236\/revisions"}],"wp:featuredmedia":[{"embeddable":true,"href":"https:\/\/www.europesays.com\/fr\/wp-json\/wp\/v2\/media\/15237"}],"wp:attachment":[{"href":"https:\/\/www.europesays.com\/fr\/wp-json\/wp\/v2\/media?parent=15236"}],"wp:term":[{"taxonomy":"category","embeddable":true,"href":"https:\/\/www.europesays.com\/fr\/wp-json\/wp\/v2\/categories?post=15236"},{"taxonomy":"post_tag","embeddable":true,"href":"https:\/\/www.europesays.com\/fr\/wp-json\/wp\/v2\/tags?post=15236"}],"curies":[{"name":"wp","href":"https:\/\/api.w.org\/{rel}","templated":true}]}}