{"id":152360,"date":"2025-06-04T21:22:32","date_gmt":"2025-06-04T21:22:32","guid":{"rendered":"https:\/\/www.europesays.com\/fr\/152360\/"},"modified":"2025-06-04T21:22:32","modified_gmt":"2025-06-04T21:22:32","slug":"immobilier-villers-les-nancy-dans-le-top-10-des-villes-de-france-ou-il-fait-bon-acheter-son-premier-logement","status":"publish","type":"post","link":"https:\/\/www.europesays.com\/fr\/152360\/","title":{"rendered":"Immobilier. Villers-l\u00e8s-Nancy dans le top 10 des villes de France o\u00f9 il fait bon acheter son premier logement"},"content":{"rendered":"<p class=\"insetTitle\">Comment est fait le classement ?<\/p>\n<p>La r\u00e9daction du Figaro a r\u00e9uni <strong>50 indicateurs en 11 cat\u00e9gories,<\/strong> chacune avec des coefficients diff\u00e9rents pour repr\u00e9senter au mieux le profil-type du primo-acc\u00e9dant.<\/p>\n<p>Sur chaque th\u00e9matique, un score de 0 \u00e0 100 est donn\u00e9. La note g\u00e9n\u00e9rale est obtenue en \u00e9tablissant <strong>une moyenne pond\u00e9r\u00e9e.<\/strong><\/p>\n<p>Les th\u00e9matiques, suivant leur importance, sont : le dynamisme de l\u2019emploi (coefficient 5), l&rsquo;accessibilit\u00e9 financi\u00e8re (4), la couverture num\u00e9rique (3), les infrastructures d\u2019\u00e9ducation et culturelles (2), la s\u00e9curit\u00e9 (2), l&rsquo;environnement (1), l&rsquo;engagement \u00e9cologique (1), la stabilit\u00e9 financi\u00e8re municipale (1), les services de soins (1), les infrastructures sportives (1) et enfin la mixit\u00e9 sociale (1).<\/p>\n","protected":false},"excerpt":{"rendered":"Comment est fait le classement ? La r\u00e9daction du Figaro a r\u00e9uni 50 indicateurs en 11 cat\u00e9gories, chacune&hellip;\n","protected":false},"author":2,"featured_media":152361,"comment_status":"","ping_status":"","sticky":false,"template":"","format":"standard","meta":{"footnotes":""},"categories":[9635],"tags":[1111,11,33,3602,1707,1704,1706,1705,10174,1777,674,107,1011,27,775,1116,3455,3457,1702,12,3456,25,273,104,10261],"class_list":{"0":"post-152360","1":"post","2":"type-post","3":"status-publish","4":"format-standard","5":"has-post-thumbnail","7":"category-nancy","8":"tag-actu","9":"tag-actualites","10":"tag-economie","11":"tag-edition-bar-le-duc","12":"tag-edition-luneville","13":"tag-edition-nancy-et-agglomeration","14":"tag-edition-pont-a-mousson","15":"tag-edition-toul","16":"tag-edition-verdun","17":"tag-eu","18":"tag-europe","19":"tag-fil-info","20":"tag-fr","21":"tag-france","22":"tag-grand-est","23":"tag-immobilier","24":"tag-magazine-immobilier","25":"tag-meurthe-et-moselle","26":"tag-nancy","27":"tag-news","28":"tag-region-lorraine","29":"tag-republique-francaise","30":"tag-selection-de-la-redaction","31":"tag-societe","32":"tag-villers-les-nancy"},"share_on_mastodon":{"url":"https:\/\/pubeurope.com\/@fr\/114627198533284813","error":""},"_links":{"self":[{"href":"https:\/\/www.europesays.com\/fr\/wp-json\/wp\/v2\/posts\/152360","targetHints":{"allow":["GET"]}}],"collection":[{"href":"https:\/\/www.europesays.com\/fr\/wp-json\/wp\/v2\/posts"}],"about":[{"href":"https:\/\/www.europesays.com\/fr\/wp-json\/wp\/v2\/types\/post"}],"author":[{"embeddable":true,"href":"https:\/\/www.europesays.com\/fr\/wp-json\/wp\/v2\/users\/2"}],"replies":[{"embeddable":true,"href":"https:\/\/www.europesays.com\/fr\/wp-json\/wp\/v2\/comments?post=152360"}],"version-history":[{"count":0,"href":"https:\/\/www.europesays.com\/fr\/wp-json\/wp\/v2\/posts\/152360\/revisions"}],"wp:featuredmedia":[{"embeddable":true,"href":"https:\/\/www.europesays.com\/fr\/wp-json\/wp\/v2\/media\/152361"}],"wp:attachment":[{"href":"https:\/\/www.europesays.com\/fr\/wp-json\/wp\/v2\/media?parent=152360"}],"wp:term":[{"taxonomy":"category","embeddable":true,"href":"https:\/\/www.europesays.com\/fr\/wp-json\/wp\/v2\/categories?post=152360"},{"taxonomy":"post_tag","embeddable":true,"href":"https:\/\/www.europesays.com\/fr\/wp-json\/wp\/v2\/tags?post=152360"}],"curies":[{"name":"wp","href":"https:\/\/api.w.org\/{rel}","templated":true}]}}