{"id":152362,"date":"2025-06-04T21:23:42","date_gmt":"2025-06-04T21:23:42","guid":{"rendered":"https:\/\/www.europesays.com\/fr\/152362\/"},"modified":"2025-06-04T21:23:42","modified_gmt":"2025-06-04T21:23:42","slug":"spectacle-de-marionnettes-noir-ou-blanc-au-lem","status":"publish","type":"post","link":"https:\/\/www.europesays.com\/fr\/152362\/","title":{"rendered":"Spectacle de marionnettes Noir ou blanc au LEM"},"content":{"rendered":"<p>La Cie Papierth\u00e9\u00e2tre pr\u00e9sentera son spectacle de marionnettes Noir ou blanc pour enfants \u00e0 partir de 7 ans. La derni\u00e8re promenade initiatique d\u2019un grand-p\u00e8re avec l\u2019enfant de sa fille, en th\u00e9\u00e2tre de papier. La poursuite d\u2019un cheval en libert\u00e9, aper\u00e7u de temps \u00e0 autre, les am\u00e8ne \u00e0 rencontrer des personnages domin\u00e9s par diff\u00e9rents traits de caract\u00e8re \u00ab\u00a0\u00e0 fuir\u00a0\u00bb\u00a0: la peur des autres, le mensonge permanent, le go\u00fbt de l\u2019accumulation, le refus de la r\u00e9flexion\u2026 Un univers graphique particulier, une histoire non d\u00e9nu\u00e9e d\u2019humour.<\/p>\n<p class=\"note\">Jeudi 5\u00a0juin, \u00e0 18\u00a0h\u00a030, au LEM, 11, Grande-Rue, \u00e0 Nancy. Participation libre. T\u00e9l.\u00a003\u00a083\u00a035\u00a035\u00a014. R\u00e9servation sur www.billetweb.fr\/noir-ou-blanc-cie-papiertheatre<\/p>\n","protected":false},"excerpt":{"rendered":"La Cie Papierth\u00e9\u00e2tre pr\u00e9sentera son spectacle de marionnettes Noir ou blanc pour enfants \u00e0 partir de 7 ans.&hellip;\n","protected":false},"author":2,"featured_media":152363,"comment_status":"","ping_status":"","sticky":false,"template":"","format":"standard","meta":{"footnotes":""},"categories":[9635],"tags":[1111,11,1687,1704,1777,674,1011,27,775,1702,1703,12,25,3140],"class_list":{"0":"post-152362","1":"post","2":"type-post","3":"status-publish","4":"format-standard","5":"has-post-thumbnail","7":"category-nancy","8":"tag-actu","9":"tag-actualites","10":"tag-culture-loisirs","11":"tag-edition-nancy-et-agglomeration","12":"tag-eu","13":"tag-europe","14":"tag-fr","15":"tag-france","16":"tag-grand-est","17":"tag-nancy","18":"tag-nancy-ville-54b","19":"tag-news","20":"tag-republique-francaise","21":"tag-spectacle"},"share_on_mastodon":{"url":"https:\/\/pubeurope.com\/@fr\/114627202594437808","error":""},"_links":{"self":[{"href":"https:\/\/www.europesays.com\/fr\/wp-json\/wp\/v2\/posts\/152362","targetHints":{"allow":["GET"]}}],"collection":[{"href":"https:\/\/www.europesays.com\/fr\/wp-json\/wp\/v2\/posts"}],"about":[{"href":"https:\/\/www.europesays.com\/fr\/wp-json\/wp\/v2\/types\/post"}],"author":[{"embeddable":true,"href":"https:\/\/www.europesays.com\/fr\/wp-json\/wp\/v2\/users\/2"}],"replies":[{"embeddable":true,"href":"https:\/\/www.europesays.com\/fr\/wp-json\/wp\/v2\/comments?post=152362"}],"version-history":[{"count":0,"href":"https:\/\/www.europesays.com\/fr\/wp-json\/wp\/v2\/posts\/152362\/revisions"}],"wp:featuredmedia":[{"embeddable":true,"href":"https:\/\/www.europesays.com\/fr\/wp-json\/wp\/v2\/media\/152363"}],"wp:attachment":[{"href":"https:\/\/www.europesays.com\/fr\/wp-json\/wp\/v2\/media?parent=152362"}],"wp:term":[{"taxonomy":"category","embeddable":true,"href":"https:\/\/www.europesays.com\/fr\/wp-json\/wp\/v2\/categories?post=152362"},{"taxonomy":"post_tag","embeddable":true,"href":"https:\/\/www.europesays.com\/fr\/wp-json\/wp\/v2\/tags?post=152362"}],"curies":[{"name":"wp","href":"https:\/\/api.w.org\/{rel}","templated":true}]}}