{"id":152365,"date":"2025-06-04T21:25:10","date_gmt":"2025-06-04T21:25:10","guid":{"rendered":"https:\/\/www.europesays.com\/fr\/152365\/"},"modified":"2025-06-04T21:25:10","modified_gmt":"2025-06-04T21:25:10","slug":"division-1-feminine-victorieuse-a-toulon-la-jda-dijon-croit-plus-que-jamais-au-podium","status":"publish","type":"post","link":"https:\/\/www.europesays.com\/fr\/152365\/","title":{"rendered":"Division 1 f\u00e9minine . Victorieuse \u00e0 Toulon, la JDA Dijon croit plus que jamais au podium"},"content":{"rendered":"<p>Toulon &#8211; JDA Dijon<\/p>\n<p>27-31<\/p>\n<p>Un mois jour pour jour apr\u00e8s <a href=\"https:\/\/www.bienpublic.com\/sport\/2025\/05\/04\/la-jda-dijon-chasse-la-medaille-contre-blomberg-lippe\" target=\"_blank\" rel=\"noopener\">la m\u00e9daille de bronze en Ligue europ\u00e9enne<\/a>, la JDA s\u2019est impos\u00e9e dans le Var (27-31). Collectivement sup\u00e9rieures, les Dijonnaises ont fait respecter la hi\u00e9rarchie en remportant un match crucial dans la course au podium. Il en reste un, \u00e0 domicile contre Strasbourg ATH, dimanche, <a href=\"https:\/\/www.bienpublic.com\/sport\/classement\/handball\/national-ligue-feminine\" target=\"_blank\" rel=\"noopener\">pour aller chercher la 3e\u00a0 place<\/a>, en cas de meilleur r\u00e9sultat que Chambray &#8211; battu contre Brest ce mercredi &#8211; en d\u00e9placement \u00e0 Besan\u00e7on.<\/p>\n<p>Malgr\u00e9 un d\u00e9but manqu\u00e9, marqu\u00e9 par des impr\u00e9cisions en attaque (8-4, 15e ), la JDA, emmen\u00e9e par Mielke-Offendal et Dury, a montr\u00e9 du caract\u00e8re. Revenues \u00e0 hauteur avec une d\u00e9fense plus perm\u00e9able et des arr\u00eats importants de Dos Reis (sept \u00e0 la pause), les Bourguignonnes sont pass\u00e9es devant (12-14, 30e ).<\/p>\n<p>\u00a0<\/p>\n<p>Ce contenu est bloqu\u00e9 car vous n&rsquo;avez pas accept\u00e9 les cookies et autres traceurs.<\/p>\n<p>En cliquant sur \u00ab J\u2019accepte \u00bb, les cookies et autres traceurs seront d\u00e9pos\u00e9s et vous pourrez visualiser les contenus  (<a href=\"\" class=\"consentModule_policy\" target=\"_blank\" title=\"Consulter la politique de protection des donn\u00e9es du fournisseur\">plus d&rsquo;informations<\/a>).<\/p>\n<p>En cliquant sur \u00ab J\u2019accepte tous les cookies \u00bb, vous autorisez des d\u00e9p\u00f4ts de cookies et autres traceurs pour le stockage de vos donn\u00e9es sur nos sites et applications \u00e0 des fins de personnalisation et de ciblage publicitaire.<\/p>\n<p class=\"consentModule_secondaryText\">Vous gardez la possibilit\u00e9 de retirer votre consentement \u00e0 tout moment en consultant notre <a href=\"https:\/\/www.bienpublic.com\/protection-des-donnees\" target=\"_blank\" title=\"Consulter notre politique de protection des donn\u00e9es\" rel=\"noopener\">politique de protection des donn\u00e9es<\/a>. <br \/>&#13;<br \/>\n            <a href=\"https:\/\/www.bienpublic.com\/sport\/2025\/06\/04\/javascript:Didomi.notice.show()\" class=\"consentModule_cmp\" target=\"_blank\" rel=\"noopener\">G\u00e9rer mes choix<\/a>&#13;\n        <\/p>\n<p>&#13;<br \/>\n                        J&rsquo;accepte&#13;<br \/>\n            J&rsquo;accepte tous les cookies&#13;\n        <\/p>\n<p>Le second acte a commenc\u00e9 de la m\u00eame fa\u00e7on que le premier s\u2019est fini\u00a0: les Dijonnaises continuent de prendre le large, doucement mais s\u00fbrement (17-21, 41e ). Face \u00e0 des Varoises qui ont baiss\u00e9 le pied, les joueuses de Cl\u00e9ment Alcacer ne se sont pas fait prier. D\u2019un c\u00f4t\u00e9, Dos Reis repoussait continuellement les offensives, de l\u2019autre, l\u2019attaque de la JDA maintenait un \u00e9cart tel qu\u2019il n\u2019a jamais pu \u00eatre combl\u00e9 (27-31e ).<\/p>\n<p>\u00ab\u00a0On a eu la capacit\u00e9 de s\u2019adapter et de resserrer pour ne pas se laisser faire. Les filles devant ont eu une belle r\u00e9action et \u00e7a m\u2019a aid\u00e9\u00a0\u00bb, analyse Manuella Dos Reis. En attaque justement, le danger est venu de toutes parts (Vautier 7 r\u00e9alisations, Mielke-Offendal 6, Dury 5\u2026).<\/p>\n<p>Ce contenu est bloqu\u00e9 car vous n&rsquo;avez pas accept\u00e9 les cookies et autres traceurs.<\/p>\n<p>En cliquant sur \u00ab J\u2019accepte \u00bb, les cookies et autres traceurs seront d\u00e9pos\u00e9s et vous pourrez visualiser les contenus  (<a href=\"\" class=\"consentModule_policy\" target=\"_blank\" title=\"Consulter la politique de protection des donn\u00e9es du fournisseur\">plus d&rsquo;informations<\/a>).<\/p>\n<p>En cliquant sur \u00ab J\u2019accepte tous les cookies \u00bb, vous autorisez des d\u00e9p\u00f4ts de cookies et autres traceurs pour le stockage de vos donn\u00e9es sur nos sites et applications \u00e0 des fins de personnalisation et de ciblage publicitaire.<\/p>\n<p class=\"consentModule_secondaryText\">Vous gardez la possibilit\u00e9 de retirer votre consentement \u00e0 tout moment en consultant notre <a href=\"https:\/\/www.bienpublic.com\/protection-des-donnees\" target=\"_blank\" title=\"Consulter notre politique de protection des donn\u00e9es\" rel=\"noopener\">politique de protection des donn\u00e9es<\/a>. <br \/>&#13;<br \/>\n            <a href=\"https:\/\/www.bienpublic.com\/sport\/2025\/06\/04\/javascript:Didomi.notice.show()\" class=\"consentModule_cmp\" target=\"_blank\" rel=\"noopener\">G\u00e9rer mes choix<\/a>&#13;\n        <\/p>\n<p>&#13;<br \/>\n                        J&rsquo;accepte&#13;<br \/>\n            J&rsquo;accepte tous les cookies&#13;\n        <\/p>\n<p>  \u00ab\u00a0Continuer et esp\u00e9rer\u00a0\u00bb<\/p>\n<p>D\u00e9fensivement, les Dijonnaises se sont montr\u00e9es solidaires, n\u2019offrant \u00e0 leurs adversaires que des tirs complexes. \u00ab\u00a0On a ce projet d\u2019\u00eatre ambitieux d\u00e9fensivement pour mettre des buts faciles\u00a0\u00bb, commentait le coach Alcacer. \u00ab\u00a0Mais on a arr\u00eat\u00e9 de le faire sur la fin, car c\u2019est \u00e9nergivore.\u00a0\u00bb<\/p>\n<p>Ces ambitions restent le carburant principal pour la derni\u00e8re journ\u00e9e, dans le but d\u2019accrocher le podium. \u00ab\u00a0On a fait 50\u00a0% du job ce ( mercredi ) soir, il va falloir continuer et esp\u00e9rer\u2026 Si on finit 3e\u00a0 en championnat et en coupe d\u2019Europe, \u00e7a serait la saison id\u00e9ale.\u00a0\u00bb<\/p>\n","protected":false},"excerpt":{"rendered":"Toulon &#8211; JDA Dijon 27-31 Un mois jour pour jour apr\u00e8s la m\u00e9daille de bronze en Ligue europ\u00e9enne,&hellip;\n","protected":false},"author":2,"featured_media":152366,"comment_status":"","ping_status":"","sticky":false,"template":"","format":"standard","meta":{"footnotes":""},"categories":[9619],"tags":[1111,11,2930,8587,8588,1777,674,1011,27,1792,1686,20441,12,882,25,517,2310],"class_list":{"0":"post-152365","1":"post","2":"type-post","3":"status-publish","4":"format-standard","5":"has-post-thumbnail","7":"category-toulon","8":"tag-actu","9":"tag-actualites","10":"tag-dijon","11":"tag-dijon-ville","12":"tag-edition-dijon-et-son-agglomeration","13":"tag-eu","14":"tag-europe","15":"tag-fr","16":"tag-france","17":"tag-handball","18":"tag-import-print","19":"tag-jda-bourgogne-dijon-handball","20":"tag-news","21":"tag-provence-alpes-cote-dazur","22":"tag-republique-francaise","23":"tag-sport","24":"tag-toulon"},"share_on_mastodon":{"url":"https:\/\/pubeurope.com\/@fr\/114627210459639130","error":""},"_links":{"self":[{"href":"https:\/\/www.europesays.com\/fr\/wp-json\/wp\/v2\/posts\/152365","targetHints":{"allow":["GET"]}}],"collection":[{"href":"https:\/\/www.europesays.com\/fr\/wp-json\/wp\/v2\/posts"}],"about":[{"href":"https:\/\/www.europesays.com\/fr\/wp-json\/wp\/v2\/types\/post"}],"author":[{"embeddable":true,"href":"https:\/\/www.europesays.com\/fr\/wp-json\/wp\/v2\/users\/2"}],"replies":[{"embeddable":true,"href":"https:\/\/www.europesays.com\/fr\/wp-json\/wp\/v2\/comments?post=152365"}],"version-history":[{"count":0,"href":"https:\/\/www.europesays.com\/fr\/wp-json\/wp\/v2\/posts\/152365\/revisions"}],"wp:featuredmedia":[{"embeddable":true,"href":"https:\/\/www.europesays.com\/fr\/wp-json\/wp\/v2\/media\/152366"}],"wp:attachment":[{"href":"https:\/\/www.europesays.com\/fr\/wp-json\/wp\/v2\/media?parent=152365"}],"wp:term":[{"taxonomy":"category","embeddable":true,"href":"https:\/\/www.europesays.com\/fr\/wp-json\/wp\/v2\/categories?post=152365"},{"taxonomy":"post_tag","embeddable":true,"href":"https:\/\/www.europesays.com\/fr\/wp-json\/wp\/v2\/tags?post=152365"}],"curies":[{"name":"wp","href":"https:\/\/api.w.org\/{rel}","templated":true}]}}