{"id":152373,"date":"2025-06-04T21:31:19","date_gmt":"2025-06-04T21:31:19","guid":{"rendered":"https:\/\/www.europesays.com\/fr\/152373\/"},"modified":"2025-06-04T21:31:19","modified_gmt":"2025-06-04T21:31:19","slug":"pres-de-grenoble-une-partie-de-la-route-napoleon-fermee-a-la-circulation-pour-travaux","status":"publish","type":"post","link":"https:\/\/www.europesays.com\/fr\/152373\/","title":{"rendered":"Pr\u00e8s de Grenoble. Une partie de la \u00ab\u00a0route Napol\u00e9on\u00a0\u00bb ferm\u00e9e \u00e0 la circulation pour travaux"},"content":{"rendered":"<p>            Par<br \/>\n        <strong><br \/>\n            <a href=\"https:\/\/actu.fr\/auteur\/redaction-grenoble\" title=\"Consulter tous les articles de R\u00e9daction Grenoble\" rel=\"nofollow noopener\" target=\"_blank\">R\u00e9daction Grenoble<\/a><br \/>\n        <\/strong><\/p>\n<p>        Publi\u00e9 le<\/p>\n<p>            4 juin 2025 \u00e0 15h25        <\/p>\n<p>Il va y avoir du mouvement sur la RN85, entre les communes de Vizille et <a href=\"https:\/\/actu.fr\/auvergne-rhone-alpes\/laffrey_38203\" rel=\"nofollow noopener\" target=\"_blank\">Laffrey<\/a> en Is\u00e8re. Cet axe majeur reliant Grenoble \u00e0 Gap (Hautes-Alpes) fait l\u2019objet de travaux d\u2019envergure, financ\u00e9s par l\u2019\u00c9tat \u00e0 hauteur de <strong>15 000 euros<\/strong>, chiffre la pr\u00e9fecture de l\u2019Is\u00e8re dans un communiqu\u00e9.<\/p>\n<p class=\" wall-content\">Des travaux qui provoquent des modifications temporaires de circulation au niveau de la rampe de Laffrey, avec une fermeture de la RN85 sur le secteur.<\/p>\n<p>Fermeture de nuit<\/p>\n<p class=\" wall-content\">Ainsi, du lundi 02 juin au vendredi 06 juin, et du mardi 10 juin au vendredi 13 juin 2025, la RN85 va \u00eatre <strong>ferm\u00e9e au niveau de la rampe de Laffrey<\/strong> \u00ab\u00a0dans les deux sens de circulation\u00a0\u00bb, ajoute la pr\u00e9fecture de l\u2019<a href=\"https:\/\/actu.fr\/auvergne-rhone-alpes\/isere_38\" rel=\"nofollow noopener\" target=\"_blank\">Is\u00e8re<\/a>. Cette fermeture va \u00eatre en vigueur uniquement la nuit, de 20h30 \u00e0 6 heures. Les v\u00e9hicules des services d\u2019urgence et les riverains vont toutefois \u00eatre autoris\u00e9s \u00e0 passer.<\/p>\n<p class=\" wall-content\">Pour les autres automobilistes, \u00ab\u00a0une d\u00e9viation sera mise en place pour le transit par la RD529 entre les communes de Champ-sur-Drac et de La Mure\u00a0\u00bb.<\/p>\n<p>Vid\u00e9os : en ce moment sur ActuDes \u00ab\u00a0travaux de s\u00e9curisation\u00a0\u00bb<\/p>\n<p class=\" wall-content\">Dans le d\u00e9tail, le chantier de la RN85 \u2013 aussi surnomm\u00e9 la <a href=\"https:\/\/actu.fr\/auvergne-rhone-alpes\/laffrey_38203\/pres-de-grenoble-pourquoi-napoleon-trone-au-bord-de-ce-lac-paradisiaque_59688570.html\" rel=\"nofollow noopener\" target=\"_blank\">\u00ab\u00a0route Napol\u00e9on\u00a0\u00bb<\/a> car retra\u00e7ant\u00a0 l\u2019itin\u00e9raire de l\u2019empereur revenant d\u2019exil \u2013 consiste \u00e0 l\u2019entretien courant des \u00ab\u00a0d\u00e9pendances vertes\u00a0\u00bb, comme le fauchage et l\u2019\u00e9lagage.\u00a0<\/p>\n<p class=\" wall-content\">Lors de ces fermetures nocturnes, des \u00ab\u00a0travaux de s\u00e9curisation du carrefour de Saint-Sauveur, \u00e0 Notre-Dame-de-M\u00e9sage\u00a0\u00bb vont \u00eatre effectu\u00e9s, indique la pr\u00e9fecture. Des panneaux clignotants, un renouvellement de la signal\u00e9tique, un <strong>radar p\u00e9dagogique<\/strong> et une <strong>limitation de vitesse \u00e0 50 km\/h<\/strong> vont \u00eatre mis en place.<\/p>\n<p class=\" wall-content\">La rampe de Laffrey \u00e9tant <a href=\"https:\/\/actu.fr\/auvergne-rhone-alpes\/laffrey_38203\/pres-de-grenoble-un-camion-prend-feu-cette-route-entierement-coupee_62067033.html\" rel=\"nofollow noopener\" target=\"_blank\">r\u00e9put\u00e9e tr\u00e8s accidentog\u00e8ne<\/a>, la zone est vis\u00e9e par des chantiers de s\u00e9curisation r\u00e9guliers.<\/p>\n<p class=\" wall-content\">Suivez toute l\u2019actualit\u00e9 de vos villes et m\u00e9dias favoris en vous inscrivant \u00e0 <a href=\"https:\/\/moncompte.actu.fr\" title=\"D\u00e9couvez Mon Actu\" rel=\"nofollow noopener\" data-trk=\"{&quot;cta&quot;:{&quot;action&quot;:&quot;https:\\\/\\\/moncompte.actu.fr&quot;,&quot;category&quot;:&quot;mon compte&quot;,&quot;from&quot;:&quot;article footer&quot;,&quot;name&quot;:&quot;Mon actu&quot;,&quot;type&quot;:&quot;cta&quot;}}\" target=\"_blank\">Mon Actu<\/a>.<\/p>\n","protected":false},"excerpt":{"rendered":"Par R\u00e9daction Grenoble Publi\u00e9 le 4 juin 2025 \u00e0 15h25 Il va y avoir du mouvement sur la&hellip;\n","protected":false},"author":2,"featured_media":152374,"comment_status":"","ping_status":"","sticky":false,"template":"","format":"standard","meta":{"footnotes":""},"categories":[9566],"tags":[1111,11,2430,3542,1777,674,1011,27,2731,12,25,104,2086],"class_list":{"0":"post-152373","1":"post","2":"type-post","3":"status-publish","4":"format-standard","5":"has-post-thumbnail","7":"category-grenoble","8":"tag-actu","9":"tag-actualites","10":"tag-auvergne-rhone-alpes","11":"tag-circulation","12":"tag-eu","13":"tag-europe","14":"tag-fr","15":"tag-france","16":"tag-grenoble","17":"tag-news","18":"tag-republique-francaise","19":"tag-societe","20":"tag-travaux"},"share_on_mastodon":{"url":"https:\/\/pubeurope.com\/@fr\/114627234107248285","error":""},"_links":{"self":[{"href":"https:\/\/www.europesays.com\/fr\/wp-json\/wp\/v2\/posts\/152373","targetHints":{"allow":["GET"]}}],"collection":[{"href":"https:\/\/www.europesays.com\/fr\/wp-json\/wp\/v2\/posts"}],"about":[{"href":"https:\/\/www.europesays.com\/fr\/wp-json\/wp\/v2\/types\/post"}],"author":[{"embeddable":true,"href":"https:\/\/www.europesays.com\/fr\/wp-json\/wp\/v2\/users\/2"}],"replies":[{"embeddable":true,"href":"https:\/\/www.europesays.com\/fr\/wp-json\/wp\/v2\/comments?post=152373"}],"version-history":[{"count":0,"href":"https:\/\/www.europesays.com\/fr\/wp-json\/wp\/v2\/posts\/152373\/revisions"}],"wp:featuredmedia":[{"embeddable":true,"href":"https:\/\/www.europesays.com\/fr\/wp-json\/wp\/v2\/media\/152374"}],"wp:attachment":[{"href":"https:\/\/www.europesays.com\/fr\/wp-json\/wp\/v2\/media?parent=152373"}],"wp:term":[{"taxonomy":"category","embeddable":true,"href":"https:\/\/www.europesays.com\/fr\/wp-json\/wp\/v2\/categories?post=152373"},{"taxonomy":"post_tag","embeddable":true,"href":"https:\/\/www.europesays.com\/fr\/wp-json\/wp\/v2\/tags?post=152373"}],"curies":[{"name":"wp","href":"https:\/\/api.w.org\/{rel}","templated":true}]}}