{"id":152375,"date":"2025-06-04T21:32:17","date_gmt":"2025-06-04T21:32:17","guid":{"rendered":"https:\/\/www.europesays.com\/fr\/152375\/"},"modified":"2025-06-04T21:32:17","modified_gmt":"2025-06-04T21:32:17","slug":"fan-de-faits-divers-pres-de-rennes-une-projection-pour-plonger-au-coeur-des-enquetes","status":"publish","type":"post","link":"https:\/\/www.europesays.com\/fr\/152375\/","title":{"rendered":"Fan de faits divers\u00a0? Pr\u00e8s de Rennes, une projection pour plonger au c\u0153ur des enqu\u00eates"},"content":{"rendered":"<p><strong>\u00ab\u00a0Bienvenue au c\u0153ur des grandes enqu\u00eates judiciaires\u00a0\u00bb<\/strong>\u00a0: l\u2019Univers du crime sera retranscrit en direct au cin\u00e9ma CGR de La M\u00e9zi\u00e8re (Ille-et-Vilaine), les 12 et 13\u00a0juin 2025. Ces deux soir\u00e9es sp\u00e9ciales se d\u00e9rouleront \u00e0 Paris, en pr\u00e9sence de nombreux experts du monde judiciaire (magistrats, enqu\u00eateurs, criminologues et journalistes d\u2019investigation). Ils d\u00e9crypteront les affaires les plus marquantes, les m\u00e9thodes d\u2019enqu\u00eate modernes et les \u00e9volutions technologiques au service de la justice.<\/p>\n<p><strong>Lire aussi\u00a0:<\/strong>\u00a0<a href=\"https:\/\/www.ouest-france.fr\/leditiondusoir\/2025-03-10\/pourquoi-les-affaires-criminelles-nous-fascinent-elles-autant-meme-des-annees-apres-3125b8b3-f338-4b9c-98cb-0fdad967730c\" target=\"_blank\" rel=\"nofollow noopener\">Pourquoi les affaires criminelles nous fascinent-elles autant, m\u00eame des ann\u00e9es apr\u00e8s\u00a0?<\/a><\/p>\n<p>L\u2019occasion d\u2019en apprendre davantage sur les technologies de pointe utilis\u00e9es par la police dans la lutte contre le crime, ainsi que sur les m\u00e9thodes modernes d\u2019enqu\u00eate. Les intervenants reviendront sur les grandes affaires , notamment les cold case, ces affaires jamais (ou pas encore\u00a0?) r\u00e9solues.<\/p>\n<p>Les 12 et 13\u00a0juin 2025, de 20\u00a0h \u00e0 23.\u00a0R\u00e9servation en ligne\u00a0: <a href=\"https:\/\/www.universducrime.com\/billetterie\" rel=\"nofollow noopener\" target=\"_blank\">www.universducrime.com<\/a>. Prix\u00a0: 19\u00a0\u20ac par soir\u00e9e.<\/p>\n<p>\u00a0<\/p>\n","protected":false},"excerpt":{"rendered":"\u00ab\u00a0Bienvenue au c\u0153ur des grandes enqu\u00eates judiciaires\u00a0\u00bb\u00a0: l\u2019Univers du crime sera retranscrit en direct au cin\u00e9ma CGR de&hellip;\n","protected":false},"author":2,"featured_media":152376,"comment_status":"","ping_status":"","sticky":false,"template":"","format":"standard","meta":{"footnotes":""},"categories":[2821],"tags":[1111,11,829,28191,750,3695,1777,674,18768,28189,1011,27,12,28190,3762,13737,3086,584,25,11489],"class_list":{"0":"post-152375","1":"post","2":"type-post","3":"status-publish","4":"format-standard","5":"has-post-thumbnail","7":"category-rennes","8":"tag-actu","9":"tag-actualites","10":"tag-bretagne","11":"tag-criminelles","12":"tag-divers","13":"tag-enquetes","14":"tag-eu","15":"tag-europe","16":"tag-faits","17":"tag-fan","18":"tag-fr","19":"tag-france","20":"tag-news","21":"tag-plonger","22":"tag-pres","23":"tag-projection","24":"tag-redon","25":"tag-rennes","26":"tag-republique-francaise","27":"tag-ur"},"share_on_mastodon":{"url":"https:\/\/pubeurope.com\/@fr\/114627237859337687","error":""},"_links":{"self":[{"href":"https:\/\/www.europesays.com\/fr\/wp-json\/wp\/v2\/posts\/152375","targetHints":{"allow":["GET"]}}],"collection":[{"href":"https:\/\/www.europesays.com\/fr\/wp-json\/wp\/v2\/posts"}],"about":[{"href":"https:\/\/www.europesays.com\/fr\/wp-json\/wp\/v2\/types\/post"}],"author":[{"embeddable":true,"href":"https:\/\/www.europesays.com\/fr\/wp-json\/wp\/v2\/users\/2"}],"replies":[{"embeddable":true,"href":"https:\/\/www.europesays.com\/fr\/wp-json\/wp\/v2\/comments?post=152375"}],"version-history":[{"count":0,"href":"https:\/\/www.europesays.com\/fr\/wp-json\/wp\/v2\/posts\/152375\/revisions"}],"wp:featuredmedia":[{"embeddable":true,"href":"https:\/\/www.europesays.com\/fr\/wp-json\/wp\/v2\/media\/152376"}],"wp:attachment":[{"href":"https:\/\/www.europesays.com\/fr\/wp-json\/wp\/v2\/media?parent=152375"}],"wp:term":[{"taxonomy":"category","embeddable":true,"href":"https:\/\/www.europesays.com\/fr\/wp-json\/wp\/v2\/categories?post=152375"},{"taxonomy":"post_tag","embeddable":true,"href":"https:\/\/www.europesays.com\/fr\/wp-json\/wp\/v2\/tags?post=152375"}],"curies":[{"name":"wp","href":"https:\/\/api.w.org\/{rel}","templated":true}]}}