{"id":152377,"date":"2025-06-04T21:33:08","date_gmt":"2025-06-04T21:33:08","guid":{"rendered":"https:\/\/www.europesays.com\/fr\/152377\/"},"modified":"2025-06-04T21:33:08","modified_gmt":"2025-06-04T21:33:08","slug":"handball-cesson-rennes-se-maintient-en-starligue","status":"publish","type":"post","link":"https:\/\/www.europesays.com\/fr\/152377\/","title":{"rendered":"Handball\u00a0: Cesson-Rennes se maintient en Starligue\u00a0!"},"content":{"rendered":"<p>Starligue (29e journ\u00e9e). Cesson Rennes &#8211; Chartres : 35-31<\/p>\n<p>Au terme d\u2019un match ma\u00eetris\u00e9, <a href=\"https:\/\/www.letelegramme.fr\/sports\/handball\/starligue-une-saison-en-enfer-pour-cesson-rennes-qui-lutte-encore-pour-le-maintien-6827050.php\" target=\"_blank\" rel=\"nofollow noopener\">Cesson-Rennes<\/a> s\u2019est impos\u00e9 face \u00e0 Chartres (35-31), ce mercredi lors de la 29e et avant-derni\u00e8re journ\u00e9e de Starligue, gr\u00e2ce \u00e0 une ultime r\u00e9alisation <a href=\"https:\/\/www.letelegramme.fr\/sports\/handball\/romaric-guillo-et-romain-briffe-claps-de-fin-pour-les-handballeurs-de-cesson-rennes-6829599.php\" target=\"_blank\" rel=\"nofollow noopener\">Romaric Guillo<\/a>.<\/p>\n<p>Gr\u00e2ce \u00e0 cette victoire, <a href=\"https:\/\/www.letelegramme.fr\/sports\/handball\/starligue-une-saison-en-enfer-pour-cesson-rennes-qui-lutte-encore-pour-le-maintien-6827050.php\" target=\"_blank\" rel=\"nofollow noopener\">les Bretons valident leur maintien<\/a> et joueront une sixi\u00e8me saison de suite dans l\u2019\u00e9lite du handball fran\u00e7ais (ils ont pass\u00e9 une saison en D2 en 2019-2020).<\/p>\n<p>Onzi\u00e8me titre cons\u00e9cutif pour le PSG<\/p>\n<p> Cr\u00e9teil a \u00e9t\u00e9 rel\u00e9gu\u00e9 en deuxi\u00e8me division aux c\u00f4t\u00e9s d\u2019Ivry apr\u00e8s sa d\u00e9faite \u00e0 domicile contre Tremblay-en-France (31-28). Le club du Val-de-Marne (15 pts) ne peut plus quitter l\u2018\u00a0avant-derni\u00e8re place et rattraper Chartres (14e, 18 pts). Cr\u00e9teil et Ivry (16e, 9 pts) seront remplac\u00e9 la saison prochaine par Dijon, champion de Proligue, et S\u00e9lestat ou Caen, qui se disputeront le deuxi\u00e8me billet lors de la finale d\u2019accession, mercredi et dimanche.<\/p>\n<p>En haut de tableau, le Paris Saint-Germain a remport\u00e9 son onzi\u00e8me titre cons\u00e9cutif de champion de France, et le douzi\u00e8me de son histoire, apr\u00e8s sa victoire \u00e0 domicile contre Istres (39-31).<\/p>\n","protected":false},"excerpt":{"rendered":"Starligue (29e journ\u00e9e). Cesson Rennes &#8211; Chartres : 35-31 Au terme d\u2019un match ma\u00eetris\u00e9, Cesson-Rennes s\u2019est impos\u00e9 face&hellip;\n","protected":false},"author":2,"featured_media":152378,"comment_status":"","ping_status":"","sticky":false,"template":"","format":"standard","meta":{"footnotes":""},"categories":[2821],"tags":[1111,11,829,765,3166,1777,674,1011,27,1792,12,584,25,60],"class_list":{"0":"post-152377","1":"post","2":"type-post","3":"status-publish","4":"format-standard","5":"has-post-thumbnail","7":"category-rennes","8":"tag-actu","9":"tag-actualites","10":"tag-bretagne","11":"tag-en-continu","12":"tag-en-continu-sports","13":"tag-eu","14":"tag-europe","15":"tag-fr","16":"tag-france","17":"tag-handball","18":"tag-news","19":"tag-rennes","20":"tag-republique-francaise","21":"tag-sports"},"share_on_mastodon":{"url":"https:\/\/pubeurope.com\/@fr\/114627241799677121","error":""},"_links":{"self":[{"href":"https:\/\/www.europesays.com\/fr\/wp-json\/wp\/v2\/posts\/152377","targetHints":{"allow":["GET"]}}],"collection":[{"href":"https:\/\/www.europesays.com\/fr\/wp-json\/wp\/v2\/posts"}],"about":[{"href":"https:\/\/www.europesays.com\/fr\/wp-json\/wp\/v2\/types\/post"}],"author":[{"embeddable":true,"href":"https:\/\/www.europesays.com\/fr\/wp-json\/wp\/v2\/users\/2"}],"replies":[{"embeddable":true,"href":"https:\/\/www.europesays.com\/fr\/wp-json\/wp\/v2\/comments?post=152377"}],"version-history":[{"count":0,"href":"https:\/\/www.europesays.com\/fr\/wp-json\/wp\/v2\/posts\/152377\/revisions"}],"wp:featuredmedia":[{"embeddable":true,"href":"https:\/\/www.europesays.com\/fr\/wp-json\/wp\/v2\/media\/152378"}],"wp:attachment":[{"href":"https:\/\/www.europesays.com\/fr\/wp-json\/wp\/v2\/media?parent=152377"}],"wp:term":[{"taxonomy":"category","embeddable":true,"href":"https:\/\/www.europesays.com\/fr\/wp-json\/wp\/v2\/categories?post=152377"},{"taxonomy":"post_tag","embeddable":true,"href":"https:\/\/www.europesays.com\/fr\/wp-json\/wp\/v2\/tags?post=152377"}],"curies":[{"name":"wp","href":"https:\/\/api.w.org\/{rel}","templated":true}]}}