{"id":152386,"date":"2025-06-04T21:38:30","date_gmt":"2025-06-04T21:38:30","guid":{"rendered":"https:\/\/www.europesays.com\/fr\/152386\/"},"modified":"2025-06-04T21:38:30","modified_gmt":"2025-06-04T21:38:30","slug":"tourisme-le-lac-de-grand-lieu-et-sa-maison-pres-de-nantes-en-juin-nature-creativite","status":"publish","type":"post","link":"https:\/\/www.europesays.com\/fr\/152386\/","title":{"rendered":"TOURISME. Le lac de Grand-Lieu et sa Maison pr\u00e8s de Nantes en juin : nature, cr\u00e9ativit\u00e9,"},"content":{"rendered":"<p><strong>Trois rendez-vous in\u00e9dits en juin\u00a02025.<\/strong>\u00a0Le mois d\u00e9bute avec une \u00ab\u00a0Matin\u00e9e du lac | en famille\u00a0!\u00a0\u00bb le <strong>dimanche 8\u00a0juin<\/strong> (9\u00a0h\u00a030-midi). Destin\u00e9e aux enfants de 6 \u00e0 10\u00a0ans accompagn\u00e9s. Cette sortie permettra de percer les secrets des h\u00e9rons de Grand-Lieu avant une observation depuis le Pavillon.<\/p>\n<p>Le <strong>dimanche 15\u00a0juin<\/strong> (9\u00a0h-midi), place \u00e0 la \u00ab\u00a0Matin\u00e9e du lac, sp\u00e9ciale cr\u00e9atifs\u00a0!\u00a0\u00bb. Amateurs de photo, dessin ou peinture pourront s\u2019installer et laisser libre cours \u00e0 leur inspiration face au paysage (tout public, PSH bienvenues).<\/p>\n<p>Enfin, le <strong>jeudi 26\u00a0juin<\/strong> \u00e0 18\u00a0h\u00a030, \u00ab\u00a0Cheese, beers and birds\u00a0\u00bb proposera une d\u00e9couverte gourmande et conviviale pour adultes, alliant d\u00e9gustation de produits locaux et contemplation des oiseaux.<\/p>\n<p>Explorez le Lac Toute l\u2019Ann\u00e9e<\/p>\n<p><strong>En parall\u00e8le, les incontournables visites se poursuivent.<\/strong> La \u00ab\u00a0Visite immersive\u00a0\u00bb, d\u00e8s 8\u00a0ans, offre une d\u00e9couverte compl\u00e8te en trois \u00e9tapes\u00a0: expositions, balade sonore, Pavillon. Plus courte, la \u00ab\u00a0Visite d\u00e9couverte\u00a0\u00bb, tout public, se concentre sur les expositions et le Pavillon. Ces deux options sont disponibles <strong>du mardi au dimanche<\/strong>. Horaires sur le site.<\/p>\n<p>?? \u00c0 noter. R\u00e9servation obligatoire pour toutes les animations et visites sur maisondulacdegrandlieu.org.\u00a0La Maison du lac de Grand-Lieu \u2013 Rue du lac, 44830 Bouaye.<\/p>\n<p>\u00a0<\/p>\n","protected":false},"excerpt":{"rendered":"Trois rendez-vous in\u00e9dits en juin\u00a02025.\u00a0Le mois d\u00e9bute avec une \u00ab\u00a0Matin\u00e9e du lac | en famille\u00a0!\u00a0\u00bb le dimanche 8\u00a0juin&hellip;\n","protected":false},"author":2,"featured_media":152387,"comment_status":"","ping_status":"","sticky":false,"template":"","format":"standard","meta":{"footnotes":""},"categories":[2818],"tags":[1111,11,28194,1777,674,1011,27,27368,28193,3687,28192,2142,766,2742,12,2636,3762,25,602],"class_list":{"0":"post-152386","1":"post","2":"type-post","3":"status-publish","4":"format-standard","5":"has-post-thumbnail","7":"category-nantes","8":"tag-actu","9":"tag-actualites","10":"tag-creativite","11":"tag-eu","12":"tag-europe","13":"tag-fr","14":"tag-france","15":"tag-gourmandise","16":"tag-grand-lieu","17":"tag-juin","18":"tag-lac","19":"tag-maison","20":"tag-nantes","21":"tag-nature","22":"tag-news","23":"tag-pays-de-la-loire","24":"tag-pres","25":"tag-republique-francaise","26":"tag-tourisme"},"share_on_mastodon":{"url":"https:\/\/pubeurope.com\/@fr\/114627261427818871","error":""},"_links":{"self":[{"href":"https:\/\/www.europesays.com\/fr\/wp-json\/wp\/v2\/posts\/152386","targetHints":{"allow":["GET"]}}],"collection":[{"href":"https:\/\/www.europesays.com\/fr\/wp-json\/wp\/v2\/posts"}],"about":[{"href":"https:\/\/www.europesays.com\/fr\/wp-json\/wp\/v2\/types\/post"}],"author":[{"embeddable":true,"href":"https:\/\/www.europesays.com\/fr\/wp-json\/wp\/v2\/users\/2"}],"replies":[{"embeddable":true,"href":"https:\/\/www.europesays.com\/fr\/wp-json\/wp\/v2\/comments?post=152386"}],"version-history":[{"count":0,"href":"https:\/\/www.europesays.com\/fr\/wp-json\/wp\/v2\/posts\/152386\/revisions"}],"wp:featuredmedia":[{"embeddable":true,"href":"https:\/\/www.europesays.com\/fr\/wp-json\/wp\/v2\/media\/152387"}],"wp:attachment":[{"href":"https:\/\/www.europesays.com\/fr\/wp-json\/wp\/v2\/media?parent=152386"}],"wp:term":[{"taxonomy":"category","embeddable":true,"href":"https:\/\/www.europesays.com\/fr\/wp-json\/wp\/v2\/categories?post=152386"},{"taxonomy":"post_tag","embeddable":true,"href":"https:\/\/www.europesays.com\/fr\/wp-json\/wp\/v2\/tags?post=152386"}],"curies":[{"name":"wp","href":"https:\/\/api.w.org\/{rel}","templated":true}]}}