{"id":152398,"date":"2025-06-04T21:44:15","date_gmt":"2025-06-04T21:44:15","guid":{"rendered":"https:\/\/www.europesays.com\/fr\/152398\/"},"modified":"2025-06-04T21:44:15","modified_gmt":"2025-06-04T21:44:15","slug":"lomme-le-parking-pr-saint-philibert-double-sa-capacite","status":"publish","type":"post","link":"https:\/\/www.europesays.com\/fr\/152398\/","title":{"rendered":"Lomme : le parking P+R Saint-Philibert double sa capacit\u00e9"},"content":{"rendered":"<p>D\u00e8s la rentr\u00e9e de septembre, les usagers du p\u00f4le d\u2019\u00e9changes de Saint-Philibert, situ\u00e9 pr\u00e8s de la station de m\u00e9tro \u00e9ponyme, pourront d\u00e9couvrir un parking-relais (P+R) totalement transform\u00e9. Lanc\u00e9s en septembre 2023, les travaux de modernisation et d\u2019extension entrent dans leur derni\u00e8re phase. L\u2019objectif : doubler la capacit\u00e9 d\u2019accueil du parking, <strong>passant de 335 \u00e0 pr\u00e8s de 570 places<\/strong>.<\/p>\n<p>Am\u00e9nag\u00e9 en dix demi-niveaux, le nouveau b\u00e2timent n\u2019occupe pas plus de surface au sol que le pr\u00e9c\u00e9dent, pr\u00e9servant ainsi les espaces naturels. Ce choix architectural permet d\u2019optimiser l\u2019espace sans consommation fonci\u00e8re suppl\u00e9mentaire.<\/p>\n<p>L\u2019environnement a \u00e9t\u00e9 au c\u0153ur de la conception. <strong>B\u00e9ton bas carbone, panneaux photovolta\u00efques, gestion durable des eaux pluviales via la noue existante, renforcement de la cl\u00f4ture, et cr\u00e9ation de zones compensatoires pour la biodiversit\u00e9<\/strong> : autant de dispositifs int\u00e9gr\u00e9s au projet pour limiter son impact \u00e9cologique.<\/p>\n<p>Comme tout P+R, l\u2019acc\u00e8s au parking est libre, mais la sortie n\u00e9cessite la validation d\u2019un titre de transport il\u00e9via ou TER du jour. Ce nouveau parking s\u2019inscrit pleinement dans une logique de mobilit\u00e9 durable, en facilitant l\u2019intermodalit\u00e9 entre voiture et transports en commun.<\/p>\n","protected":false},"excerpt":{"rendered":"D\u00e8s la rentr\u00e9e de septembre, les usagers du p\u00f4le d\u2019\u00e9changes de Saint-Philibert, situ\u00e9 pr\u00e8s de la station de&hellip;\n","protected":false},"author":2,"featured_media":152399,"comment_status":"","ping_status":"","sticky":false,"template":"","format":"standard","meta":{"footnotes":""},"categories":[2815],"tags":[1111,11,1777,674,1011,27,811,1307,12,25],"class_list":{"0":"post-152398","1":"post","2":"type-post","3":"status-publish","4":"format-standard","5":"has-post-thumbnail","7":"category-lille","8":"tag-actu","9":"tag-actualites","10":"tag-eu","11":"tag-europe","12":"tag-fr","13":"tag-france","14":"tag-hauts-de-france","15":"tag-lille","16":"tag-news","17":"tag-republique-francaise"},"share_on_mastodon":{"url":"https:\/\/pubeurope.com\/@fr\/114627285221373549","error":""},"_links":{"self":[{"href":"https:\/\/www.europesays.com\/fr\/wp-json\/wp\/v2\/posts\/152398","targetHints":{"allow":["GET"]}}],"collection":[{"href":"https:\/\/www.europesays.com\/fr\/wp-json\/wp\/v2\/posts"}],"about":[{"href":"https:\/\/www.europesays.com\/fr\/wp-json\/wp\/v2\/types\/post"}],"author":[{"embeddable":true,"href":"https:\/\/www.europesays.com\/fr\/wp-json\/wp\/v2\/users\/2"}],"replies":[{"embeddable":true,"href":"https:\/\/www.europesays.com\/fr\/wp-json\/wp\/v2\/comments?post=152398"}],"version-history":[{"count":0,"href":"https:\/\/www.europesays.com\/fr\/wp-json\/wp\/v2\/posts\/152398\/revisions"}],"wp:featuredmedia":[{"embeddable":true,"href":"https:\/\/www.europesays.com\/fr\/wp-json\/wp\/v2\/media\/152399"}],"wp:attachment":[{"href":"https:\/\/www.europesays.com\/fr\/wp-json\/wp\/v2\/media?parent=152398"}],"wp:term":[{"taxonomy":"category","embeddable":true,"href":"https:\/\/www.europesays.com\/fr\/wp-json\/wp\/v2\/categories?post=152398"},{"taxonomy":"post_tag","embeddable":true,"href":"https:\/\/www.europesays.com\/fr\/wp-json\/wp\/v2\/tags?post=152398"}],"curies":[{"name":"wp","href":"https:\/\/api.w.org\/{rel}","templated":true}]}}