{"id":152400,"date":"2025-06-04T21:45:10","date_gmt":"2025-06-04T21:45:10","guid":{"rendered":"https:\/\/www.europesays.com\/fr\/152400\/"},"modified":"2025-06-04T21:45:10","modified_gmt":"2025-06-04T21:45:10","slug":"letat-condamne-pour-faute-lourde-2","status":"publish","type":"post","link":"https:\/\/www.europesays.com\/fr\/152400\/","title":{"rendered":"L\u2019Etat condamn\u00e9 pour \u00ab\u00a0faute lourde\u00a0\u00bb"},"content":{"rendered":"<p>Plus de cinq ans apr\u00e8s le meurtre de Nathalie Debaillie \u00e0 <a href=\"https:\/\/www.20minutes.fr\/lille\/\" target=\"_blank\" class=\"color-ultramarine c-link\" rel=\"noopener\">Lille<\/a>, l\u2019Etat a \u00e9t\u00e9 condamn\u00e9 <a href=\"https:\/\/www.20minutes.fr\/justice\/4152147-20250507-feminicide-nathalie-tuee-ex-malgre-quatre-plaintes-mains-courantes-etat-banc-accuses\" target=\"_blank\" class=\"color-ultramarine c-link\" rel=\"noopener\">pour \u00ab\u00a0faute lourde\u00a0\u00bb \u00e0 verser 27.000 euros<\/a> \u00e0 sa famille pour pr\u00e9judice moral. Malgr\u00e9 quatre signalements \u00e0 la police, dont une plainte, cette femme de 46 ans avait \u00e9t\u00e9 assassin\u00e9e par son ex-compagnon, J\u00e9r\u00f4me Tonneau, en mai\u00a02019. Le tribunal de Paris a d\u00e9nonc\u00e9 un grave dysfonctionnement du service public de la justice, incapable de prot\u00e9ger la victime.<\/p>\n<p>\u00ab\u00a0Les enqu\u00eateurs auraient d\u00fb, apr\u00e8s information du procureur de la R\u00e9publique, r\u00e9aliser des actes d\u2019enqu\u00eate\u00a0\u00bb, souligne la d\u00e9cision, pointant l\u2019absence de suites donn\u00e9es aux alertes. Aucune plainte n\u2019avait \u00e9t\u00e9 transmise au parquet, alors que J\u00e9r\u00f4me Tonneau, <a href=\"https:\/\/www.20minutes.fr\/dossier\/recidive\" target=\"_blank\" class=\"color-ultramarine c-link\" rel=\"noopener\">r\u00e9cidiviste<\/a> et sous contr\u00f4le judiciaire depuis\u00a02014, harcelait sa victime depuis des mois.<\/p>\n<\/p>\n<p>In\u00e9galit\u00e9 de traitement entre la victime et le meurtrier<\/p>\n<p>Le 22 mai\u00a02019, cinq jours avant le <a href=\"https:\/\/www.20minutes.fr\/dossier\/meurtre\" target=\"_blank\" class=\"color-ultramarine c-link\" rel=\"noopener\">meurtre<\/a>, Nathalie Debaillie avait d\u00e9pos\u00e9 une derni\u00e8re main courante. Ce m\u00eame jour, elle avait \u00e9t\u00e9 convoqu\u00e9e au commissariat \u00e0 la suite d\u2019une plainte de son ex-compagnon, qui l\u2019accusait faussement de vol de t\u00e9l\u00e9phone. Cette plainte, elle, avait bien \u00e9t\u00e9 enregistr\u00e9e et transmise. Une in\u00e9galit\u00e9 de traitement que son avocate, Me Isabelle Steyer, avait qualifi\u00e9e de \u00ab\u00a0cas d\u2019\u00e9cole de discrimination\u00a0\u00bb dans les violences conjugales.<\/p>\n<p><a href=\"https:\/\/www.20minutes.fr\/societe\/feminicide\/\" target=\"_blank\" class=\"c-link c-btn c-btn--primary\" rel=\"noopener\">Notre dossier sur les f\u00e9minicides<\/a><\/p>\n<p>L\u2019Etat versera 10.000 euros \u00e0 chacun des enfants de la victime, 4.000 euros \u00e0 son fr\u00e8re et 3.000 euros \u00e0 son ex-mari. Des montants bien inf\u00e9rieurs \u00e0 ceux r\u00e9clam\u00e9s par la famille. Le tribunal a en revanche \u00e9cart\u00e9 toute faute concernant l\u2019enl\u00e8vement de la victime. Condamn\u00e9 en juillet\u00a02024 \u00e0 30 ans de r\u00e9clusion criminelle, J\u00e9r\u00f4me Tonneau avait enlev\u00e9, s\u00e9questr\u00e9 puis \u00e9gorg\u00e9 Nathalie avec l\u2019aide de complices.<\/p>\n","protected":false},"excerpt":{"rendered":"Plus de cinq ans apr\u00e8s le meurtre de Nathalie Debaillie \u00e0 Lille, l\u2019Etat a \u00e9t\u00e9 condamn\u00e9 pour \u00ab\u00a0faute&hellip;\n","protected":false},"author":2,"featured_media":152401,"comment_status":"","ping_status":"","sticky":false,"template":"","format":"standard","meta":{"footnotes":""},"categories":[2815],"tags":[1111,47,11,4073,16309,1777,674,3555,1011,27,811,2683,662,303,1307,12,1308,1309,626,25,3693],"class_list":{"0":"post-152400","1":"post","2":"type-post","3":"status-publish","4":"format-standard","5":"has-post-thumbnail","7":"category-lille","8":"tag-actu","9":"tag-actualite","10":"tag-actualites","11":"tag-condamnation","12":"tag-etat","13":"tag-eu","14":"tag-europe","15":"tag-feminicide","16":"tag-fr","17":"tag-france","18":"tag-hauts-de-france","19":"tag-homicide","20":"tag-ile-de-france","21":"tag-justice","22":"tag-lille","23":"tag-news","24":"tag-nord","25":"tag-nord-pas-de-calais","26":"tag-paris","27":"tag-republique-francaise","28":"tag-tribunal"},"share_on_mastodon":{"url":"https:\/\/pubeurope.com\/@fr\/114627288976711151","error":""},"_links":{"self":[{"href":"https:\/\/www.europesays.com\/fr\/wp-json\/wp\/v2\/posts\/152400","targetHints":{"allow":["GET"]}}],"collection":[{"href":"https:\/\/www.europesays.com\/fr\/wp-json\/wp\/v2\/posts"}],"about":[{"href":"https:\/\/www.europesays.com\/fr\/wp-json\/wp\/v2\/types\/post"}],"author":[{"embeddable":true,"href":"https:\/\/www.europesays.com\/fr\/wp-json\/wp\/v2\/users\/2"}],"replies":[{"embeddable":true,"href":"https:\/\/www.europesays.com\/fr\/wp-json\/wp\/v2\/comments?post=152400"}],"version-history":[{"count":0,"href":"https:\/\/www.europesays.com\/fr\/wp-json\/wp\/v2\/posts\/152400\/revisions"}],"wp:featuredmedia":[{"embeddable":true,"href":"https:\/\/www.europesays.com\/fr\/wp-json\/wp\/v2\/media\/152401"}],"wp:attachment":[{"href":"https:\/\/www.europesays.com\/fr\/wp-json\/wp\/v2\/media?parent=152400"}],"wp:term":[{"taxonomy":"category","embeddable":true,"href":"https:\/\/www.europesays.com\/fr\/wp-json\/wp\/v2\/categories?post=152400"},{"taxonomy":"post_tag","embeddable":true,"href":"https:\/\/www.europesays.com\/fr\/wp-json\/wp\/v2\/tags?post=152400"}],"curies":[{"name":"wp","href":"https:\/\/api.w.org\/{rel}","templated":true}]}}