{"id":152402,"date":"2025-06-04T21:46:10","date_gmt":"2025-06-04T21:46:10","guid":{"rendered":"https:\/\/www.europesays.com\/fr\/152402\/"},"modified":"2025-06-04T21:46:10","modified_gmt":"2025-06-04T21:46:10","slug":"laccord-cadre-du-plan-ecoles-annule-en-janvier-bientot-rehabilite-en-appel-2","status":"publish","type":"post","link":"https:\/\/www.europesays.com\/fr\/152402\/","title":{"rendered":"l&rsquo;accord-cadre du Plan \u00e9coles, annul\u00e9 en janvier, bient\u00f4t r\u00e9habilit\u00e9 en appel ?"},"content":{"rendered":"<p>Six mois apr\u00e8s que des citoyens ont fait <a href=\"https:\/\/www.laprovence.com\/article\/region\/3079427193846515\/marseille-le-tribunal-annule-laccord-cadre-du-plan-ecoles-et-donne-un-sursis-jusqua-lete-a-la-ville\" target=\"_blank\" rel=\"noopener\">annuler par le tribunal administratif de Marseille l\u2019accord-cadre sign\u00e9 en\u00a02023<\/a> entre la Ville et la Soci\u00e9t\u00e9 des \u00e9coles de Marseille (Spem), c\u2019\u00e9tait au tour de la cour administrative d\u2019appel de Marseille d\u2019entendre les diff\u00e9rentes parties de l\u2019affaire, ce mercredi 4\u00a0juin.<\/p>\n<p>Le 20\u00a0janvier dernier, le juge avait estim\u00e9 que le fait de confier l\u2019entretien et la maintenance des nouvelles \u00e9coles construites dans le cadre du plan \u00e0 1,5\u00a0milliard d\u2019euros, \u00e0 la <a href=\"https:\/\/www.laprovence.com\/actu\/en-direct\/6639011\/la-societe-publique-des-ecoles-marseillaises-officiellement-creee-par-le-premier-ministre.html\" target=\"_blank\" rel=\"noopener\">Spem, une soci\u00e9t\u00e9 publique locale d\u2019int\u00e9r\u00eat national (Spla-In),<\/a> \u00e9tait ill\u00e9gal. Les magistrats avaient laiss\u00e9 \u00e0 la Ville de Marseille jusqu\u2019au 1er\u00a0ao\u00fbt pour se mettre en r\u00e8gle, ce qui n\u2019a pas emp\u00each\u00e9 la commune, l\u2019\u00c9tat et la Spem d\u2019interjeter appel.<\/p>\n","protected":false},"excerpt":{"rendered":"Six mois apr\u00e8s que des citoyens ont fait annuler par le tribunal administratif de Marseille l\u2019accord-cadre sign\u00e9 en\u00a02023&hellip;\n","protected":false},"author":2,"featured_media":151889,"comment_status":"","ping_status":"","sticky":false,"template":"","format":"standard","meta":{"footnotes":""},"categories":[2814],"tags":[17,1111,11,17884,10334,4019,1777,674,1011,27,25104,28137,884,12,5355,882,25,104],"class_list":{"0":"post-152402","1":"post","2":"type-post","3":"status-publish","4":"format-standard","5":"has-post-thumbnail","7":"category-marseille","8":"tag-17","9":"tag-actu","10":"tag-actualites","11":"tag-annule","12":"tag-bientot","13":"tag-ecoles","14":"tag-eu","15":"tag-europe","16":"tag-fr","17":"tag-france","18":"tag-janvier","19":"tag-laccord-cadre","20":"tag-marseille","21":"tag-news","22":"tag-plan","23":"tag-provence-alpes-cote-dazur","24":"tag-republique-francaise","25":"tag-societe"},"share_on_mastodon":{"url":"https:\/\/pubeurope.com\/@fr\/114627292952726229","error":""},"_links":{"self":[{"href":"https:\/\/www.europesays.com\/fr\/wp-json\/wp\/v2\/posts\/152402","targetHints":{"allow":["GET"]}}],"collection":[{"href":"https:\/\/www.europesays.com\/fr\/wp-json\/wp\/v2\/posts"}],"about":[{"href":"https:\/\/www.europesays.com\/fr\/wp-json\/wp\/v2\/types\/post"}],"author":[{"embeddable":true,"href":"https:\/\/www.europesays.com\/fr\/wp-json\/wp\/v2\/users\/2"}],"replies":[{"embeddable":true,"href":"https:\/\/www.europesays.com\/fr\/wp-json\/wp\/v2\/comments?post=152402"}],"version-history":[{"count":0,"href":"https:\/\/www.europesays.com\/fr\/wp-json\/wp\/v2\/posts\/152402\/revisions"}],"wp:featuredmedia":[{"embeddable":true,"href":"https:\/\/www.europesays.com\/fr\/wp-json\/wp\/v2\/media\/151889"}],"wp:attachment":[{"href":"https:\/\/www.europesays.com\/fr\/wp-json\/wp\/v2\/media?parent=152402"}],"wp:term":[{"taxonomy":"category","embeddable":true,"href":"https:\/\/www.europesays.com\/fr\/wp-json\/wp\/v2\/categories?post=152402"},{"taxonomy":"post_tag","embeddable":true,"href":"https:\/\/www.europesays.com\/fr\/wp-json\/wp\/v2\/tags?post=152402"}],"curies":[{"name":"wp","href":"https:\/\/api.w.org\/{rel}","templated":true}]}}