{"id":152405,"date":"2025-06-04T21:48:19","date_gmt":"2025-06-04T21:48:19","guid":{"rendered":"https:\/\/www.europesays.com\/fr\/152405\/"},"modified":"2025-06-04T21:48:19","modified_gmt":"2025-06-04T21:48:19","slug":"a-lyon-une-manifestation-pour-la-palestine-samedi-7-juin-rue89-lyon","status":"publish","type":"post","link":"https:\/\/www.europesays.com\/fr\/152405\/","title":{"rendered":"\u00c0 Lyon, une manifestation pour la Palestine samedi 7 juin Rue89 Lyon"},"content":{"rendered":"<p class=\"wp-block-post-excerpt__excerpt\">Une manifestation pour la Palestine aura lieu samedi 7 juin \u00e0 Lyon, afin de d\u00e9noncer le blocus humanitaire en cours. Le d\u00e9part est fix\u00e9 \u00e0 15 heures, place Bellecour (Lyon 2e). <\/p>\n<p class=\"font-sans\">\n\t\t\tCet article est en acc\u00e8s libre. Pour soutenir Rue89 Lyon,<br \/>\n\t\t\t<a class=\"underline\" href=\"https:\/\/www.rue89lyon.fr\/abonnement\/\" rel=\"nofollow noopener\" target=\"_blank\">abonnez-vous<\/a>.\n\t\t<\/p>\n<p>emiliemayen1@gmail.com<\/p>\n<p>Publi\u00e9 le 4 juin 2025\u00a0\u00a0\u00b7\u00a0\u00a0<\/p>\n<p>Imprim\u00e9 le 4 juin 2025 \u00e0 23h48\u00a0\u00a0\u00b7\u00a0\u00a0<\/p>\n<p>Modifi\u00e9 le 4 juin 2025\u00a0\u00a0\u00b7\u00a0\u00a0<\/p>\n<p>\t\t\t\t\t2\u00a0minutes\n<\/p>\n<p>Un nouveau rassemblement pour la Palestine aura lieu \u00e0 Lyon, samedi 7 juin. Le collectif 69 de soutien au peuple palestinien appelle la population \u00e0 marcher dans la rue. Le rendez-vous est fix\u00e9 \u00e0 15 heures, place Bellecour (Lyon 2e). Dans la lign\u00e9e des pr\u00e9c\u00e9dentes manifestations, l\u2019objectif reste de d\u00e9noncer le g\u00e9nocide tout en appelant \u00e0 un cessez-le-feu \u00e0 Gaza.<\/p>\n<p>Le collectif organisateur souhaite contester \u00ab\u00a0la famine impos\u00e9e\u00a0\u00bb par Isra\u00ebl. En effet, depuis le 2 mars, le gouvernement isra\u00e9lien bloque l\u2019aide humanitaire \u00e0 destination de l\u2019enclave palestinienne. Gaza ressemble \u00e0 \u00ab\u00a0une cage au milieu du d\u00e9sert\u00a0\u00bb, o\u00f9 la population meurt de faim. <\/p>\n<p><a href=\"https:\/\/news.un.org\/fr\/story\/2025\/05\/1155191\" rel=\"nofollow noopener\" target=\"_blank\">L\u2019<\/a>Organisation des Nation<a href=\"https:\/\/news.un.org\/fr\/story\/2025\/05\/1155191\" rel=\"nofollow noopener\" target=\"_blank\">s Unies<\/a> a d\u00e9nonc\u00e9 \u00e0 plusieurs reprises une politique \u00ab\u00a0d\u00e9lib\u00e9r\u00e9ment\u00a0\u00bb cruelle. <a href=\"https:\/\/www.unicef.fr\/article\/israel-palestine-les-enfants-paient-le-prix-de-la-guerre\/\" rel=\"nofollow noopener\" target=\"_blank\">Selon leurs derniers chiffres de l\u2019Unicef<\/a>, ce sont pr\u00e8s de 470\u00a0000 civils palestiniens, soit environ un quart de la population gazaouie, qui souffrent actuellement de famine dans l\u2019enclave palestinienne.<\/p>\n<p>\u00c0 lire aussi sur Rue89Lyon<\/p>\n<p><a href=\"https:\/\/www.rue89lyon.fr\/2025\/04\/17\/conference-palestine-perturbee-ens-lyon-porte-plainte\/\" target=\"_blank\" rel=\"noreferrer noopener nofollow\">Conf\u00e9rence sur la Palestine perturb\u00e9e : l\u2019ENS de Lyon porte plainte<\/a><\/p>\n<p><a href=\"https:\/\/www.rue89lyon.fr\/2024\/12\/05\/censure-sud-de-lyon-film-soutien-gaza-deprogramme\/\" target=\"_blank\" rel=\"noreferrer noopener nofollow\">Une \u00ab\u00a0censure\u00a0\u00bb ? Au sud de Lyon, un film de soutien \u00e0 Gaza d\u00e9programm\u00e9<\/a><\/p>\n<p>\t\tDes sanctions contre Isra\u00ebl<\/p>\n<p>L\u2019objectif de la manifestation est \u00e9galement de r\u00e9clamer des sanctions politiques. \u00ab\u00a0Les paroles et les promesses ne suffisent pas ! Face \u00e0 un g\u00e9nocide, \u00e0 la famine, il faut des actes et des sanctions MAINTENANT !\u00a0\u00bb, peut-on lire dans le <a href=\"https:\/\/collectif69palestine.fr\/2025\/05\/pour-gaza-pour-la-palestine-rassemblons-nous-samedi-7-juin-15h-a-lyon-place-bellecour\/\" rel=\"nofollow noopener\" target=\"_blank\">communiqu\u00e9 publi\u00e9 le 29 mai dernier<\/a> par le collectif 69. Ce dernier d\u00e9nonce la complicit\u00e9 de la France et de l\u2019Union europ\u00e9enne, face au g\u00e9nocide en cours. <\/p>\n<p>Le collectif exige diff\u00e9rentes mesures, parmi lesquelles \u00ab\u00a0un embargo g\u00e9n\u00e9ral imm\u00e9diat sur toutes les armes et composants, la reconnaissance imm\u00e9diate et sans condition de l\u2019\u00c9tat de Palestine et la suspension de l\u2019accord d\u2019association UE\/Isra\u00ebl\u00a0\u00bb. Mercredi 4 juin, le m\u00e9dia d\u2019investigation Disclose r\u00e9v\u00e8le qu\u2019un cargo isra\u00e9lien doit faire escale \u00e0 Fos-sur-Mer, ce jeudi, pour une livraison de <a href=\"https:\/\/disclose.ngo\/fr\/article\/la-france-sapprete-a-livrer-des-equipements-pour-mitrailleuses-vers-israel\" target=\"_blank\" rel=\"noreferrer noopener nofollow\">14 tonnes de mat\u00e9riel militaire fabriqu\u00e9 en France<\/a>. <\/p>\n<p>Selon un sondage Odoxa, 74 % des Fran\u00e7ais se disent favorables \u00e0 l\u2019adoption de sanctions contre Isra\u00ebl. Emmanuel Macron a d\u00e9clar\u00e9 que la France reconna\u00eetra officiellement l\u2019\u00c9tat palestinien le mois prochain, \u00e0 l\u2019occasion du premier sommet des Nations Unies \u00e0 New York. Une promesse sous plusieurs conditions, notamment la lib\u00e9ration des otages par le Hamas. <\/p>\n<p>Ces derniers jours, Isra\u00ebl a intensifi\u00e9 ses op\u00e9rations militaires : des milliers de personnes ont \u00e9t\u00e9 d\u00e9plac\u00e9s et des dizaines d\u2019enfants tu\u00e9s. Depuis le d\u00e9but du g\u00e9nocide men\u00e9 par Isra\u00ebl, plus de 50 000 Palestiniens ont \u00e9t\u00e9 tu\u00e9s. Ces chiffres sont sous-estim\u00e9s, notamment au regard du nombre important de disparus. Du c\u00f4t\u00e9 isra\u00e9lien, les attaques du 7 octobre en Isra\u00ebl ont\u00a0tu\u00e9 1200 personnes et en ont bless\u00e9 7500 autres.<\/p>\n","protected":false},"excerpt":{"rendered":"Une manifestation pour la Palestine aura lieu samedi 7 juin \u00e0 Lyon, afin de d\u00e9noncer le blocus humanitaire&hellip;\n","protected":false},"author":2,"featured_media":152406,"comment_status":"","ping_status":"","sticky":false,"template":"","format":"standard","meta":{"footnotes":""},"categories":[1889],"tags":[1111,11,2430,1777,674,1011,27,2428,2088,12,25],"class_list":{"0":"post-152405","1":"post","2":"type-post","3":"status-publish","4":"format-standard","5":"has-post-thumbnail","7":"category-lyon","8":"tag-actu","9":"tag-actualites","10":"tag-auvergne-rhone-alpes","11":"tag-eu","12":"tag-europe","13":"tag-fr","14":"tag-france","15":"tag-lyon","16":"tag-manifestation","17":"tag-news","18":"tag-republique-francaise"},"share_on_mastodon":{"url":"https:\/\/pubeurope.com\/@fr\/114627300747843286","error":""},"_links":{"self":[{"href":"https:\/\/www.europesays.com\/fr\/wp-json\/wp\/v2\/posts\/152405","targetHints":{"allow":["GET"]}}],"collection":[{"href":"https:\/\/www.europesays.com\/fr\/wp-json\/wp\/v2\/posts"}],"about":[{"href":"https:\/\/www.europesays.com\/fr\/wp-json\/wp\/v2\/types\/post"}],"author":[{"embeddable":true,"href":"https:\/\/www.europesays.com\/fr\/wp-json\/wp\/v2\/users\/2"}],"replies":[{"embeddable":true,"href":"https:\/\/www.europesays.com\/fr\/wp-json\/wp\/v2\/comments?post=152405"}],"version-history":[{"count":0,"href":"https:\/\/www.europesays.com\/fr\/wp-json\/wp\/v2\/posts\/152405\/revisions"}],"wp:featuredmedia":[{"embeddable":true,"href":"https:\/\/www.europesays.com\/fr\/wp-json\/wp\/v2\/media\/152406"}],"wp:attachment":[{"href":"https:\/\/www.europesays.com\/fr\/wp-json\/wp\/v2\/media?parent=152405"}],"wp:term":[{"taxonomy":"category","embeddable":true,"href":"https:\/\/www.europesays.com\/fr\/wp-json\/wp\/v2\/categories?post=152405"},{"taxonomy":"post_tag","embeddable":true,"href":"https:\/\/www.europesays.com\/fr\/wp-json\/wp\/v2\/tags?post=152405"}],"curies":[{"name":"wp","href":"https:\/\/api.w.org\/{rel}","templated":true}]}}