{"id":152411,"date":"2025-06-04T21:52:12","date_gmt":"2025-06-04T21:52:12","guid":{"rendered":"https:\/\/www.europesays.com\/fr\/152411\/"},"modified":"2025-06-04T21:52:12","modified_gmt":"2025-06-04T21:52:12","slug":"apres-un-trafic-tres-perturbe-une-nuit-de-travaux-a-paris-pour-reparer-les-degats","status":"publish","type":"post","link":"https:\/\/www.europesays.com\/fr\/152411\/","title":{"rendered":"apr\u00e8s un trafic tr\u00e8s perturb\u00e9, une nuit de travaux \u00e0 Paris pour r\u00e9parer les d\u00e9g\u00e2ts"},"content":{"rendered":"<p>            Par<br \/>\n        <strong><br \/>\n            <a href=\"https:\/\/actu.fr\/auteur\/thomas-martin\" title=\"Consulter tous les articles de Thomas Martin\" rel=\"nofollow noopener\" target=\"_blank\">Thomas Martin<\/a><br \/>\n        <\/strong><\/p>\n<p>        Publi\u00e9 le<\/p>\n<p>            4 juin 2025 \u00e0 19h32        <\/p>\n<p>Une journ\u00e9e chaotique pour les usagers du <a href=\"https:\/\/actu.fr\/ile-de-france\/paris_75056\/sncf-explosion-d-une-catenaire-le-rer-e-reste-interrompu-a-paris-pas-de-train-jusqu-a-la-fin-du-service_62726131.html\" rel=\"nofollow noopener\" target=\"_blank\">RER E<\/a>, ce mercredi 4 juin. Le trafic a \u00e9t\u00e9 tr\u00e8s perturb\u00e9 en Ile-de-France apr\u00e8s qu\u2019une foreuse utilis\u00e9e sur un chantier a \u00ab\u00a0touch\u00e9 par erreur\u00a0\u00bb des installations \u00e9lectriques ferroviaires dans le nord de Paris, a indiqu\u00e9 le gestionnaire d\u2019infrastructure, <a href=\"https:\/\/actu.fr\/tag\/sncf\" rel=\"nofollow noopener\" target=\"_blank\">SNCF<\/a> R\u00e9seau.\u00a0<\/p>\n<p>Une cat\u00e9naire endommag\u00e9e<\/p>\n<p class=\" wall-content\">La foreuse, qui intervenait sur un \u00ab\u00a0chantier BTP\u00a0\u00bb externe \u00e0 la SNCF, dans le 10e arrondissement de Paris, \u00ab\u00a0a perc\u00e9 au-dessus de la gare Magenta, sur le RER E\u00a0\u00bb, et a \u00ab\u00a0touch\u00e9 par erreur des installations \u00e9lectriques ferroviaires\u00a0\u00bb, explique l\u2019entreprise dans son communiqu\u00e9.<\/p>\n<p class=\" wall-content\">Cela a \u00ab\u00a0gravement endommag\u00e9 la cat\u00e9naire du RER E et a fait disjoncter l\u2019ensemble de l\u2019alimentation de la gare de l\u2019Est\u00a0\u00bb, qui a \u00e9t\u00e9 r\u00e9tablie progressivement, ajoute-t-elle. Le trafic des TGV, TER et Transilien en partance de <a href=\"https:\/\/actu.fr\/tag\/gare-de-l-est\" rel=\"nofollow noopener\" target=\"_blank\">gare de l\u2019Est<\/a> a pu reprendre, selon SNCF R\u00e9seau.\u00a0<br \/>Le trafic du RER E, qui relie Nanterre (Hauts-de-Seine) \u00e0 Tournan-en-Brie (Seine-et-Marne), a \u00e9t\u00e9 interrompu une partie de la journ\u00e9e entre Nanterre-La Folie, son terminus \u00e0 l\u2019ouest, et la gare de Rosa Parks dans le nord de Paris.<\/p>\n<p>    <a href=\"https:\/\/email.publihebdos.com\/form?lid=Mqc7o19yVDtMEo2FE8aUtw2\" title=\"Ouvrie le lien\" rel=\"nofollow noopener\" target=\"_blank\">Cliquez ici pour visualiser le contenu<\/a><\/p>\n<p class=\" wall-content\">Le service a finalement pu reprendre \u00ab\u00a0de mani\u00e8re r\u00e9duite avec une correspondance entre la gare de l\u2019Est et Magenta\u00a0\u00bb, sans desservir la gare de <a href=\"https:\/\/actu.fr\/ile-de-france\/paris_75056\/crack-implante-commerces-fermes-rosa-parks-a-paris-un-quartier-au-bord-de-la-deprime_61956241.html\" rel=\"nofollow noopener\" target=\"_blank\">Rosa Parks<\/a>, selon SNCF R\u00e9seau.<br \/>\u00ab\u00a0Des experts poursuivent par ailleurs\u00a0 l\u2019inspection de la vo\u00fbte du tunnel\u00a0\u00bb, a poursuivi le gestionnaire d\u2019infrastructure, en pr\u00e9cisant que \u00ab\u00a0des moyens lourds seront d\u00e9ploy\u00e9s cette nuit\u00a0\u00bb pour r\u00e9parer les d\u00e9g\u00e2ts.<\/p>\n<p>Vid\u00e9os : en ce moment sur Actu<\/p>\n<p class=\" wall-content\">\u00ab\u00a0Ce sont pr\u00e8s de 400 m\u00e8tres de cat\u00e9naire qui devront \u00eatre remplac\u00e9s avant la reprise du trafic demain (jeudi) \u00e0 5h20\u00a0\u00bb, selon le communiqu\u00e9. Les cat\u00e9naires sont l\u2019ensemble des c\u00e2bles qui permettent l\u2019alimentation \u00e9lectrique des trains.<\/p>\n<p class=\" wall-content\"><strong>Avec AFP<\/strong><\/p>\n<p class=\" wall-content\">Suivez toute l\u2019actualit\u00e9 de vos villes et m\u00e9dias favoris en vous inscrivant \u00e0 <a href=\"https:\/\/moncompte.actu.fr\" title=\"D\u00e9couvez Mon Actu\" rel=\"nofollow noopener\" data-trk=\"{&quot;cta&quot;:{&quot;action&quot;:&quot;https:\\\/\\\/moncompte.actu.fr&quot;,&quot;category&quot;:&quot;mon compte&quot;,&quot;from&quot;:&quot;article footer&quot;,&quot;name&quot;:&quot;Mon actu&quot;,&quot;type&quot;:&quot;cta&quot;}}\" target=\"_blank\">Mon Actu<\/a>.<\/p>\n","protected":false},"excerpt":{"rendered":"Par Thomas Martin Publi\u00e9 le 4 juin 2025 \u00e0 19h32 Une journ\u00e9e chaotique pour les usagers du RER&hellip;\n","protected":false},"author":2,"featured_media":152412,"comment_status":"","ping_status":"","sticky":false,"template":"","format":"standard","meta":{"footnotes":""},"categories":[1888],"tags":[1111,1928,11,1927,1777,674,1011,27,10412,12,1926,626,1925,25,8691,2215,104],"class_list":{"0":"post-152411","1":"post","2":"type-post","3":"status-publish","4":"format-standard","5":"has-post-thumbnail","7":"category-paris","8":"tag-actu","9":"tag-actu-paris","10":"tag-actualites","11":"tag-actualites-paris","12":"tag-eu","13":"tag-europe","14":"tag-fr","15":"tag-france","16":"tag-gare-de-lest","17":"tag-news","18":"tag-news-paris","19":"tag-paris","20":"tag-paris-news","21":"tag-republique-francaise","22":"tag-rer-e","23":"tag-sncf","24":"tag-societe"},"share_on_mastodon":{"url":"https:\/\/pubeurope.com\/@fr\/114627316546605305","error":""},"_links":{"self":[{"href":"https:\/\/www.europesays.com\/fr\/wp-json\/wp\/v2\/posts\/152411","targetHints":{"allow":["GET"]}}],"collection":[{"href":"https:\/\/www.europesays.com\/fr\/wp-json\/wp\/v2\/posts"}],"about":[{"href":"https:\/\/www.europesays.com\/fr\/wp-json\/wp\/v2\/types\/post"}],"author":[{"embeddable":true,"href":"https:\/\/www.europesays.com\/fr\/wp-json\/wp\/v2\/users\/2"}],"replies":[{"embeddable":true,"href":"https:\/\/www.europesays.com\/fr\/wp-json\/wp\/v2\/comments?post=152411"}],"version-history":[{"count":0,"href":"https:\/\/www.europesays.com\/fr\/wp-json\/wp\/v2\/posts\/152411\/revisions"}],"wp:featuredmedia":[{"embeddable":true,"href":"https:\/\/www.europesays.com\/fr\/wp-json\/wp\/v2\/media\/152412"}],"wp:attachment":[{"href":"https:\/\/www.europesays.com\/fr\/wp-json\/wp\/v2\/media?parent=152411"}],"wp:term":[{"taxonomy":"category","embeddable":true,"href":"https:\/\/www.europesays.com\/fr\/wp-json\/wp\/v2\/categories?post=152411"},{"taxonomy":"post_tag","embeddable":true,"href":"https:\/\/www.europesays.com\/fr\/wp-json\/wp\/v2\/tags?post=152411"}],"curies":[{"name":"wp","href":"https:\/\/api.w.org\/{rel}","templated":true}]}}