{"id":152420,"date":"2025-06-04T21:57:10","date_gmt":"2025-06-04T21:57:10","guid":{"rendered":"https:\/\/www.europesays.com\/fr\/152420\/"},"modified":"2025-06-04T21:57:10","modified_gmt":"2025-06-04T21:57:10","slug":"six-hommes-accuses-davoir-organise-un-incendie-au-profit-de-la-russie-sont-juges-a-londres","status":"publish","type":"post","link":"https:\/\/www.europesays.com\/fr\/152420\/","title":{"rendered":"Six hommes accus\u00e9s d\u2019avoir organis\u00e9 un incendie au profit de la Russie sont jug\u00e9s \u00e0 Londres"},"content":{"rendered":"<p><strong>ROYAUME-UNI &#8211; L\u2019attaque, survenue en\u00a02024, aurait \u00e9t\u00e9 commandit\u00e9e par le groupe Wagner. Deux accus\u00e9s ont reconnu les faits. Le parquet \u00e9voque une op\u00e9ration d\u2019influence \u00e9trang\u00e8re visant des int\u00e9r\u00eats ukrainiens<\/strong><\/p>\n<p>Le <a href=\"https:\/\/www.20minutes.fr\/dossier\/proces?at_medium=RSS%20feed&amp;at_campaign=ynews&amp;utm_source=yahoo&amp;utm_medium=rss&amp;utm_campaign=news_feed&amp;utm_content=in_article_link\" rel=\"nofollow noopener\" target=\"_blank\" data-ylk=\"slk:proc\u00e8s;elm:context_link;itc:0;sec:content-canvas\" class=\"link \">proc\u00e8s<\/a> de six hommes accus\u00e9s d\u2019avoir incendi\u00e9 un entrep\u00f4t \u00e0 Londres li\u00e9 \u00e0 l\u2019aide humanitaire pour l\u2019<a href=\"https:\/\/www.20minutes.fr\/monde\/ukraine\/?at_medium=RSS%20feed&amp;at_campaign=ynews&amp;utm_source=yahoo&amp;utm_medium=rss&amp;utm_campaign=news_feed&amp;utm_content=in_article_link\" rel=\"nofollow noopener\" target=\"_blank\" data-ylk=\"slk:Ukraine;elm:context_link;itc:0;sec:content-canvas\" class=\"link \">Ukraine<\/a> s\u2019est ouvert mercredi devant la Cour criminelle de <a href=\"https:\/\/www.20minutes.fr\/dossier\/londres?at_medium=RSS%20feed&amp;at_campaign=ynews&amp;utm_source=yahoo&amp;utm_medium=rss&amp;utm_campaign=news_feed&amp;utm_content=in_article_link\" rel=\"nofollow noopener\" target=\"_blank\" data-ylk=\"slk:Londres;elm:context_link;itc:0;sec:content-canvas\" class=\"link \">Londres<\/a>. L\u2019attaque aurait \u00e9t\u00e9 men\u00e9e pour le compte du groupe paramilitaire <a href=\"https:\/\/www.20minutes.fr\/monde\/russie\/?at_medium=RSS%20feed&amp;at_campaign=ynews&amp;utm_source=yahoo&amp;utm_medium=rss&amp;utm_campaign=news_feed&amp;utm_content=in_article_link\" rel=\"nofollow noopener\" target=\"_blank\" data-ylk=\"slk:russe;elm:context_link;itc:0;sec:content-canvas\" class=\"link \">russe<\/a> Wagner, class\u00e9 organisation terroriste au <a href=\"https:\/\/www.20minutes.fr\/monde\/royaume-uni\/?at_medium=RSS%20feed&amp;at_campaign=ynews&amp;utm_source=yahoo&amp;utm_medium=rss&amp;utm_campaign=news_feed&amp;utm_content=in_article_link\" rel=\"nofollow noopener\" target=\"_blank\" data-ylk=\"slk:Royaume-Uni;elm:context_link;itc:0;sec:content-canvas\" class=\"link \">Royaume-Uni<\/a>.<\/p>\n<p>Le 20 mars\u00a02024, un violent <a href=\"https:\/\/www.20minutes.fr\/dossier\/incendie?at_medium=RSS%20feed&amp;at_campaign=ynews&amp;utm_source=yahoo&amp;utm_medium=rss&amp;utm_campaign=news_feed&amp;utm_content=in_article_link\" rel=\"nofollow noopener\" target=\"_blank\" data-ylk=\"slk:incendie;elm:context_link;itc:0;sec:content-canvas\" class=\"link \">incendie<\/a> avait ravag\u00e9 un site industriel \u00e0 Leyton, dans l\u2019est de Londres, mobilisant 60 pompiers. Le b\u00e2timent appartenait \u00e0 la soci\u00e9t\u00e9 Oddisey, qui exportait notamment des \u00e9quipements destin\u00e9s au syst\u00e8me satellitaire Starlink de <a href=\"https:\/\/www.20minutes.fr\/dossier\/spacex?at_medium=RSS%20feed&amp;at_campaign=ynews&amp;utm_source=yahoo&amp;utm_medium=rss&amp;utm_campaign=news_feed&amp;utm_content=in_article_link\" rel=\"nofollow noopener\" target=\"_blank\" data-ylk=\"slk:SpaceX;elm:context_link;itc:0;sec:content-canvas\" class=\"link \">SpaceX<\/a>, utilis\u00e9s en Ukraine. Le parquet affirme que l\u2019incendie \u00e9tait \u00ab\u00a0un acte criminel d\u00e9lib\u00e9r\u00e9, commis sur ordre d\u2019une influence \u00e9trang\u00e8re\u00a0\u00bb, selon les mots du procureur Duncan Penny.<\/p>\n<p>Une attaque contre un restaurant planifi\u00e9e<\/p>\n<p>Parmi les accus\u00e9s, Dylan Earl (20 ans) et Jake Reeves (22 ans) ont reconnu les faits. Le premier est qualifi\u00e9 d\u2019\u00ab\u00a0architecte\u00a0\u00bb de l\u2019attaque, en lien avec <a href=\"https:\/\/www.20minutes.fr\/monde\/groupe-wagner\/?at_medium=RSS%20feed&amp;at_campaign=ynews&amp;utm_source=yahoo&amp;utm_medium=rss&amp;utm_campaign=news_feed&amp;utm_content=in_article_link\" rel=\"nofollow noopener\" target=\"_blank\" data-ylk=\"slk:Wagner;elm:context_link;itc:0;sec:content-canvas\" class=\"link \">Wagner<\/a> via <a href=\"https:\/\/www.20minutes.fr\/high-tech\/telegram\/?at_medium=RSS%20feed&amp;at_campaign=ynews&amp;utm_source=yahoo&amp;utm_medium=rss&amp;utm_campaign=news_feed&amp;utm_content=in_article_link\" rel=\"nofollow noopener\" target=\"_blank\" data-ylk=\"slk:Telegram;elm:context_link;itc:0;sec:content-canvas\" class=\"link \">Telegram<\/a>. Il aurait exprim\u00e9 sa volont\u00e9 de \u00ab\u00a0mener des missions\u00a0\u00bb contre les int\u00e9r\u00eats ukrainiens. Le duo aurait \u00e9galement planifi\u00e9 une attaque contre un restaurant du centre de Londres et l\u2019enl\u00e8vement de son propri\u00e9taire.<\/p>\n<p><a href=\"https:\/\/www.20minutes.fr\/monde\/ukraine\/\" rel=\"nofollow noopener\" target=\"_blank\" data-ylk=\"slk:Nos articles sur la guerre en Ukraine;elm:context_link;itc:0;sec:content-canvas\" class=\"link \">Nos articles sur la guerre en Ukraine<\/a><\/p>\n<p>Les quatre autres pr\u00e9venus \u2013 Nii Mensah, Paul English, Jakeem Rose et Ugnius Asmena \u2013 contestent leur implication. Pourtant, l\u2019un d\u2019eux, Nii Mensah, aurait film\u00e9 l\u2019attaque en direct sur FaceTime. L\u2019accusation \u00e9voque des preuves \u00ab\u00a0accablantes\u00a0\u00bb. Deux autres hommes sont \u00e9galement poursuivis pour ne pas avoir signal\u00e9 des actes (&#8230;)<\/p>\n<p><a href=\"https:\/\/www.20minutes.fr\/monde\/ukraine\/4156983-20250604-guerre-ukraine-six-hommes-accuses-avoir-organise-incendie-profit-russie-juges-londres?at_medium=RSS%20feed&amp;at_campaign=ynews&amp;utm_source=yahoo&amp;utm_medium=rss&amp;utm_campaign=news_feed&amp;utm_content=read_more_link&quot;\" rel=\"nofollow noopener\" target=\"_blank\" data-ylk=\"slk:Lire la suite sur 20minutes;elm:context_link;itc:0;sec:content-canvas\" class=\"link \">Lire la suite sur 20minutes<\/a><\/p>\n<p>\u00c0 lire aussi :<br \/><a href=\"https:\/\/www.20minutes.fr\/monde\/ukraine\/4156979-20250604-guerre-ukraine-treve-russie-impasse-trump-croit-plus?at_medium=RSS%20feed&amp;at_campaign=ynews&amp;utm_source=yahoo&amp;utm_medium=rss&amp;utm_campaign=news_feed&amp;utm_content=related_content_link\" rel=\"nofollow noopener\" target=\"_blank\" data-ylk=\"slk:Guerre en Ukraine\u00a0: La tr\u00eave avec la Russie dans une impasse, m\u00eame Trump n\u2019y croit plus;elm:context_link;itc:0;sec:content-canvas\" class=\"link \">Guerre en Ukraine\u00a0: La tr\u00eave avec la Russie dans une impasse, m\u00eame Trump n\u2019y croit plus<\/a><br \/><a href=\"https:\/\/www.20minutes.fr\/monde\/4156768-20250603-guerre-ukraine-russie-envisage-paix-court-terme-nombre-morts-alourdit?at_medium=RSS%20feed&amp;at_campaign=ynews&amp;utm_source=yahoo&amp;utm_medium=rss&amp;utm_campaign=news_feed&amp;utm_content=related_content_link\" rel=\"nofollow noopener\" target=\"_blank\" data-ylk=\"slk:Guerre en Ukraine\u00a0: La Russie n\u2019envisage pas la paix \u00e0 court terme, le nombre de morts s\u2019alourdit;elm:context_link;itc:0;sec:content-canvas\" class=\"link \">Guerre en Ukraine\u00a0: La Russie n\u2019envisage pas la paix \u00e0 court terme, le nombre de morts s\u2019alourdit<\/a><\/p>\n","protected":false},"excerpt":{"rendered":"ROYAUME-UNI &#8211; L\u2019attaque, survenue en\u00a02024, aurait \u00e9t\u00e9 commandit\u00e9e par le groupe Wagner. Deux accus\u00e9s ont reconnu les faits.&hellip;\n","protected":false},"author":2,"featured_media":152421,"comment_status":"","ping_status":"","sticky":false,"template":"","format":"standard","meta":{"footnotes":""},"categories":[1590],"tags":[25354,11,1777,674,28197,4534,12,473,220],"class_list":{"0":"post-152420","1":"post","2":"type-post","3":"status-publish","4":"format-standard","5":"has-post-thumbnail","7":"category-ukraine","8":"tag-accuses","9":"tag-actualites","10":"tag-eu","11":"tag-europe","12":"tag-influence-etrangere","13":"tag-londres","14":"tag-news","15":"tag-royaume-uni","16":"tag-ukraine"},"share_on_mastodon":{"url":"https:\/\/pubeurope.com\/@fr\/114627336179664429","error":""},"_links":{"self":[{"href":"https:\/\/www.europesays.com\/fr\/wp-json\/wp\/v2\/posts\/152420","targetHints":{"allow":["GET"]}}],"collection":[{"href":"https:\/\/www.europesays.com\/fr\/wp-json\/wp\/v2\/posts"}],"about":[{"href":"https:\/\/www.europesays.com\/fr\/wp-json\/wp\/v2\/types\/post"}],"author":[{"embeddable":true,"href":"https:\/\/www.europesays.com\/fr\/wp-json\/wp\/v2\/users\/2"}],"replies":[{"embeddable":true,"href":"https:\/\/www.europesays.com\/fr\/wp-json\/wp\/v2\/comments?post=152420"}],"version-history":[{"count":0,"href":"https:\/\/www.europesays.com\/fr\/wp-json\/wp\/v2\/posts\/152420\/revisions"}],"wp:featuredmedia":[{"embeddable":true,"href":"https:\/\/www.europesays.com\/fr\/wp-json\/wp\/v2\/media\/152421"}],"wp:attachment":[{"href":"https:\/\/www.europesays.com\/fr\/wp-json\/wp\/v2\/media?parent=152420"}],"wp:term":[{"taxonomy":"category","embeddable":true,"href":"https:\/\/www.europesays.com\/fr\/wp-json\/wp\/v2\/categories?post=152420"},{"taxonomy":"post_tag","embeddable":true,"href":"https:\/\/www.europesays.com\/fr\/wp-json\/wp\/v2\/tags?post=152420"}],"curies":[{"name":"wp","href":"https:\/\/api.w.org\/{rel}","templated":true}]}}