{"id":152422,"date":"2025-06-04T21:58:10","date_gmt":"2025-06-04T21:58:10","guid":{"rendered":"https:\/\/www.europesays.com\/fr\/152422\/"},"modified":"2025-06-04T21:58:10","modified_gmt":"2025-06-04T21:58:10","slug":"les-etats-unis-opposent-leur-veto-a-une-resolution-de-lonu-appelant-a-un-cessez-le-feu-a-gaza","status":"publish","type":"post","link":"https:\/\/www.europesays.com\/fr\/152422\/","title":{"rendered":"Les \u00c9tats-Unis opposent leur v\u00e9to \u00e0 une r\u00e9solution de l\u2019ONU appelant \u00e0 un cessez-le-feu \u00e0 Gaza"},"content":{"rendered":"<p>Les \u00c9tats-Unis ont une nouvelle fois emp\u00each\u00e9, mercredi 4\u00a0juin, le vote d\u2019une r\u00e9solution du Conseil de s\u00e9curit\u00e9 de l\u2019ONU appelant \u00e0 \u00ab\u00a0un cessez-le-feu imm\u00e9diat, inconditionnel et permanent\u00a0\u00bb dans la bande de Gaza, en faisant usage de leur droit de v\u00e9to. Cette r\u00e9solution r\u00e9clamait aussi la lev\u00e9e \u00ab\u00a0imm\u00e9diate et inconditionnelle de toutes les restrictions \u00e0 l\u2019entr\u00e9e de l\u2019aide humanitaire \u00e0 Gaza et sa distribution s\u00fbre et sans entrave \u00e0 grande \u00e9chelle\u00a0\u00bb et\u00a0la lib\u00e9ration sans condition des otages.<\/p>\n<p>Soumise au vote par les dix membres non permanents du Conseil, elle a recueilli 14 voix pour et une seule contre, celle des \u00c9tats-Unis. Dorothy Shea, l\u2019ambassadrice am\u00e9ricaine par int\u00e9rim \u00e0 l\u2019ONU, a justifi\u00e9 son vote, en jugeant cette r\u00e9solution \u00ab\u00a0inacceptable pour ce qu\u2019il dit et inacceptable pour ce qu\u2019il ne dit pas\u00a0\u00bb, estimant qu\u2019elle \u00ab\u00a0saperait les efforts diplomatiques pour parvenir \u00e0 un cessez-le-feu qui refl\u00e8te la r\u00e9alit\u00e9 sur le terrain, et encouragerait le Hamas\u00a0\u00bb.<\/p>\n<p>M\u00eame si les \u00c9tats-Unis ont d\u00e9j\u00e0 bloqu\u00e9 \u00e0 plusieurs reprises des projets de r\u00e9solution de l\u2019ONU concernant la guerre entre le Hamas et l\u2019\u00c9tat h\u00e9breux depuis l\u2019attaque du 7\u00a0octobre 2023, c\u2019est actuellement la premi\u00e8re fois qu\u2019ils le font depuis le retour \u00e0 la Maison-Blanche de Donald Trump. Les Russes et les Chinois, de leur c\u00f4t\u00e9, ont aussi oppos\u00e9 leur v\u00e9to \u00e0 d\u2019autres projets de r\u00e9solution.\ufeff<\/p>\n<p>\u00ab\u00a0Nous serons tous jug\u00e9s par l\u2019Histoire\u00a0\u00bb<\/p>\n<p>Alors que l\u2019ONU d\u00e9nonce depuis plusieurs mois les restrictions impos\u00e9es par Isra\u00ebl sur l\u2019aide humanitaire, l\u2019\u00c9tat h\u00e9breu ne laisse passer toujours qu\u2019une\u00a0quantit\u00e9 limit\u00e9e de camions. Les incidents de ces derniers jours lors de distributions, organis\u00e9es par la Fondation humanitaire de Gaza, soutenue par Isra\u00ebl et les \u00c9tats-Unis, qui ont fait plusieurs dizaines de morts, ont accentu\u00e9 la pression sur l\u2019\u00c9tat h\u00e9breu.<\/p>\n<p>\u00ab\u00a0Nous serons tous jug\u00e9s par l\u2019Histoire sur ce que nous avons fait pour stopper ce crime contre le peuple palestinien\u00a0\u00bb, a d\u00e9clar\u00e9, mardi, Riyad Mansour, l\u2019ambassadeur palestinien aux Nations unies, appelant le Conseil de s\u00e9curit\u00e9 \u00e0 agir. Danny Danon, son homologue isra\u00e9lien, a lui fustig\u00e9, mercredi, une r\u00e9solution qui \u00ab\u00a0ne fait pas avancer l\u2019assistance humanitaire\u00a0\u00bb, jugeant qu&rsquo; \u00ab\u00a0elle la sape\u00a0\u00bb, \u00ab\u00a0ignore un syst\u00e8me qui fonctionne pour favoriser un objectif politique\u00a0\u00bb et \u00ab\u00a0ignore la seule partie qui met toujours en danger les civils de Gaza\u00a0: le Hamas\u00a0\u00bb.<\/p>\n<p>La derni\u00e8re r\u00e9solution vot\u00e9e par le Conseil de s\u00e9curit\u00e9 de l\u2019ONU sur la guerre entre le Hamas et Isra\u00ebl remonte \u00e0 juin\u00a02024\u00a0: il s\u2019agissait du soutien \u00e0 un plan am\u00e9ricain de cessez-le-feu en plusieurs phases accompagn\u00e9es de lib\u00e9rations d\u2019otages. Un cessez-le-feu qui s\u2019est finalement mat\u00e9rialis\u00e9 qu\u2019en janvier\u00a02025.<\/p>\n","protected":false},"excerpt":{"rendered":"Les \u00c9tats-Unis ont une nouvelle fois emp\u00each\u00e9, mercredi 4\u00a0juin, le vote d\u2019une r\u00e9solution du Conseil de s\u00e9curit\u00e9 de&hellip;\n","protected":false},"author":2,"featured_media":152423,"comment_status":"","ping_status":"","sticky":false,"template":"","format":"standard","meta":{"footnotes":""},"categories":[1589],"tags":[328,11,73,1866,329,664,74,12,316,1864,1865,1863,308],"class_list":{"0":"post-152422","1":"post","2":"type-post","3":"status-publish","4":"format-standard","5":"has-post-thumbnail","7":"category-etats-unis","8":"tag-a-la-une","9":"tag-actualites","10":"tag-etats-unis","11":"tag-etats-unis-damerique","12":"tag-france-monde","13":"tag-israel","14":"tag-monde","15":"tag-news","16":"tag-politique","17":"tag-united-states","18":"tag-united-states-of-america","19":"tag-us","20":"tag-usa"},"share_on_mastodon":{"url":"https:\/\/pubeurope.com\/@fr\/114627340065471046","error":""},"_links":{"self":[{"href":"https:\/\/www.europesays.com\/fr\/wp-json\/wp\/v2\/posts\/152422","targetHints":{"allow":["GET"]}}],"collection":[{"href":"https:\/\/www.europesays.com\/fr\/wp-json\/wp\/v2\/posts"}],"about":[{"href":"https:\/\/www.europesays.com\/fr\/wp-json\/wp\/v2\/types\/post"}],"author":[{"embeddable":true,"href":"https:\/\/www.europesays.com\/fr\/wp-json\/wp\/v2\/users\/2"}],"replies":[{"embeddable":true,"href":"https:\/\/www.europesays.com\/fr\/wp-json\/wp\/v2\/comments?post=152422"}],"version-history":[{"count":0,"href":"https:\/\/www.europesays.com\/fr\/wp-json\/wp\/v2\/posts\/152422\/revisions"}],"wp:featuredmedia":[{"embeddable":true,"href":"https:\/\/www.europesays.com\/fr\/wp-json\/wp\/v2\/media\/152423"}],"wp:attachment":[{"href":"https:\/\/www.europesays.com\/fr\/wp-json\/wp\/v2\/media?parent=152422"}],"wp:term":[{"taxonomy":"category","embeddable":true,"href":"https:\/\/www.europesays.com\/fr\/wp-json\/wp\/v2\/categories?post=152422"},{"taxonomy":"post_tag","embeddable":true,"href":"https:\/\/www.europesays.com\/fr\/wp-json\/wp\/v2\/tags?post=152422"}],"curies":[{"name":"wp","href":"https:\/\/api.w.org\/{rel}","templated":true}]}}