{"id":152429,"date":"2025-06-04T22:02:09","date_gmt":"2025-06-04T22:02:09","guid":{"rendered":"https:\/\/www.europesays.com\/fr\/152429\/"},"modified":"2025-06-04T22:02:09","modified_gmt":"2025-06-04T22:02:09","slug":"lunion-europeenne-prepare-le-retour-des-refugies-ukrainiens-chez-eux","status":"publish","type":"post","link":"https:\/\/www.europesays.com\/fr\/152429\/","title":{"rendered":"L&rsquo;Union europ\u00e9enne pr\u00e9pare le retour des r\u00e9fugi\u00e9s ukrainiens chez eux"},"content":{"rendered":"<p>Trois ans apr\u00e8s avoir ouvert ses portes aux millions de r\u00e9fugi\u00e9s ukrainiens fuyant la guerre, la Commission europ\u00e9enne a mis sur la table une feuille de route qui doit permettre d&rsquo;\u00e9claircir leur situation, qu&rsquo;ils veuillent rester dans l&rsquo;UE ou rentrer au pays.<\/p>\n<p>\u00ab L&rsquo;avenir de l&rsquo;<strong><a href=\"https:\/\/www.rfi.fr\/fr\/tag\/ukraine\/\" rel=\"nofollow noopener\" target=\"_blank\" data-ylk=\"slk:Ukraine;elm:context_link;itc:0;sec:content-canvas\" class=\"link \">Ukraine<\/a><\/strong> d\u00e9pend du retour de ses habitants \u00bb, affirme le vice-premier ministre ukrainien, Oleksiy Tchernyshov, venu \u00e0 Bruxelles pour pr\u00e9senter le plan \u00e9labor\u00e9 en commun avec la Commission europ\u00e9enne. Voil\u00e0 presque deux ans et demi que 4,3 millions d&rsquo;Ukrainiens ont fui leur pays, apr\u00e8s le d\u00e9but de l&rsquo;invasion russe en f\u00e9vrier 2022, rappelle notre correspondant \u00e0 Bruxelles, <strong>Pierre Benazet<\/strong>. Ils ont trouv\u00e9 refuge, pour la plupart, en Allemagne, en Pologne et en R\u00e9publique tch\u00e8que.<\/p>\n<p>La pr\u00e9occupation du gouvernement de Kiev est \u00e9videmment de voir revenir la plus grande partie de ces r\u00e9fugi\u00e9s, qui constitueront les forces vives n\u00e9cessaires \u00e0 la reconstruction du pays. Dans cette strat\u00e9gie commune figurent des programmes de retours volontaires, appuy\u00e9s sur des centres d&rsquo;information sur la situation dans le pays, ville par ville. Il est m\u00eame question d&rsquo;organiser des voyages, pour que les r\u00e9fugi\u00e9s puissent aller se rendre compte sur place des conditions de retour.<\/p>\n<p>\u00c0 \u00e9couter aussi<a href=\"https:\/\/www.rfi.fr\/fr\/podcasts\/accents-d-europe\/20250604-ukraine-le-r\u00f4le-cl\u00e9-de-la-r\u00e9sistance-civile-face-\u00e0-la-russie\" class=\"link \" rel=\"nofollow noopener\" target=\"_blank\" data-ylk=\"slk:Ukraine : le r\u00f4le-cl\u00e9 de la r\u00e9sistance civile face \u00e0 la Russie;elm:context_link;itc:0;sec:content-canvas\">Ukraine : le r\u00f4le-cl\u00e9 de la r\u00e9sistance civile face \u00e0 la Russie<\/a><\/p>\n<p><a href=\"https:\/\/www.rfi.fr\/fr\/europe\/20250604-l-union-europ%C3%A9enne-pr%C3%A9pare-le-retour-des-r%C3%A9fugi%C3%A9s-ukrainiens-chez-eux\" rel=\"nofollow noopener\" target=\"_blank\" data-ylk=\"slk:Lire la suite sur RFI;elm:context_link;itc:0;sec:content-canvas\" class=\"link \">Lire la suite sur RFI<\/a><\/p>\n","protected":false},"excerpt":{"rendered":"Trois ans apr\u00e8s avoir ouvert ses portes aux millions de r\u00e9fugi\u00e9s ukrainiens fuyant la guerre, la Commission europ\u00e9enne&hellip;\n","protected":false},"author":2,"featured_media":152430,"comment_status":"","ping_status":"","sticky":false,"template":"","format":"standard","meta":{"footnotes":""},"categories":[1586],"tags":[11,2196,1777,674,1779,18399,1011,27,23800,12,2495,25,1778,364],"class_list":{"0":"post-152429","1":"post","2":"type-post","3":"status-publish","4":"format-standard","5":"has-post-thumbnail","7":"category-europe","8":"tag-actualites","9":"tag-commission-europeenne","10":"tag-eu","11":"tag-europe","12":"tag-european-union","13":"tag-feuille-de-route","14":"tag-fr","15":"tag-france","16":"tag-le-pays","17":"tag-news","18":"tag-refugies","19":"tag-republique-francaise","20":"tag-ue","21":"tag-union-europeenne"},"share_on_mastodon":{"url":"https:\/\/pubeurope.com\/@fr\/114627355940748309","error":""},"_links":{"self":[{"href":"https:\/\/www.europesays.com\/fr\/wp-json\/wp\/v2\/posts\/152429","targetHints":{"allow":["GET"]}}],"collection":[{"href":"https:\/\/www.europesays.com\/fr\/wp-json\/wp\/v2\/posts"}],"about":[{"href":"https:\/\/www.europesays.com\/fr\/wp-json\/wp\/v2\/types\/post"}],"author":[{"embeddable":true,"href":"https:\/\/www.europesays.com\/fr\/wp-json\/wp\/v2\/users\/2"}],"replies":[{"embeddable":true,"href":"https:\/\/www.europesays.com\/fr\/wp-json\/wp\/v2\/comments?post=152429"}],"version-history":[{"count":0,"href":"https:\/\/www.europesays.com\/fr\/wp-json\/wp\/v2\/posts\/152429\/revisions"}],"wp:featuredmedia":[{"embeddable":true,"href":"https:\/\/www.europesays.com\/fr\/wp-json\/wp\/v2\/media\/152430"}],"wp:attachment":[{"href":"https:\/\/www.europesays.com\/fr\/wp-json\/wp\/v2\/media?parent=152429"}],"wp:term":[{"taxonomy":"category","embeddable":true,"href":"https:\/\/www.europesays.com\/fr\/wp-json\/wp\/v2\/categories?post=152429"},{"taxonomy":"post_tag","embeddable":true,"href":"https:\/\/www.europesays.com\/fr\/wp-json\/wp\/v2\/tags?post=152429"}],"curies":[{"name":"wp","href":"https:\/\/api.w.org\/{rel}","templated":true}]}}