{"id":152431,"date":"2025-06-04T22:03:21","date_gmt":"2025-06-04T22:03:21","guid":{"rendered":"https:\/\/www.europesays.com\/fr\/152431\/"},"modified":"2025-06-04T22:03:21","modified_gmt":"2025-06-04T22:03:21","slug":"edouard-philippe-enfin-une-droite-pas-demago-liberation","status":"publish","type":"post","link":"https:\/\/www.europesays.com\/fr\/152431\/","title":{"rendered":"Edouard Philippe, enfin une droite pas d\u00e9mago \u2013 Lib\u00e9ration"},"content":{"rendered":"<p class=\"sc-ksZaOG ehjQrN text-element\">Partir des faits plut\u00f4t que des fantasmes que l\u2019on a soi-m\u00eame aliment\u00e9s, voil\u00e0 une attitude dont la droite avait perdu l\u2019habitude. Attitude qui est celle d\u2019<a href=\"https:\/\/www.liberation.fr\/politique\/edouard-philippe-et-emmanuel-macron-ensemble-separement-20250602_2AMTT5ZTURCAJM5444RJHSXA6M\/\" target=\"_blank\" rel=\"noopener\" title=\"https:\/\/www.liberation.fr\/politique\/edouard-philippe-et-emmanuel-macron-ensemble-separement-20250602_2AMTT5ZTURCAJM5444RJHSXA6M\/\">Edouard Philippe<\/a> dans son petit livre intitul\u00e9 le Prix de nos mensonges (Ed. JC Latt\u00e8s), et qu\u2019il faut saluer. Par les temps r\u00e9acs qui courent, vu de gauche, on en vient \u00e0 observer, un peu effray\u00e9, la droite d\u2019aujourd\u2019hui en regrettant les Giscard et les Chirac. Pire, quand on regarde la droite am\u00e9ricaine on se surprend, l\u2019espace d\u2019un instant, \u00e0 \u00e9prouver une pinc\u00e9e de nostalgie pour <a href=\"https:\/\/www.liberation.fr\/planete\/2018\/12\/01\/mort-de-george-bush-pere-dernier-president-de-la-guerre-froide_1542732\/?redirected=1\" target=\"_blank\" rel=\"noopener\" title=\"https:\/\/www.liberation.fr\/planete\/2018\/12\/01\/mort-de-george-bush-pere-dernier-president-de-la-guerre-froide_1542732\/?redirected=1\">Bush p\u00e8re<\/a> et m\u00eame fils.<\/p>\n<p class=\"sc-ksZaOG ehjQrN text-element\">Edouard Philippe, lui, prend le contre-pied de la mode identitaire en revenant aux fondamentaux d\u2019une dr<\/p>\n","protected":false},"excerpt":{"rendered":"Partir des faits plut\u00f4t que des fantasmes que l\u2019on a soi-m\u00eame aliment\u00e9s, voil\u00e0 une attitude dont la droite&hellip;\n","protected":false},"author":2,"featured_media":152432,"comment_status":"","ping_status":"","sticky":false,"template":"","format":"standard","meta":{"footnotes":""},"categories":[2],"tags":[11,3080,1011,27,12,25],"class_list":{"0":"post-152431","1":"post","2":"type-post","3":"status-publish","4":"format-standard","5":"has-post-thumbnail","7":"category-actualites","8":"tag-actualites","9":"tag-edouard-philippe","10":"tag-fr","11":"tag-france","12":"tag-news","13":"tag-republique-francaise"},"share_on_mastodon":{"url":"https:\/\/pubeurope.com\/@fr\/114627359788589052","error":""},"_links":{"self":[{"href":"https:\/\/www.europesays.com\/fr\/wp-json\/wp\/v2\/posts\/152431","targetHints":{"allow":["GET"]}}],"collection":[{"href":"https:\/\/www.europesays.com\/fr\/wp-json\/wp\/v2\/posts"}],"about":[{"href":"https:\/\/www.europesays.com\/fr\/wp-json\/wp\/v2\/types\/post"}],"author":[{"embeddable":true,"href":"https:\/\/www.europesays.com\/fr\/wp-json\/wp\/v2\/users\/2"}],"replies":[{"embeddable":true,"href":"https:\/\/www.europesays.com\/fr\/wp-json\/wp\/v2\/comments?post=152431"}],"version-history":[{"count":0,"href":"https:\/\/www.europesays.com\/fr\/wp-json\/wp\/v2\/posts\/152431\/revisions"}],"wp:featuredmedia":[{"embeddable":true,"href":"https:\/\/www.europesays.com\/fr\/wp-json\/wp\/v2\/media\/152432"}],"wp:attachment":[{"href":"https:\/\/www.europesays.com\/fr\/wp-json\/wp\/v2\/media?parent=152431"}],"wp:term":[{"taxonomy":"category","embeddable":true,"href":"https:\/\/www.europesays.com\/fr\/wp-json\/wp\/v2\/categories?post=152431"},{"taxonomy":"post_tag","embeddable":true,"href":"https:\/\/www.europesays.com\/fr\/wp-json\/wp\/v2\/tags?post=152431"}],"curies":[{"name":"wp","href":"https:\/\/api.w.org\/{rel}","templated":true}]}}