{"id":152435,"date":"2025-06-04T22:05:23","date_gmt":"2025-06-04T22:05:23","guid":{"rendered":"https:\/\/www.europesays.com\/fr\/152435\/"},"modified":"2025-06-04T22:05:23","modified_gmt":"2025-06-04T22:05:23","slug":"lessentiel-avant-france-espagne","status":"publish","type":"post","link":"https:\/\/www.europesays.com\/fr\/152435\/","title":{"rendered":"L&rsquo;essentiel avant France &#8211; Espagne"},"content":{"rendered":"<p>                                                              <img data-twic-src=\"https:\/\/www.europesays.com\/fr\/wp-content\/uploads\/2025\/06\/c9868a3c53dee1a12576ab382e791143.jpeg\" data-credit=\"Anthony BIBARD \/ FEP \/ ICON SPORT\" title=\"Anthony BIBARD \/ FEP \/ ICON SPORT\" alt=\"France\" class=\"block\"\/>                                        <\/p>\n<p style=\"font-weight: bold\">L&rsquo;\u00c9quipe de France est \u00e0 deux rencontres de remporter sa deuxi\u00e8me Ligue des Nations. Les Bleus seront oppos\u00e9s \u00e0 l&rsquo;Espagne ce jeudi 5 juin (21h00, sur TF1) \u00e0 Stuttgart, pour tenter de rejoindre la finale de la comp\u00e9tition.<\/p>\n<p>    \u00a0LE CONTEXTE\u00a0<\/p>\n<p>Fin mars, les Bleus nous ont mis l\u2019eau \u00e0 la bouche, en allant d\u00e9crocher leur qualification pour le Final Four de la Ligue des Nations au bout de la nuit et des p\u00e9naltys, dans un Stade de France incandescent, face \u00e0 une valeureuse Croatie <a href=\"https:\/\/www.fff.fr\/article\/14392-c-est-comme-ca-qu-on-les-aime.html\" target=\"_blank\" rel=\"noopener\">(2-0, 5 tab 4)<\/a>. C\u2019est sur cette touche de folie \u2013 ponctu\u00e9e par la meilleure audience de la saison \u2013 que la bande \u00e0 Didier Deschamps a laiss\u00e9 son public, annon\u00e7ant forc\u00e9ment une demi-finale explosive contre l\u2019Espagne, d\u00e9but juin.<\/p>\n<p><img decoding=\"async\" src=\"https:\/\/www.europesays.com\/fr\/wp-content\/uploads\/2025\/06\/3e71fccbdda35cf0e9aae2fc7ee134ac.jpeg\" alt=\"\"\/>L&rsquo;\u00e9motion des joueurs de l&rsquo;\u00c9quipe de France \u00e0 l&rsquo;issue de la s\u00e9ances des tirs au but face \u00e0 la Croatie (photo Baptiste FERNANDEZ \/ ICON SPORT).<\/p>\n<p>Entre temps, la fin de saison a \u00e9t\u00e9 pleine de r\u00e9ussite pour certains joueurs de l\u2019\u00c9quipe de France, \u00e0 commencer par les cinq parisiens (<a href=\"https:\/\/www.fff.fr\/equipe-nationale\/joueur\/8736-dembele-ousmane\/fiche.html\" target=\"_blank\" rel=\"noopener\">Ousmane Demb\u00e9l\u00e9<\/a>, <a href=\"https:\/\/www.fff.fr\/equipe-nationale\/joueur\/10341-doue-desire\/fiche.html\" target=\"_blank\" rel=\"noopener\">D\u00e9sir\u00e9 Dou\u00e9<\/a>, <a href=\"https:\/\/www.fff.fr\/equipe-nationale\/joueur\/10632-barcola-bradley\/fiche.html\" target=\"_blank\" rel=\"noopener\">Bradley Barcola<\/a>, <a href=\"https:\/\/www.fff.fr\/equipe-nationale\/joueur\/10466-zaire-emery-warren\/fiche.html\" target=\"_blank\" rel=\"noopener\">Warren Za\u00efre-Emery<\/a> et <a href=\"https:\/\/www.fff.fr\/equipe-nationale\/joueur\/8726-hernandez-lucas\/fiche.htmlhttps:\/\/www.fff.fr\/equipe-nationale\/joueur\/8726-hernandez-lucas\/fiche.html\" target=\"_blank\" rel=\"noopener\">Lucas Hernandez<\/a>) sacr\u00e9s champions d\u2019Europe samedi (5-0 vs Inter Milan), apr\u00e8s avoir rafl\u00e9 la Ligue 1 McDonald\u2019s et la Coupe de France. <a href=\"https:\/\/www.fff.fr\/equipe-nationale\/joueur\/8837-konate-ibrahima\/fiche.html\" target=\"_blank\" rel=\"noopener\">Ibrahima Konat\u00e9<\/a> (Liverpool FC) et <a href=\"https:\/\/www.fff.fr\/equipe-nationale\/joueur\/9498-olise-michael\/fiche.html\" target=\"_blank\" rel=\"noopener\">Michael Olise<\/a> (Bayern Munich) ont \u00e9t\u00e9 couronn\u00e9s sur la sc\u00e8ne nationale avec leurs clubs respectifs tandis que <a href=\"https:\/\/www.fff.fr\/equipe-nationale\/joueur\/8378-gusto-malo\/fiche.html\" target=\"_blank\" rel=\"noopener\">Malo Gusto<\/a> (Chelsea FC) a triomph\u00e9 en Conf\u00e9rence League (4-1 vs Betis S\u00e9ville) avec le club anglais. De son c\u00f4t\u00e9, le capitaine tricolore <a href=\"https:\/\/www.fff.fr\/equipe-nationale\/joueur\/8566-mbappe-kylian\/fiche.html\" target=\"_blank\" rel=\"noopener\">Kylian Mbapp\u00e9<\/a> a remport\u00e9 le soulier d\u2019or europ\u00e9en (31 r\u00e9alisations en championnat).<\/p>\n<p><img decoding=\"async\" src=\"https:\/\/www.europesays.com\/fr\/wp-content\/uploads\/2025\/06\/02f363a330f9f9d873e59da50a843c92.jpeg\" alt=\"\"\/>D\u00e9sir\u00e9 Dou\u00e9 et Ousmane Demb\u00e9l\u00e9 ont permis au PSG de ramener la premi\u00e8re Ligue des champions du club de la capitale (photo Anthony BIBARD \/ FEP \/ ICON SPORT).<\/p>\n<p>Des performances remarqu\u00e9es pour les Bleus, qui arrivent en confiance avant d\u2019affronter l\u2019Espagne, ce jeudi 5 juin (21h00, sur TF1) \u00e0 la Stuttgart Arena.\u00a0<\/p>\n<p>Cependant, Didier Deschamps ne pourra pas compter sur certains cadres, \u00e0 l\u2019instar de William Saliba, Jules Kound\u00e9, ou Dayot Upamecano, tous titulaires face \u00e0 la Croatie. \u00ab L&rsquo;id\u00e9al c&rsquo;est d&rsquo;avoir tout le monde de disponible. Ils ne sont pas l\u00e0, \u00e7a laissera du temps de jeu aux autres. \u00c9videmment, quand \u00e7a tombe contre l\u2019Espagne, ce n\u2019est pas l\u2019id\u00e9al \u00bb a d\u00e9clar\u00e9 le s\u00e9lectionneur national.<\/p>\n<p>\u00a0LE MATCH\u00a0<\/p>\n<p>Pr\u00e8s d\u2019un an apr\u00e8s la demi-finale perdue face \u00e0 l\u2019Espagne (1-2) \u00e0 l\u2019Euro 2024, l\u2019\u00c9quipe de France retrouve la Roja, encore en demie, et encore sur le sol allemand. Au XXIe si\u00e8cle, les Espagnols ont souvent pos\u00e9 des probl\u00e8mes aux Bleus, \u00e9tant l\u2019\u00e9quipe contre qui la France a le plus perdu au XXIe si\u00e8cle (sept d\u00e9faites). N\u00e9anmoins, les Tricolores ont remport\u00e9 neuf de leurs dix derni\u00e8res demi-finales, \u00e0 l\u2019exception de celle disput\u00e9e l\u2019an dernier \u00e0 Munich.<\/p>\n<p>7<\/p>\n<p>victoires de l&rsquo;Espagne face \u00e0 la France au XXIe si\u00e8cle.<\/p>\n<p>3<\/p>\n<p>victoires seulement pour les Bleus face \u00e0 la Roja au XXIe si\u00e8cle.<\/p>\n<p>Bien que l\u2019Euro soit \u00ab un cran au-dessus \u00bb en termes de prestige, Ibrahima Konat\u00e9, pr\u00e9sent en conf\u00e9rence de presse, ne minimise pas la possibilit\u00e9 d\u2019aller remporter un nouveau titre avec les Bleus : \u00ab Lorsqu&rsquo;on atteint les demi-finales d&rsquo;une comp\u00e9tition, ce n&rsquo;est pas tous les jours. Il y a des joueurs dans ce groupe qui n&rsquo;ont pas encore eu de titres. C&rsquo;est un troph\u00e9e suppl\u00e9mentaire pour moi \u00e0 aller chercher cette saison, \u00e7a change la donne \u00bb a d\u00e9clar\u00e9 le d\u00e9fenseur fran\u00e7ais.<\/p>\n<p><img decoding=\"async\" src=\"https:\/\/www.europesays.com\/fr\/wp-content\/uploads\/2025\/06\/1aa1a3f034383101194e4f1463c9b096.jpeg\" alt=\"\"\/>Le dernier France &#8211; Espagne en Ligue des Nations, remport\u00e9 en finale par les Bleus (photo Emilio ANDREOLI \/ UEFA \/ ICON SPORT).<\/p>\n<p>Un propos appuy\u00e9 par son s\u00e9lectionneur Didier Deschamps dans la foul\u00e9e, qui face au sentiment de revanche qui entoure la rencontre, a pr\u00e9cis\u00e9 que le groupe France n\u2019\u00e9tait pas dans cet \u00e9tat d\u2019esprit : \u00ab Je n&rsquo;aime pas parler de revanche. Un an, c&rsquo;est beaucoup. Je ne vais pas revenir sur le match de l\u2019Euro, l&rsquo;Espagne avait \u00e9t\u00e9 sup\u00e9rieure. Mais paradoxalement, il y avait la sensation de ne pas \u00eatre pass\u00e9s si loin. Il n&rsquo;y aura pas forc\u00e9ment les m\u00eames joueurs. On veut jouer la finale dimanche. \u00bb<\/p>\n<p>Ce France \u2013 Espagne r\u00e9sonne m\u00e9diatiquement comme un argument de poids en vue de l\u2019attribution du Ballon d\u2019Or o\u00f9 l\u2019ailier des Bleus Ousmane Demb\u00e9l\u00e9 est plus que jamais en course. En face, Lamine Yamal est \u00e9galement un s\u00e9rieux candidat au troph\u00e9e qui sera d\u00e9cern\u00e9 le 22 septembre prochain. Mais pas pour Ibrahima Konat\u00e9, qui a t\u00e9moign\u00e9 un soutien ind\u00e9fectible \u00e0 son co\u00e9quipier en Bleu : \u00ab Je suis l\u2019homme le plus heureux pour lui, il a r\u00e9alis\u00e9 une saison exceptionnelle et en toute honn\u00eatet\u00e9 oui, c\u2019est lui qui m\u00e9rite le Ballon d\u2019Or, qui ne se jouera pas jeudi \u00bb.<\/p>\n<p><img decoding=\"async\" src=\"https:\/\/www.europesays.com\/fr\/wp-content\/uploads\/2025\/06\/f75a65f94fd78174b8d5486539647ccd.jpeg\" alt=\"\"\/>Ousmane Demb\u00e9l\u00e9, candidat au Ballon d&rsquo;or, avait inscrit le but du 2-0 face \u00e0 la Croatie, synonyme de prolongations (photo Baptiste FERNANDEZ \/ ICON SPORT).<\/p>\n<p>\u00a0L\u2019ADVERSAIRE\u00a0<\/p>\n<p>L\u2019Espagne a retrouv\u00e9 ses standards de performance, apr\u00e8s plusieurs ann\u00e9es compliqu\u00e9es. La s\u00e9lection men\u00e9e par Luis de la Fuente a remport\u00e9 la Ligue des Nations 2023 puis l\u2019Euro 2024 en pratiquant un football chatoyant et en dominant tous ses adversaires de la t\u00eate et des \u00e9paules. En matchs officiels, la Roja est invaincue depuis mars 2023 (0-2 contre l\u2019\u00c9cosse), soit une s\u00e9rie de vingt-trois rencontres sans d\u00e9faites.<\/p>\n<p>23<\/p>\n<p>matchs sans d\u00e9faite pour l&rsquo;Espagne (s\u00e9rie qui dure depuis mars 2023).<\/p>\n<p>3\u00c8ME<\/p>\n<p>demi-finale de Ligue des Nations cons\u00e9cutive pour la Roja.<\/p>\n<p>\u00ab C\u2019est une \u00e9quipe avec beaucoup de qualit\u00e9s individuelles et collectives \u00bb a d\u00e9clar\u00e9 Ibrahima Konat\u00e9. Le joueur de Liverpool a ajout\u00e9 que les cl\u00e9s de la victoire se situeront dans la capacit\u00e9 de la France \u00e0 \u00eatre solide d\u00e9fensivement et des joueurs offensifs \u00e0 \u00eatre d\u00e9cisifs dans le dernier geste. Pour conclure sur l\u2019adversaire, Ibou a abord\u00e9 le face-\u00e0-face attendu avec Lamine Yamal : \u00ab C\u2019est un g\u00e9nie du football. Ce qu\u2019il a montr\u00e9 cette saison est exceptionnel. Une tactique pour l\u2019arr\u00eater en un contre un ? C\u2019est compliqu\u00e9. C\u2019est pour \u00e7a que le foot se joue \u00e0 11 \u00bb a confi\u00e9 Konat\u00e9.<\/p>\n<p><img decoding=\"async\" src=\"https:\/\/www.europesays.com\/fr\/wp-content\/uploads\/2025\/06\/692e38b069226545d20fcc51e6dbab37.jpeg\" alt=\"\"\/>Lamine Yamal avait \u00e9clabouss\u00e9 la demi-finale de l&rsquo;Euro 2024 de son talent (photo Anthony DIBON \/ ICON SPORT).<\/p>\n<p>Face \u00e0 l\u2019\u00c9quipe de France, les Ib\u00e8res disputeront leur troisi\u00e8me demi-finale cons\u00e9cutive en Ligue des Nations. Les Bleus auront fort \u00e0 faire, car l\u2019Espagne s\u2019est toujours impos\u00e9e \u00e0 ce stade de la comp\u00e9tition.<\/p>\n<p>\u00a0LES BLEUS \u00c0 STUTTGART :\u00a0<\/p>\n<p>Ligue des Nations &#8211; R\u00e9sultats et calendrier<\/p>\n<p class=\"light\"><strong>Phase de groupes &#8211; Groupe A2<\/strong><\/p>\n<p>&#8211; Vendredi 6 septembre 2024 :<\/p>\n<p class=\"light\">&#8211; Lundi 9 septembre 2024 :<\/p>\n<p class=\"light\">&#8211; Jeudi 10 octobre 2024 :<\/p>\n<p class=\"light\">&#8211; Lundi 14 octobre 2024 :<\/p>\n<p class=\"light\">&#8211; Jeudi 14 novembre 2024 :<\/p>\n<p class=\"light\">&#8211; Dimanche 17 novembre 2024 :<\/p>\n<p><strong>Classement final<\/strong><\/p>\n<p>1. <strong>France<\/strong>, 13 points (+6) ; 2. Italie, 13 pts (+5) ; 3. Belgique, 4 pts (-3) ; 4. Isra\u00ebl, 4 pts (-8).<\/p>\n<p class=\"light\">La France et l&rsquo;Italie sont qualifi\u00e9es pour les quarts de finale.<\/p>\n<p class=\"light\">\u00a0<\/p>\n<p class=\"light\"><strong>Quarts de finale aller <\/strong><\/p>\n<p class=\"light\">\u00a0<\/p>\n<p class=\"light\">&#8211; Jeudi 20 mars 2025<\/p>\n<p class=\"light\"><strong>Quarts de finale retour<\/strong><\/p>\n<p class=\"light\">\u00a0<\/p>\n<p class=\"light\">&#8211; Dimanche 23 mars 2025<\/p>\n<p class=\"light\"><strong>Demi-finales<\/strong><\/p>\n<p class=\"light\">\u00a0<\/p>\n<p class=\"light\">&#8211; Mercredi 4 juin 2025 :<\/p>\n<ul>\n<li class=\"light\">Allemagne &#8211; Portugal (Munich, 21h00)<\/li>\n<\/ul>\n<p>&#8211; Jeudi 5 juin 2025 :<\/p>\n<ul>\n<li class=\"light\">Espagne &#8211; <strong>France <\/strong>(Stuttgart, 21h00)<\/li>\n<\/ul>\n<p class=\"light\">&#8211; Dimanche 8 juin 2025 :\u00a0<\/p>\n<ul>\n<li class=\"light\">Match pour la troisi\u00e8me place (Stuttgart, 15h00)<\/li>\n<li class=\"light\">Finale (Munich, 21h00)<\/li>\n<\/ul>\n","protected":false},"excerpt":{"rendered":"L&rsquo;\u00c9quipe de France est \u00e0 deux rencontres de remporter sa deuxi\u00e8me Ligue des Nations. Les Bleus seront oppos\u00e9s&hellip;\n","protected":false},"author":2,"featured_media":152436,"comment_status":"","ping_status":"","sticky":false,"template":"","format":"standard","meta":{"footnotes":""},"categories":[4],"tags":[11,85,1011,27,12,25],"class_list":{"0":"post-152435","1":"post","2":"type-post","3":"status-publish","4":"format-standard","5":"has-post-thumbnail","7":"category-france","8":"tag-actualites","9":"tag-fff","10":"tag-fr","11":"tag-france","12":"tag-news","13":"tag-republique-francaise"},"share_on_mastodon":{"url":"https:\/\/pubeurope.com\/@fr\/114627367827696968","error":""},"_links":{"self":[{"href":"https:\/\/www.europesays.com\/fr\/wp-json\/wp\/v2\/posts\/152435","targetHints":{"allow":["GET"]}}],"collection":[{"href":"https:\/\/www.europesays.com\/fr\/wp-json\/wp\/v2\/posts"}],"about":[{"href":"https:\/\/www.europesays.com\/fr\/wp-json\/wp\/v2\/types\/post"}],"author":[{"embeddable":true,"href":"https:\/\/www.europesays.com\/fr\/wp-json\/wp\/v2\/users\/2"}],"replies":[{"embeddable":true,"href":"https:\/\/www.europesays.com\/fr\/wp-json\/wp\/v2\/comments?post=152435"}],"version-history":[{"count":0,"href":"https:\/\/www.europesays.com\/fr\/wp-json\/wp\/v2\/posts\/152435\/revisions"}],"wp:featuredmedia":[{"embeddable":true,"href":"https:\/\/www.europesays.com\/fr\/wp-json\/wp\/v2\/media\/152436"}],"wp:attachment":[{"href":"https:\/\/www.europesays.com\/fr\/wp-json\/wp\/v2\/media?parent=152435"}],"wp:term":[{"taxonomy":"category","embeddable":true,"href":"https:\/\/www.europesays.com\/fr\/wp-json\/wp\/v2\/categories?post=152435"},{"taxonomy":"post_tag","embeddable":true,"href":"https:\/\/www.europesays.com\/fr\/wp-json\/wp\/v2\/tags?post=152435"}],"curies":[{"name":"wp","href":"https:\/\/api.w.org\/{rel}","templated":true}]}}