{"id":152439,"date":"2025-06-04T22:07:17","date_gmt":"2025-06-04T22:07:17","guid":{"rendered":"https:\/\/www.europesays.com\/fr\/152439\/"},"modified":"2025-06-04T22:07:17","modified_gmt":"2025-06-04T22:07:17","slug":"un-nouveau-tournoi-de-volleyball-de-plage-a-sept-iles","status":"publish","type":"post","link":"https:\/\/www.europesays.com\/fr\/152439\/","title":{"rendered":"Un nouveau tournoi de volleyball de plage \u00e0 Sept-\u00celes"},"content":{"rendered":"<p class=\"strong\">Alors que la saison\u00a02025 de volleyball de plage est toute jeune, un premier tournoi pointe au calendrier \u00e0 Sept-\u00celes. Et il ne s\u2019agit pas d\u2019un des rendez-vous sur la plage de la rivi\u00e8re Moisie, mais de la comp\u00e9tition Volley Urbain.<\/p>\n<p>La premi\u00e8re \u00e9dition de ce tournoi au profit du programme Espoirs du Club jOne de volleyball de plage se tiendra les 28 et 29\u00a0juin. \u00c7a se jouera sur les terrains des sites de l\u2019avenue Arnaud et derri\u00e8re l\u2019\u00e9cole Manikoutai.<\/p>\n<p>Le Volley Urbain s\u2019adresse autant aux jeunes qu\u2019aux adultes.\u00a0<\/p>\n<p>Les cat\u00e9gories sont le 4\u00d74 Mixte Comp\u00e9tition, R\u00e9cr\u00e9ation et Participation.\u00a0<\/p>\n<p>\u00ab\u2009Les \u00e9quipes de deux, trois ou quatre filles sont accept\u00e9es\u2009\u00bb, indique le responsable de l\u2019\u00e9v\u00e9nement et du Club, \u00c9ric S\u00e9n\u00e9chal.<\/p>\n<p>Les matchs se joueront par bloc afin de ne pas imputer la journ\u00e9e compl\u00e8te pour les participants.\u00a0<\/p>\n<p>Il en co\u00fbte 120\u00a0$ par formation. La date limite d\u2019inscription est fix\u00e9e au 24\u00a0juin. Le formulaire est disponible <a href=\"https:\/\/club-jone-de-volleyball-de-plage.s1.yapla.com\/fr\/event-70750?fbclid=IwY2xjawKsKYNleHRuA2FlbQIxMABicmlkETFkVk93WWRjOVZHQWl2MHFJAR79-0DjqgnP-R8f7NL5-vtv7Y9qMEr5b8vcQio7ghQO7U0SscqfNY_jnJ1ckg_aem_TR0CCHbdpNB4Y_Mow-DXrw\" target=\"_blank\" rel=\"nofollow noopener\">ICI<\/a>.\u00a0<\/p>\n<p>Par ailleurs, la saison de la Ligue de beach-volley amiti\u00e9 d\u2019\u00e9t\u00e9 de Sept-\u00celes a pris son envol le 2 juin.<\/p>\n<p>Pour ce qui est des dates des deux mythiques tournoi sur la plage de la rivi\u00e8re Moisie, l\u2019Omnium dans l\u2019vent a lieu les 5 et 6\u00a0juillet et le Volley-Soleil, deux semaines plus tard, soit les 19 et 20\u00a0juillet.\u00a0<\/p>\n","protected":false},"excerpt":{"rendered":"Alors que la saison\u00a02025 de volleyball de plage est toute jeune, un premier tournoi pointe au calendrier \u00e0&hellip;\n","protected":false},"author":2,"featured_media":152440,"comment_status":"","ping_status":"","sticky":false,"template":"","format":"standard","meta":{"footnotes":""},"categories":[1417],"tags":[1011,27,60,1470,1469],"class_list":{"0":"post-152439","1":"post","2":"type-post","3":"status-publish","4":"format-standard","5":"has-post-thumbnail","7":"category-volley","8":"tag-fr","9":"tag-france","10":"tag-sports","11":"tag-volley","12":"tag-volleyball"},"share_on_mastodon":{"url":"https:\/\/pubeurope.com\/@fr\/114627375550844592","error":""},"_links":{"self":[{"href":"https:\/\/www.europesays.com\/fr\/wp-json\/wp\/v2\/posts\/152439","targetHints":{"allow":["GET"]}}],"collection":[{"href":"https:\/\/www.europesays.com\/fr\/wp-json\/wp\/v2\/posts"}],"about":[{"href":"https:\/\/www.europesays.com\/fr\/wp-json\/wp\/v2\/types\/post"}],"author":[{"embeddable":true,"href":"https:\/\/www.europesays.com\/fr\/wp-json\/wp\/v2\/users\/2"}],"replies":[{"embeddable":true,"href":"https:\/\/www.europesays.com\/fr\/wp-json\/wp\/v2\/comments?post=152439"}],"version-history":[{"count":0,"href":"https:\/\/www.europesays.com\/fr\/wp-json\/wp\/v2\/posts\/152439\/revisions"}],"wp:featuredmedia":[{"embeddable":true,"href":"https:\/\/www.europesays.com\/fr\/wp-json\/wp\/v2\/media\/152440"}],"wp:attachment":[{"href":"https:\/\/www.europesays.com\/fr\/wp-json\/wp\/v2\/media?parent=152439"}],"wp:term":[{"taxonomy":"category","embeddable":true,"href":"https:\/\/www.europesays.com\/fr\/wp-json\/wp\/v2\/categories?post=152439"},{"taxonomy":"post_tag","embeddable":true,"href":"https:\/\/www.europesays.com\/fr\/wp-json\/wp\/v2\/tags?post=152439"}],"curies":[{"name":"wp","href":"https:\/\/api.w.org\/{rel}","templated":true}]}}