{"id":152441,"date":"2025-06-04T22:08:15","date_gmt":"2025-06-04T22:08:15","guid":{"rendered":"https:\/\/www.europesays.com\/fr\/152441\/"},"modified":"2025-06-04T22:08:15","modified_gmt":"2025-06-04T22:08:15","slug":"super-xiii-limoux-prolonge-ses-cadres-rugby-a-xiii","status":"publish","type":"post","link":"https:\/\/www.europesays.com\/fr\/152441\/","title":{"rendered":"Super XIII &#8211; Limoux prolonge ses cadres &#8211; Rugby \u00e0 XIII"},"content":{"rendered":"<p style=\"text-align: justify;\"><strong>Vague de prolongations chez les Grizzlies de Limoux qui s\u2019affairent d\u00e9j\u00e0 \u00e0 pr\u00e9parer la saison 2025-2026 de Super XIII.<\/strong><\/p>\n<p style=\"text-align: justify;\">La saison 2024-2025 est une r\u00e9ussite pour les Grizzlies. Malgr\u00e9 un d\u00e9but d\u2019exercice compliqu\u00e9, les Audois sont tout de m\u00eame parvenus \u00e0 se hisser jusqu\u2019en demi-finale de Super XIII avant de tomber les armes \u00e0 la main face au futur champion albigeois. Pour garder de la continuit\u00e9 dans leurs performances, les dirigeants ont d\u00e9cid\u00e9 de prolonger un grand nombre de joueurs.<\/p>\n<p>Les avants<\/p>\n<p style=\"text-align: justify;\">Devant, les ferrailleurs <strong>Louis-Esteban Biville<\/strong> (18 matchs), <strong>Adrian De La Rose<\/strong> (8 matchs) et <strong>Constantine Mika<\/strong> (10 matchs) seront de l\u2019aventure la saison prochaine. De m\u00eame que les cousins de la seconde ligne <strong>Yanis<\/strong> et <strong>Yann Belmaaziz<\/strong> (8 et 16 matchs). Les talonneurs <strong>Justin Bouscayrol<\/strong> (14 matchs) et <strong>Matis Jammes<\/strong> (3 matchs) ainsi que le capitaine <strong>Valentin Yesa<\/strong> (17 matchs) seront \u00e9galement de la partie.<\/p>\n<p>Les trois-quarts<\/p>\n<p style=\"text-align: justify;\">La charni\u00e8re limouxine est reconduite. <strong>Matis Dall\u2019asta<\/strong> (20 matchs) et <strong>Joseph Th\u00e9rond<\/strong> (16 matchs) prolongent. Les centres <strong>Rapha\u00ebl Cousin<\/strong> (6 matchs), <strong>Quentin Garrouste<\/strong> (18 matchs), <strong>Romain Puso<\/strong> (5 matchs) et <strong>Elie Sastre<\/strong> (7 matchs) poursuivent l\u2019aventure tandis qu\u2019<strong>Allan Torreilles<\/strong> (9 matchs) et la fus\u00e9e <strong>Zac Santo<\/strong> (13 matchs) seront toujours rouge et noir la saison prochaine.<\/p>\n<blockquote class=\"instagram-media\" data-instgrm-captioned=\"\" data-instgrm-permalink=\"https:\/\/www.instagram.com\/p\/DKNHOZ6tdWX\/?utm_source=ig_embed&amp;utm_campaign=loading\" data-instgrm-version=\"14\" style=\" background:#FFF; border:0; border-radius:3px; box-shadow:0 0 1px 0 rgba(0,0,0,0.5),0 1px 10px 0 rgba(0,0,0,0.15); margin: 1px; max-width:500px; min-width:326px; padding:0; width:99.375%; width:-webkit-calc(100% - 2px); width:calc(100% - 2px);\">\n<\/blockquote>\n<p><strong>Treize Mondial<br \/><a href=\"https:\/\/www.facebook.com\/13Mondial\" target=\"_blank\" rel=\"noopener\"><img loading=\"lazy\" decoding=\"async\" class=\"alignnone wp-image-217097\" src=\"https:\/\/www.europesays.com\/fr\/wp-content\/uploads\/2025\/04\/logo-facebook.png\" alt=\"\" width=\"40\" height=\"40\"  \/><\/a> <a href=\"https:\/\/twitter.com\/XIIIMondial\" target=\"_blank\" rel=\"noopener\"><img loading=\"lazy\" decoding=\"async\" class=\"alignnone wp-image-217098\" src=\"https:\/\/www.europesays.com\/fr\/wp-content\/uploads\/2025\/04\/logo-twitter.png\" alt=\"\" width=\"39\" height=\"39\"  \/><\/a><\/strong><\/p>\n<p>        <script async src=\"https:\/\/platform.twitter.com\/widgets.js\" charset=\"utf-8\"><\/script><script async src=\"\/\/www.instagram.com\/embed.js\"><\/script><\/p>\n","protected":false},"excerpt":{"rendered":"Vague de prolongations chez les Grizzlies de Limoux qui s\u2019affairent d\u00e9j\u00e0 \u00e0 pr\u00e9parer la saison 2025-2026 de Super&hellip;\n","protected":false},"author":2,"featured_media":152442,"comment_status":"","ping_status":"","sticky":false,"template":"","format":"standard","meta":{"footnotes":""},"categories":[1416],"tags":[1011,27,14147,479,2228,1468,2229,60,2231,7305],"class_list":{"0":"post-152441","1":"post","2":"type-post","3":"status-publish","4":"format-standard","5":"has-post-thumbnail","7":"category-rugby","8":"tag-fr","9":"tag-france","10":"tag-limoux","11":"tag-rugby","12":"tag-rugby-a-xiii","13":"tag-rugby-football","14":"tag-rugby-league","15":"tag-sports","16":"tag-super-xiii","17":"tag-xiii-limouxin"},"share_on_mastodon":{"url":"https:\/\/pubeurope.com\/@fr\/114627379584220285","error":""},"_links":{"self":[{"href":"https:\/\/www.europesays.com\/fr\/wp-json\/wp\/v2\/posts\/152441","targetHints":{"allow":["GET"]}}],"collection":[{"href":"https:\/\/www.europesays.com\/fr\/wp-json\/wp\/v2\/posts"}],"about":[{"href":"https:\/\/www.europesays.com\/fr\/wp-json\/wp\/v2\/types\/post"}],"author":[{"embeddable":true,"href":"https:\/\/www.europesays.com\/fr\/wp-json\/wp\/v2\/users\/2"}],"replies":[{"embeddable":true,"href":"https:\/\/www.europesays.com\/fr\/wp-json\/wp\/v2\/comments?post=152441"}],"version-history":[{"count":0,"href":"https:\/\/www.europesays.com\/fr\/wp-json\/wp\/v2\/posts\/152441\/revisions"}],"wp:featuredmedia":[{"embeddable":true,"href":"https:\/\/www.europesays.com\/fr\/wp-json\/wp\/v2\/media\/152442"}],"wp:attachment":[{"href":"https:\/\/www.europesays.com\/fr\/wp-json\/wp\/v2\/media?parent=152441"}],"wp:term":[{"taxonomy":"category","embeddable":true,"href":"https:\/\/www.europesays.com\/fr\/wp-json\/wp\/v2\/categories?post=152441"},{"taxonomy":"post_tag","embeddable":true,"href":"https:\/\/www.europesays.com\/fr\/wp-json\/wp\/v2\/tags?post=152441"}],"curies":[{"name":"wp","href":"https:\/\/api.w.org\/{rel}","templated":true}]}}