{"id":152449,"date":"2025-06-04T22:13:09","date_gmt":"2025-06-04T22:13:09","guid":{"rendered":"https:\/\/www.europesays.com\/fr\/152449\/"},"modified":"2025-06-04T22:13:09","modified_gmt":"2025-06-04T22:13:09","slug":"alexis-robert-nest-pas-rassasie-actualite","status":"publish","type":"post","link":"https:\/\/www.europesays.com\/fr\/152449\/","title":{"rendered":"Alexis Robert n&rsquo;est pas rassasi\u00e9 &#8211; Actualit\u00e9"},"content":{"rendered":"<p style=\"text-align: justify;\">Alexis Robert a fini par effacer sa d\u00e9ception. Battu le samedi, il parvient \u00e0 s\u2019imposer le dimanche sur la seconde \u00e9preuve du Tour de Loire-Atlantique. Le coureur de la formation Team Bricquebec Cotentin vient signer ainsi sa quatri\u00e8me\u00a0victoire de la saison <a href=\"https:\/\/www.directvelo.com\/coureur\/25729\/alexis-robert-i\" target=\"_blank\" rel=\"noopener\">(<strong>voir sa fiche DV<\/strong>)<\/a>. Le d\u00e9but de l\u2019\u00e9preuve avait parfaitement commenc\u00e9 pour la formation normande avec un groupe de vingt coureurs qui s\u2019est rapidement extrait du peloton, dont trois repr\u00e9sentants de Bricquebec \u00e0 l\u2019avant. \u00ab\u00a0On avait trois cartes \u00e0 l&rsquo;avant avec notamment James (Hartley) donc on n&rsquo;avait pas \u00e0 rouler derri\u00e8re. Cholet a pris ses responsabilit\u00e9s avec deux ou trois autres formations\u00a0\u00bb. La situation est rest\u00e9e fig\u00e9e jusqu\u2019\u00e0 une lourde chute \u00e0 l\u2019avant-dernier tour, for\u00e7ant la neutralisation de la course pendant 40 minutes. \u00ab\u00a0On a \u00e9t\u00e9 arr\u00eat\u00e9s longtemps, c\u2019\u00e9tait compliqu\u00e9 \u00e0 g\u00e9rer. Mais une fois relanc\u00e9s, les gars ont vraiment contr\u00f4l\u00e9 pour que \u00e7a arrive au sprint pour moi\u00a0\u00bb.\u00a0Et dans le final, tout a \u00e9t\u00e9 millim\u00e9tr\u00e9. \u00ab\u00a0James m&rsquo;a d\u00e9pos\u00e9 aux 250 m et apr\u00e8s j&rsquo;avais juste \u00e0 finir le travail\u00a0\u00bb.<\/p>\n<p><strong>\u00ab\u00a0J&rsquo;AVAIS ENVIE DE MONTRER QUE J&rsquo;\u00c9TAIS LE PLUS RAPIDE\u00a0\u00bb<\/strong><\/p>\n<p style=\"text-align: justify;\">La victoire est d\u2019autant plus belle que le coureur restait sur une deuxi\u00e8me place frustrante la veille sur le premier \u00e9pisode du Tour de Loire-Atlantique. \u00ab\u00a0Sur le circuit final, on avait deux gars \u00e0 l\u2019avant, mais ce n\u2019\u00e9tait pas les plus rapides. Je suis ressorti avec Josh (Whitehead) et James (Hartley) pour faire la jonction. On a roul\u00e9 \u00e0 trois pendant plus de 30 bornes, mais j\u2019ai pay\u00e9 les efforts dans le sprint. Je me fais battre par Anatole Leboucher\u00a0<a href=\"https:\/\/www.directvelo.com\/actualite\/121035\/tour-de-loire-atlantique-ep-1-classement\" target=\"_blank\" rel=\"noopener\">(<strong>voir le classement<\/strong>)<\/a>. \u00c7a a un peu piqu\u00e9 mon \u00e9go et le dimanche j&rsquo;avais vraiment envie de montrer que j&rsquo;\u00e9tais bien le plus rapide du week-end\u00a0\u00bb. Un sursaut d\u2019autant plus important qu\u2019il avait connu un Essor Breton difficile d\u00fb \u00e0 des probl\u00e8mes d\u2019allergies. \u00ab\u00a0Je pense que c\u2019est d\u00fb au pollen. J&rsquo;ai des week-ends o\u00f9 je ne suis pas du tout g\u00ean\u00e9. Et il y a des semaines o\u00f9 m\u00eame d\u00e8s l&rsquo;entra\u00eenement j&rsquo;ai le nez pris, j&rsquo;ai les jambes qui gonflent\u00a0\u00bb.<\/p>\n<p><strong>\u00ab CETTE ANN\u00c9E, JE VISE UN PEU PLUS HAUT \u00bb<\/strong><\/p>\n<p style=\"text-align: justify;\">Au-del\u00e0 du r\u00e9sultat, le coureur insiste sur la dynamique collective qui anime le Team Bricquebec Cotentin. \u00ab\u00a0Il y a une bonne entente au sein du collectif, chacun peut se mettre \u00e0 la disposition de l&rsquo;autre\u00a0\u00bb. Cette confiance mutuelle se traduit aussi en r\u00e9sultats dont il ne cache pas sa satisfaction. \u00ab\u00a0Pour moi, \u00e7a r\u00e9compense surtout le travail que j&rsquo;ai fait tout l&rsquo;hiver. Et aussi, mine de rien, l&rsquo;entra\u00eenement, parce que c&rsquo;est beaucoup de sacrifices. L&rsquo;\u00e9quipe me fait confiance \u00e0 100 %, que ce soit les coureurs ou mes directeurs sportifs, ils sont vraiment \u00e0 fond derri\u00e8re moi, et \u00e7a m\u2019aide beaucoup. Je les remercie\u00a0\u00bb. Le Breton estime pouvoir faire encore mieux. \u00ab\u00a0L\u2019an dernier, j\u2019ai gagn\u00e9 cinq fois, dont trois en Elite Nationale. Cette ann\u00e9e, je vise un peu plus haut. Si je peux gagner sept ou huit courses, je ne vais pas me priver\u00a0\u00bb.\u202f<\/p>\n<p style=\"text-align: justify;\">La suite de son programme est d\u00e9j\u00e0 bien trac\u00e9e : Championnat de Normandie, Tour d\u2019Eure-et-Loir, puis les Championnats de France. \u00ab\u00a0Pour le France, je pense que Toby (Chatonnet) aura sa carte.\u00a0De mon c\u00f4t\u00e9, je pense que \u00e7a sera peut-\u00eatre un peu dur, apr\u00e8s si je suis dans un grand jour pourquoi pas mais sinon je serai l\u00e0 pour aider l&rsquo;\u00e9quipe\u00a0\u00bb.<\/p>\n","protected":false},"excerpt":{"rendered":"Alexis Robert a fini par effacer sa d\u00e9ception. Battu le samedi, il parvient \u00e0 s\u2019imposer le dimanche sur&hellip;\n","protected":false},"author":2,"featured_media":152450,"comment_status":"","ping_status":"","sticky":false,"template":"","format":"standard","meta":{"footnotes":""},"categories":[1411],"tags":[834,828,836,829,837,827,83,826,824,823,1154,207,814,817,815,816,822,821,832,211,839,1011,27,820,818,819,835,831,830,833,838,60,212,208,825],"class_list":{"0":"post-152449","1":"post","2":"type-post","3":"status-publish","4":"format-standard","5":"has-post-thumbnail","7":"category-cyclisme","8":"tag-attaque","9":"tag-belgique","10":"tag-braquet","11":"tag-bretagne","12":"tag-chute","13":"tag-competition","14":"tag-coupe-de-france","15":"tag-coureur","16":"tag-course-cyclisme","17":"tag-course-cycliste","18":"tag-cycling","19":"tag-cyclisme","20":"tag-direct","21":"tag-direct-velo","22":"tag-directvelo","23":"tag-directvelo-com","24":"tag-epreuve","25":"tag-epreuve-cycliste","26":"tag-federation-francaise-de-cyclisme","27":"tag-ffc","28":"tag-flandres","29":"tag-fr","30":"tag-france","31":"tag-live","32":"tag-live-course","33":"tag-live-epreuve","34":"tag-peloton","35":"tag-radio-peloton","36":"tag-radio-tour","37":"tag-ravitaillement","38":"tag-relance","39":"tag-sports","40":"tag-uci","41":"tag-velo","42":"tag-velos"},"share_on_mastodon":{"url":"https:\/\/pubeurope.com\/@fr\/114627399057348796","error":""},"_links":{"self":[{"href":"https:\/\/www.europesays.com\/fr\/wp-json\/wp\/v2\/posts\/152449","targetHints":{"allow":["GET"]}}],"collection":[{"href":"https:\/\/www.europesays.com\/fr\/wp-json\/wp\/v2\/posts"}],"about":[{"href":"https:\/\/www.europesays.com\/fr\/wp-json\/wp\/v2\/types\/post"}],"author":[{"embeddable":true,"href":"https:\/\/www.europesays.com\/fr\/wp-json\/wp\/v2\/users\/2"}],"replies":[{"embeddable":true,"href":"https:\/\/www.europesays.com\/fr\/wp-json\/wp\/v2\/comments?post=152449"}],"version-history":[{"count":0,"href":"https:\/\/www.europesays.com\/fr\/wp-json\/wp\/v2\/posts\/152449\/revisions"}],"wp:featuredmedia":[{"embeddable":true,"href":"https:\/\/www.europesays.com\/fr\/wp-json\/wp\/v2\/media\/152450"}],"wp:attachment":[{"href":"https:\/\/www.europesays.com\/fr\/wp-json\/wp\/v2\/media?parent=152449"}],"wp:term":[{"taxonomy":"category","embeddable":true,"href":"https:\/\/www.europesays.com\/fr\/wp-json\/wp\/v2\/categories?post=152449"},{"taxonomy":"post_tag","embeddable":true,"href":"https:\/\/www.europesays.com\/fr\/wp-json\/wp\/v2\/tags?post=152449"}],"curies":[{"name":"wp","href":"https:\/\/api.w.org\/{rel}","templated":true}]}}