{"id":152453,"date":"2025-06-04T22:15:10","date_gmt":"2025-06-04T22:15:10","guid":{"rendered":"https:\/\/www.europesays.com\/fr\/152453\/"},"modified":"2025-06-04T22:15:10","modified_gmt":"2025-06-04T22:15:10","slug":"body-shaming-joyce-jonathan-lynchee-apres-avoir-publie-une-photo-delle-en-bikini-sur-son-compte-instagram","status":"publish","type":"post","link":"https:\/\/www.europesays.com\/fr\/152453\/","title":{"rendered":"Body shaming\u00a0: Joyce Jonathan lynch\u00e9e apr\u00e8s avoir publi\u00e9 une photo d\u2019elle en bikini sur son compte Instagram"},"content":{"rendered":"<p>\n                                                                Le dimanche 1er\u00a0juin, alors qu\u2019elle partageait seulement quelques clich\u00e9s d\u2019elle en maillot de bain, Joyce Jonathan a \u00e9t\u00e9 lynch\u00e9e sur les r\u00e9seaux sociaux. Vivement critiqu\u00e9e sur son apparence, la chanteuse a pris la parole.\n                            <\/p>\n<p>Elle ne s\u2019attendait peut-\u00eatre pas \u00e0 recevoir autant de haine pour si peu. Apr\u00e8s avoir publi\u00e9 quelques photos de ses vacances le dimanche 1er\u00a0juin, Joyce Jonathan a\u00a0re\u00e7u une vague de critiques sur son corps. \u00ab\u00a0Planche \u00e0 repasser\u00a0\u00bb, \u00ab\u00a0vous \u00eates anorexique\u00a0?\u00a0\u00bb ou encore \u00ab\u00a0trop maigre\u00a0\u00bb, pouvait-on lire en dessous de sa publication.<\/p>\n<blockquote data-instgrm-permalink=\"https:\/\/www.instagram.com\/p\/DKWX0eLsbWQ\/?utm_source=ig_embed&amp;utm_campaign=loading\" data-instgrm-version=\"14\" style=\" background:#FFF; border:0; border-radius:3px; box-shadow:0 0 1px 0 rgba(0,0,0,0.5),0 1px 10px 0 rgba(0,0,0,0.15); margin: 1px; max-width:540px; min-width:326px; padding:0; width:99.375%; width:-webkit-calc(100% - 2px); width:calc(100% - 2px);\" data-class=\"instagram-media\"\/>\n<p>\u00ab\u00a0Faites gaffe \u00e0 vos mots\u00a0\u00bb<\/p>\n<p>La chanteuse a d\u00e9cid\u00e9 de prendre la parole. En commentaire elle \u00e9crit\u00a0: \u00ab\u00a0Merci pour tous les compliments, \u00e7a me touche beaucoup\u00a0! Je n\u2019en attendais pas tant. Belle ou moche, je suis comme je suis, mais d\u2019\u00eatre la cible de la m\u00e9chancet\u00e9 et du mal-\u00eatre de certains, c\u2019est trop violent pour un petit hibou comme moi\u00a0!\u00a0\u00bb<\/p>\n<p>Elle publie ensuite\u00a0une vid\u00e9o dans sa story dans laquelle elle confie avoir \u00e9t\u00e9\u00a0\u00ab\u00a0franchement choqu\u00e9e des commentaires\u00a0\u00bb. Puis elle\u00a0poursuit\u00a0: \u00ab\u00a0Faites gaffe \u00e0 vos mots, parce que ce sont des mots qui traduisent votre haine\u00a0\u00bb. La chanteuse expliquera plus tard manger \u00e9quilibr\u00e9 et faire du sport pour se sentir bien dans son corps.<\/p>\n<p>Des troubles du comportement alimentaire<\/p>\n<p>L\u2019ann\u00e9e derni\u00e8re, Joyce\u00a0Jonathan avait r\u00e9v\u00e9l\u00e9 au travers d\u2019une chanson appel\u00e9e \u00ab\u00a0Si je mange, je vais en enfer\u00a0\u00bb avoir souffert de TCA (troubles du comportement alimentaire). Anorexique et boulimique, elle avait partag\u00e9 son histoire avec nos confr\u00e8res de\u00a0<a href=\"https:\/\/www.20minutes.fr\/arts-stars\/people\/4156444-20250602-joyce-jonathan-defend-avoir-perdu-poids-raison-troubles-alimentaires\" target=\"_self\" rel=\"noopener\">20 Minutes<\/a>.<\/p>\n<p>                                                                                                                                                                                                        <script async src=\"\/\/www.instagram.com\/embed.js\"><\/script><\/p>\n","protected":false},"excerpt":{"rendered":"Le dimanche 1er\u00a0juin, alors qu\u2019elle partageait seulement quelques clich\u00e9s d\u2019elle en maillot de bain, Joyce Jonathan a \u00e9t\u00e9&hellip;\n","protected":false},"author":2,"featured_media":152454,"comment_status":"","ping_status":"","sticky":false,"template":"","format":"standard","meta":{"footnotes":""},"categories":[1359],"tags":[58,59,1011,27,973],"class_list":{"0":"post-152453","1":"post","2":"type-post","3":"status-publish","4":"format-standard","5":"has-post-thumbnail","7":"category-people","8":"tag-divertissement","9":"tag-entertainment","10":"tag-fr","11":"tag-france","12":"tag-people"},"share_on_mastodon":{"url":"https:\/\/pubeurope.com\/@fr\/114627406905019377","error":""},"_links":{"self":[{"href":"https:\/\/www.europesays.com\/fr\/wp-json\/wp\/v2\/posts\/152453","targetHints":{"allow":["GET"]}}],"collection":[{"href":"https:\/\/www.europesays.com\/fr\/wp-json\/wp\/v2\/posts"}],"about":[{"href":"https:\/\/www.europesays.com\/fr\/wp-json\/wp\/v2\/types\/post"}],"author":[{"embeddable":true,"href":"https:\/\/www.europesays.com\/fr\/wp-json\/wp\/v2\/users\/2"}],"replies":[{"embeddable":true,"href":"https:\/\/www.europesays.com\/fr\/wp-json\/wp\/v2\/comments?post=152453"}],"version-history":[{"count":0,"href":"https:\/\/www.europesays.com\/fr\/wp-json\/wp\/v2\/posts\/152453\/revisions"}],"wp:featuredmedia":[{"embeddable":true,"href":"https:\/\/www.europesays.com\/fr\/wp-json\/wp\/v2\/media\/152454"}],"wp:attachment":[{"href":"https:\/\/www.europesays.com\/fr\/wp-json\/wp\/v2\/media?parent=152453"}],"wp:term":[{"taxonomy":"category","embeddable":true,"href":"https:\/\/www.europesays.com\/fr\/wp-json\/wp\/v2\/categories?post=152453"},{"taxonomy":"post_tag","embeddable":true,"href":"https:\/\/www.europesays.com\/fr\/wp-json\/wp\/v2\/tags?post=152453"}],"curies":[{"name":"wp","href":"https:\/\/api.w.org\/{rel}","templated":true}]}}