{"id":152458,"date":"2025-06-04T22:18:26","date_gmt":"2025-06-04T22:18:26","guid":{"rendered":"https:\/\/www.europesays.com\/fr\/152458\/"},"modified":"2025-06-04T22:18:26","modified_gmt":"2025-06-04T22:18:26","slug":"qui-a-ete-elimine-definitivement-du-concours-ce-mercredi-4-juin-a-lissue-du-onzieme-episode","status":"publish","type":"post","link":"https:\/\/www.europesays.com\/fr\/152458\/","title":{"rendered":"Qui a \u00e9t\u00e9 \u00e9limin\u00e9 d\u00e9finitivement du concours ce mercredi 4 juin \u00e0 l&rsquo;issue du onzi\u00e8me \u00e9pisode ?"},"content":{"rendered":"<p>Un retour, une arriv\u00e9e et un d\u00e9part. C&rsquo;est le programme charg\u00e9 de cette onzi\u00e8me soir\u00e9e de <a href=\"https:\/\/www.programme-tv.net\/news\/tv\/365451-top-chef-2025-jury-tournage-pas-d-objectif-top-chef-les-premieres-infos-de-la-saison-16\/\" data-api-deeplink=\"teleloisirs:\/\/news\/365451\" target=\"_blank\" rel=\"noopener\">Top Chef<\/a>, diffus\u00e9e ce mercredi 4 juin. Persuad\u00e9s d&rsquo;\u00eatre en quarts de finale, Quentin, Margaux et Charles ont retrouv\u00e9 Charlie, d\u00e9j\u00e0 qualifi\u00e9s, au Four Seasons George V, pour l&rsquo;\u00e9preuve du \u00ab\u00a0<b>24 heures dans un palace<\/b>\u00ab\u00a0. Quelle ne fut pas leur surprise en d\u00e9couvrant qu&rsquo;ils \u00e9taient finalement plus nombreux que pr\u00e9vu. En effet, <a href=\"https:\/\/www.programme-tv.net\/news\/tv\/379782-quels-candidats-ont-gagne-les-brigades-cachees-et-reintegrent-top-chef-a-partir-de-la-semaine-prochaine\/\" data-api-deeplink=\"teleloisirs:\/\/news\/379782\" target=\"_blank\" rel=\"noopener\">en remportant Les Brigades cach\u00e9es la semaine derni\u00e8re, Gr\u00e9goire r\u00e9int\u00e8gre le concours<\/a> aux c\u00f4t\u00e9s d&rsquo;\u00c9ric Fr\u00e9chon. Mais ce n&rsquo;est pas tout ! Ilane d\u00e9barque pour la premi\u00e8re fois dans Top Chef, aux c\u00f4t\u00e9s de Fabien Ferr\u00e9, \u00e0 la surprise g\u00e9n\u00e9rale. R\u00e9sultats : ils sont donc six et non plus quatre\u2026 et Charlie est une fois de plus exempt\u00e9 d&rsquo;\u00e9preuve jusqu&rsquo;en quarts de finale.<\/p>\n<p><b>Top Chef<\/b> 2025 : quels candidats sont qualifi\u00e9s pour la semaine suivante \u00e0 l&rsquo;issue des deux premi\u00e8res \u00e9preuves de l&rsquo;\u00e9pisode 11 ?<\/p>\n<p>Pour la premi\u00e8re \u00e9preuve, <b>seuls Margaux, Quentin et Charles se sont affront\u00e9s pour se qualifier directement pour la semaine suivante<\/b>. Le chef boulanger Guillaume Chabrol et le chef Alan Taudon leur ont demand\u00e9 de <b>r\u00e9interpr\u00e9ter l&rsquo;\u0153uf mouillette version palace<\/b>. Et c&rsquo;est Quentin qui s&rsquo;est impos\u00e9 gr\u00e2ce \u00e0 un concept invers\u00e9 qui a compl\u00e8tement conquis les jur\u00e9s, juste devant Charles et Margaux. Le prot\u00e9g\u00e9 de <a href=\"https:\/\/www.programme-tv.net\/biographie\/889546-viel-glenn\/\" data-link-people=\"14988802-8e81-4e25-ac73-b21f302df8dc\" target=\"_blank\" rel=\"noopener\">Glenn Viel<\/a> a donc \u00e9t\u00e9 <b>dispens\u00e9 des autres \u00e9preuves du jour<\/b>. La deuxi\u00e8me \u00e9preuve, autour du tea time, corsait encore un peu plus le jeu. Cette fois, les quatre candidats devaient<b> r\u00e9aliser deux bouch\u00e9es sucr\u00e9es et une bouch\u00e9e sal\u00e9e qui s&rsquo;accordent parfaitement avec le th\u00e9 qui leur \u00e9tait attribu\u00e9<\/b>. Si tous ont rapidement trouv\u00e9 ce qu&rsquo;ils allaient proposer, Ilane semblait compl\u00e8tement perdu dans le garde-manger qu&rsquo;il d\u00e9couvrait pour la premi\u00e8re fois. De son c\u00f4t\u00e9, Margaux n&rsquo;a pas pu r\u00e9aliser le mochi de butternut qu&rsquo;elle comptait faire et a opt\u00e9 pour une compot\u00e9e. Malgr\u00e9 ce rattrapage de derni\u00e8re minute, la jeune femme a termin\u00e9 une fois de plus derni\u00e8re de l&rsquo;\u00e9preuve, devant Ilane et Charles et Gr\u00e9goire. En remportant cette \u00e9preuve, le repr\u00e9sentant de la Brigade verte a assur\u00e9 son retour dans le concours avec son nouveau mentor \u00c9ric Fr\u00e9chon.<\/p>\n<p>                        Top Chef 2025 : gros craquage en pleine \u00e9preuve pour un des candidats !<\/p>\n<p>C&rsquo;est donc sur une troisi\u00e8me et ultime \u00e9preuve que Margaux, Charles et Ilane ont \u00e9t\u00e9 d\u00e9partag\u00e9s par quatre chefs multi-\u00e9toil\u00e9s : Christian Le Squer, Alan Taudon, Simone Zanoni et <a href=\"https:\/\/www.programme-tv.net\/biographie\/53820-darroze-helene\/\" data-link-people=\"b5ee220c-b375-4f94-8b9a-3ebb1b13d25d\" target=\"_blank\" rel=\"noopener\">H\u00e9l\u00e8ne Darroze<\/a>. Leur d\u00e9fi : les p\u00e2tes s\u00e8ches, version palace. Ne parvenant pas du tout \u00e0 r\u00e9aliser sa timbale de macaronis, Charles s&rsquo;est retrouv\u00e9 compl\u00e8tement d\u00e9sempar\u00e9. Mais encourag\u00e9 par Philippe Etchebest, il a finalement opt\u00e9 pour des nids agr\u00e9ment\u00e9s d&rsquo;un terre-mer girolles, moules et langoustines. Ilane a opt\u00e9 pour des spaghetti avec de l&rsquo;ail et de la poutargue et Margaux des paccheri accompagn\u00e9 d&rsquo;une bisque de chorizo, de langoustines et piment. Un choix judicieux pour la candidate de <a href=\"https:\/\/www.programme-tv.net\/biographie\/199494-le-quellec-stephanie\/\" data-link-people=\"4924059f-f853-4067-8c95-e691acd372fe\" target=\"_blank\" rel=\"noopener\">St\u00e9phanie Le Quellec<\/a> qui a remport\u00e9 l&rsquo;\u00e9preuve haut la main. S&rsquo;il a \u00e9t\u00e9 plus compliqu\u00e9 de d\u00e9partager les deux autres assiettes, les jur\u00e9s ont pr\u00e9f\u00e9r\u00e9 celle d&rsquo;Ilane, lui faisant ainsi int\u00e9grer le concours, et \u00e9liminant Charles.<\/p>\n<p>\u00ab\u00a0Je ne l&rsquo;ai jamais vu dans cet \u00e9tat-l\u00e0\u00a0\u00bb : St\u00e9phane Rotenberg d\u00e9contenanc\u00e9 devant un jur\u00e9 de Top Chef en larmes<\/p>\n<p>Tr\u00e8s \u00e9mu, le jeune homme a eu du mal \u00e0 encaisser le coup, tout comme ses camarades de promotion, tr\u00e8s pein\u00e9s de son d\u00e9part. Mais c&rsquo;est surtout Philippe Etchebest qui a \u00e9t\u00e9 particuli\u00e8rement touch\u00e9 de cette sentence. \u00ab\u00a0<b>\u00c7a fait chier. Vraiment. Je suis tr\u00e8s d\u00e9\u00e7u<\/b>\u00ab\u00a0, a d\u00e9clar\u00e9 le <a href=\"https:\/\/www.programme-tv.net\/news\/tv\/374797-top-chef-deux-anciens-finalistes-decrochent-leur-premiere-etoile-au-guide-michelin-philippe-etchebest-decroche-sa-deuxieme-etoile\/\" data-api-deeplink=\"teleloisirs:\/\/news\/374797\" target=\"_blank\" rel=\"noopener\">chef doublement \u00e9toil\u00e9<\/a>, les larmes aux yeux. \u00ab\u00a0L&rsquo;\u00e9preuve \u00e9tait vraiment tr\u00e8s compliqu\u00e9e, c&rsquo;\u00e9tait la pire depuis le d\u00e9but de Top Chef. Honn\u00eatement de loin\u00a0\u00bb, a pour sa part d\u00e9clar\u00e9 Charles devant un Philippe Etchebest de plus en plus boulevers\u00e9. \u00ab\u00a0Je n&rsquo;ai jamais vu Philippe Etchebest dans cet \u00e9tat-l\u00e0\u00a0\u00bb, a m\u00eame remarqu\u00e9 St\u00e9phane Rotenberg tandis que le chef au col bleu-blanc-rouge n&rsquo;a pu retenir ses larmes. \u00ab\u00a0Putain, je suis triste ! C&rsquo;est quand m\u00eame le paradoxe du concours, j&rsquo;ai l&rsquo;impression que j&rsquo;ai plus de peine que lui\u00a0\u00bb, poursuit-il. Mais alors que St\u00e9phane Rotenberg \u00e9voque <a href=\"https:\/\/www.programme-tv.net\/news\/tv\/378990-j-espere-que-tu-vas-lui-laisser-un-peu-de-place-helene-darroze-top-chef-adresse-un-message-particulier-a-charles-apres-l-elimination-de-sa-compagne-philippine\/\" data-api-deeplink=\"teleloisirs:\/\/news\/378990\" target=\"_blank\" rel=\"noopener\">Philippine, la compagne de Charles<\/a>, ce dernier se laisse submerger par l&rsquo;\u00e9motion. \u00ab\u00a0En tout cas, je suis vraiment fier de toi, Charles. Je ne te l&rsquo;ai pas dit assez mais je suis fier de toi et de ton parcours\u00a0\u00bb, a conclu Philippe Etchebest qui quitte \u00e9galement le concours sur cette \u00e9limination.<\/p>\n","protected":false},"excerpt":{"rendered":"Un retour, une arriv\u00e9e et un d\u00e9part. C&rsquo;est le programme charg\u00e9 de cette onzi\u00e8me soir\u00e9e de Top Chef,&hellip;\n","protected":false},"author":2,"featured_media":152459,"comment_status":"","ping_status":"","sticky":false,"template":"","format":"standard","meta":{"footnotes":""},"categories":[1356],"tags":[23895,244,58,59,1011,27,494,5387,23898,252,492,1364,1630],"class_list":{"0":"post-152458","1":"post","2":"type-post","3":"status-publish","4":"format-standard","5":"has-post-thumbnail","7":"category-television","8":"tag-charles-neyers-top-chef-16","9":"tag-commentaire","10":"tag-divertissement","11":"tag-entertainment","12":"tag-fr","13":"tag-france","14":"tag-m6","15":"tag-philippe-etchebest","16":"tag-stu00e9phane-rotenberg","17":"tag-television","18":"tag-top-chef","19":"tag-tv","20":"tag-zapping"},"share_on_mastodon":{"url":"https:\/\/pubeurope.com\/@fr\/114627418830098704","error":""},"_links":{"self":[{"href":"https:\/\/www.europesays.com\/fr\/wp-json\/wp\/v2\/posts\/152458","targetHints":{"allow":["GET"]}}],"collection":[{"href":"https:\/\/www.europesays.com\/fr\/wp-json\/wp\/v2\/posts"}],"about":[{"href":"https:\/\/www.europesays.com\/fr\/wp-json\/wp\/v2\/types\/post"}],"author":[{"embeddable":true,"href":"https:\/\/www.europesays.com\/fr\/wp-json\/wp\/v2\/users\/2"}],"replies":[{"embeddable":true,"href":"https:\/\/www.europesays.com\/fr\/wp-json\/wp\/v2\/comments?post=152458"}],"version-history":[{"count":0,"href":"https:\/\/www.europesays.com\/fr\/wp-json\/wp\/v2\/posts\/152458\/revisions"}],"wp:featuredmedia":[{"embeddable":true,"href":"https:\/\/www.europesays.com\/fr\/wp-json\/wp\/v2\/media\/152459"}],"wp:attachment":[{"href":"https:\/\/www.europesays.com\/fr\/wp-json\/wp\/v2\/media?parent=152458"}],"wp:term":[{"taxonomy":"category","embeddable":true,"href":"https:\/\/www.europesays.com\/fr\/wp-json\/wp\/v2\/categories?post=152458"},{"taxonomy":"post_tag","embeddable":true,"href":"https:\/\/www.europesays.com\/fr\/wp-json\/wp\/v2\/tags?post=152458"}],"curies":[{"name":"wp","href":"https:\/\/api.w.org\/{rel}","templated":true}]}}