{"id":15246,"date":"2025-04-10T15:08:07","date_gmt":"2025-04-10T15:08:07","guid":{"rendered":"https:\/\/www.europesays.com\/fr\/15246\/"},"modified":"2025-04-10T15:08:07","modified_gmt":"2025-04-10T15:08:07","slug":"que-prevoit-bison-fute-pour-ce-premier-week-end-des-vacances-de-printemps-a-paris-et-en-ile-de-france","status":"publish","type":"post","link":"https:\/\/www.europesays.com\/fr\/15246\/","title":{"rendered":"Que pr\u00e9voit Bison Fut\u00e9 pour ce premier week-end des vacances de printemps \u00e0 Paris et en \u00cele-de-France\u00a0?"},"content":{"rendered":"<p>            Par<br \/>\n        <strong><br \/>\n            <a href=\"https:\/\/actu.fr\/auteur\/redaction-paris\" title=\"Consulter tous les articles de R\u00e9daction Paris\" target=\"_blank\" rel=\"noopener\">R\u00e9daction Paris<\/a><br \/>\n        <\/strong><\/p>\n<p>        Publi\u00e9 le<\/p>\n<p>            10 avr. 2025 \u00e0 17h00        <\/p>\n<p>Elles sont de retour. Vendredi 11\u00a0avril 2025, une fois que la cloche aura sonn\u00e9 pour annoncer la fin de la journ\u00e9e, les \u00e9l\u00e8ves de Paris et d\u2019\u00cele-de-France entameront leurs <a href=\"https:\/\/actu.fr\/tag\/vacances-scolaires\" target=\"_blank\" rel=\"noopener\">vacances de printemps<\/a>.\u00a0<strong>\u00c0 quel moment partir\u2009?<\/strong> Quelles routes \u00e9viter\u2009? Voici les pr\u00e9visions de <a href=\"https:\/\/actu.fr\/tag\/bison-fute\" target=\"_blank\" rel=\"noopener\">Bison Fut\u00e9<\/a> pour le week-end du 12 et du 13\u00a0avril 2025\u2009?<\/p>\n<p>Vendredi 11\u00a0avril 2025<\/p>\n<p class=\" wall-content\">Class\u00e9e <strong>orange<\/strong> dans le sens des d\u00e9parts et vert dans celui des retours, ce vendredi 11\u00a0avril 2025 sera la journ\u00e9e o\u00f9 la circulation sera la plus difficile, estime Bison Fut\u00e9. La circulation sera dense \u00ab\u2009d\u00e8s le d\u00e9but de l\u2019apr\u00e8s-midi [\u2026] direction des barri\u00e8res de p\u00e9age des autoroutes A10 et A6, ainsi que sur les autoroutes qui y convergent, notamment l\u2019A86 et l\u2019A6b\u2009\u00bb, pr\u00e9cise le centre national d\u2019information routi\u00e8re.<\/p>\n<p class=\" wall-content\">Le trafic sera compliqu\u00e9 tout au long de l\u2019apr\u00e8s-midi, jusqu\u2019en d\u00e9but de soir\u00e9e. \u00ab\u2009L\u2019autoroute A13 pourrait aussi conna\u00eetre des <strong>difficult\u00e9s de circulation<\/strong> d\u00e8s le milieu de l\u2019apr\u00e8s-midi.\u2009\u00bb<\/p>\n<p class=\" wall-content\"><strong>Les conseils de Bison Fut\u00e9\u2009:<\/strong><\/p>\n<p class=\" wall-content\">Dans le sens des d\u00e9parts, \u00ab\u2009quittez ou traversez l\u2019\u00cele-de-France avant <strong>14\u00a0heures<\/strong>\u2009\u00bb.<\/p>\n<p>Samedi 12\u00a0avril 2025<\/p>\n<p class=\" wall-content\">M\u00eame situation que la veille, samedi 12\u00a0avril 2025 sera class\u00e9 <strong>orange<\/strong> pour les d\u00e9parts et vert pour les retours avec une circulation dense \u00e0 l\u2019approche des barri\u00e8res de p\u00e9ages sur les autoroutes A6 et A10 \u00e0 partir de la mi-journ\u00e9e et jusqu\u2019en d\u00e9but de soir\u00e9e. Sur l\u2019autoroute A13, le trafic devrait \u00e9galement \u00eatre encombr\u00e9 \u00ab\u2009d\u00e8s le milieu de la matin\u00e9e\u2009\u00bb.<\/p>\n<p>Vid\u00e9os : en ce moment sur Actu<\/p>\n<p class=\" wall-content\"><strong>Les conseils de Bison Fut\u00e9\u2009:<\/strong><\/p>\n<p class=\" wall-content\">Dans le sens des d\u00e9parts\u2009: \u00ab\u2009quittez ou traversez l\u2019\u00cele-de-France <strong>avant 6\u00a0heures<\/strong> ou apr\u00e8s 16\u00a0heures\u2009\u00bb.<\/p>\n<p>Dimanche 13\u00a0avril 2025<\/p>\n<p class=\" wall-content\">Ce sera <strong>la journ\u00e9e pour prendre la route<\/strong>, les d\u00e9parts et les retours seront verts.<\/p>\n<p class=\" wall-content\">Suivez toute l\u2019actualit\u00e9 de vos villes et m\u00e9dias favoris en vous inscrivant \u00e0 <a href=\"https:\/\/moncompte.actu.fr\" title=\"D\u00e9couvez Mon Actu\" rel=\"nofollow noopener\" data-trk=\"{&quot;cta&quot;:{&quot;action&quot;:&quot;https:\\\/\\\/moncompte.actu.fr&quot;,&quot;category&quot;:&quot;mon compte&quot;,&quot;from&quot;:&quot;article footer&quot;,&quot;name&quot;:&quot;Mon actu&quot;,&quot;type&quot;:&quot;cta&quot;}}\" target=\"_blank\">Mon Actu<\/a>.<\/p>\n","protected":false},"excerpt":{"rendered":"Par R\u00e9daction Paris Publi\u00e9 le 10 avr. 2025 \u00e0 17h00 Elles sont de retour. Vendredi 11\u00a0avril 2025, une&hellip;\n","protected":false},"author":2,"featured_media":15247,"comment_status":"","ping_status":"","sticky":false,"template":"","format":"standard","meta":{"footnotes":""},"categories":[1888],"tags":[1111,1928,11,1927,6427,3542,1777,674,1011,27,12,1926,626,1925,25,104,3176],"class_list":{"0":"post-15246","1":"post","2":"type-post","3":"status-publish","4":"format-standard","5":"has-post-thumbnail","7":"category-paris","8":"tag-actu","9":"tag-actu-paris","10":"tag-actualites","11":"tag-actualites-paris","12":"tag-bison-fute","13":"tag-circulation","14":"tag-eu","15":"tag-europe","16":"tag-fr","17":"tag-france","18":"tag-news","19":"tag-news-paris","20":"tag-paris","21":"tag-paris-news","22":"tag-republique-francaise","23":"tag-societe","24":"tag-vacances-scolaires"},"share_on_mastodon":{"url":"https:\/\/pubeurope.com\/@fr\/114314300838962111","error":""},"_links":{"self":[{"href":"https:\/\/www.europesays.com\/fr\/wp-json\/wp\/v2\/posts\/15246","targetHints":{"allow":["GET"]}}],"collection":[{"href":"https:\/\/www.europesays.com\/fr\/wp-json\/wp\/v2\/posts"}],"about":[{"href":"https:\/\/www.europesays.com\/fr\/wp-json\/wp\/v2\/types\/post"}],"author":[{"embeddable":true,"href":"https:\/\/www.europesays.com\/fr\/wp-json\/wp\/v2\/users\/2"}],"replies":[{"embeddable":true,"href":"https:\/\/www.europesays.com\/fr\/wp-json\/wp\/v2\/comments?post=15246"}],"version-history":[{"count":0,"href":"https:\/\/www.europesays.com\/fr\/wp-json\/wp\/v2\/posts\/15246\/revisions"}],"wp:featuredmedia":[{"embeddable":true,"href":"https:\/\/www.europesays.com\/fr\/wp-json\/wp\/v2\/media\/15247"}],"wp:attachment":[{"href":"https:\/\/www.europesays.com\/fr\/wp-json\/wp\/v2\/media?parent=15246"}],"wp:term":[{"taxonomy":"category","embeddable":true,"href":"https:\/\/www.europesays.com\/fr\/wp-json\/wp\/v2\/categories?post=15246"},{"taxonomy":"post_tag","embeddable":true,"href":"https:\/\/www.europesays.com\/fr\/wp-json\/wp\/v2\/tags?post=15246"}],"curies":[{"name":"wp","href":"https:\/\/api.w.org\/{rel}","templated":true}]}}