{"id":152460,"date":"2025-06-04T22:19:09","date_gmt":"2025-06-04T22:19:09","guid":{"rendered":"https:\/\/www.europesays.com\/fr\/152460\/"},"modified":"2025-06-04T22:19:09","modified_gmt":"2025-06-04T22:19:09","slug":"une-beigne-la-reaction-violente-de-sa-mere-face-a-linceste-dont-elle-a-ete-victime","status":"publish","type":"post","link":"https:\/\/www.europesays.com\/fr\/152460\/","title":{"rendered":"\u201cUne beigne\u201d, la r\u00e9action violente de sa m\u00e8re face \u00e0 l\u2019inceste dont elle a \u00e9t\u00e9 victime"},"content":{"rendered":"<p><strong>On a tous fredonn\u00e9 Shame on U, titre culte des<br \/>\nann\u00e9es 90, chant\u00e9 par Oph\u00e9lie Winter.<\/strong> Pourtant, la<br \/>\nchanteuse phare de l\u2019\u00e9poque <strong>Dance Machine<\/strong> a mis un<br \/>\npetit bout de temps \u00e0 percer. Au d\u00e9part, apr\u00e8s un mauvais d\u00e9part<br \/>\nmusical, elle bifurque vers une carri\u00e8re de<br \/>\n<strong>mannequinat<\/strong>. Mais, finalement, elle conna\u00eet le<br \/>\nsucc\u00e8s \u00e0 l\u2019aube de l\u2019an 2000. Dans une interview, Oph\u00e9lie Winter se<br \/>\nlivre sans fard sur l\u2019<strong>inceste<\/strong> dont elle a \u00e9t\u00e9<br \/>\nvictime. <strong>Et, aussi, sur la r\u00e9action violente de sa propre<br \/>\nm\u00e8re qui ne l\u2019a pas cru lors de ses r\u00e9v\u00e9lations.<\/strong><\/p>\n<p>Oph\u00e9lie Winter a une carri\u00e8re faste de mannequin<\/p>\n<p>Oph\u00e9lie Winter n\u2019a pas toujours pouss\u00e9 la chansonnette. Enfin,<br \/>\nsi. Enfin, l\u2019histoire est plus complexe. D<strong>isons que<br \/>\nl\u00a0\u00bbartiste n\u2019a pas rencontr\u00e9 le succ\u00e8s musical d\u00e8s ses premiers pas<br \/>\ndans cet univers codifi\u00e9.<\/strong> Et c\u2019est un doux euph\u00e9misme.<br \/>\nMais Oph\u00e9lie Winter ne s\u2019est pas d\u00e9mont\u00e9 pour autant. Elle a chang\u00e9<br \/>\nla donne en donnant de sa personne.<\/p>\n<p><strong>En r\u00e9alit\u00e9, la chanteuse en herbe <a href=\"https:\/\/www.melty.fr\/people\/30-ans-apres-les-faits-ophelie-winter-brise-le-silence-il-me-regardait-les-fesses-le-decollete-2238405.html\" rel=\"nofollow noopener\" target=\"_blank\"><br \/>\nse mue en une mannequin professionnelle<\/a>.<\/strong> Oph\u00e9lie<br \/>\nWinter conna\u00eet une carri\u00e8re faste, posant pour des magazines<br \/>\ncultes, comme <strong>Photo<\/strong>, signant avec l\u2019agence<br \/>\nembl\u00e9matique <strong>Absolu<\/strong>, ou tournant dans des pubs<br \/>\npour <strong>Lee Cooper<\/strong>. Toutefois, elle continue la<br \/>\nmusique en parall\u00e8le, comme en louced\u00e9, attendant son heure\u2026<\/p>\n<p>Un passage par la case t\u00e9l\u00e9 avant le succ\u00e8s musical<\/p>\n<p><strong>Dans les ann\u00e9es 90, on peut apercevoir la<br \/>\nmannequin-chanteuse dans Dance Machine et Dance Machine<br \/>\nClub.<\/strong> Elle pr\u00e9sente ces \u00e9missions musicales en compagnie<br \/>\nde son fr\u00e8re, <strong>Micka\u00ebl<\/strong>. On retrouve aussi Oph\u00e9lie<br \/>\nWinter dans le sitcom Classe mannequin o\u00f9 elle<br \/>\nfait bri\u00e8vement l\u2019actrice. Mais celle-ci veut toujours <a href=\"https:\/\/www.melty.fr\/people\/bouleversee-ophelie-winter-craque-face-au-souvenir-de-ce-celebre-ex-decede-je-chiale-2238281.html\" rel=\"nofollow noopener\" target=\"_blank\"><br \/>\nautant chanter, bouger, bref \u00eatre une popstar<\/a>.<\/p>\n<p>Arrive la fin de l\u2019ann\u00e9e 1995. <strong>Oph\u00e9lie Winter signe le<br \/>\nsingle \u00e0 succ\u00e8s Dieu m\u2019a donn\u00e9 la foi.<\/strong> Comme une<br \/>\npromesse en chanson. Celle que la chanteuse est enfin arriv\u00e9e \u00e0 ses<br \/>\nfins. Et qu\u2019elle ne compte pas s\u2019en aller de sit\u00f4t. Elle publie<br \/>\nensuite Shame on U sorti sous les radars auparavant.<br \/>\n<strong>Un autre hit pour Oph\u00e9lie Winter qui devient incontournable<br \/>\n\u00e0 l\u2019\u00e9poque.<\/strong><\/p>\n<p>Oph\u00e9lie Winter se livre sur l\u2019inceste<br \/>\ndont elle a \u00e9t\u00e9 victime<\/p>\n<p><strong>Flashback : nous sommes en 2021 sur le plateau de<br \/>\nQuotidien.<\/strong> Oph\u00e9lie Winter brise le silence en se livrant<br \/>\nsur l\u2019inceste dont elle a \u00e9t\u00e9 victime. <strong>En effet, selon ses<br \/>\ndires, la chanteuse a \u00e9t\u00e9 abus\u00e9e lorsqu\u2019elle \u00e9tait enfant par son<br \/>\noncle.<\/strong> Soit le fr\u00e8re de sa m\u00e8re. Des agressions sexuelles<br \/>\net incestueuses r\u00e9currentes lorsque celle-ci se rendait, plus<br \/>\njeune, dans la demeure de sa grand-m\u00e8re. Des attouchements<br \/>\nperp\u00e9tr\u00e9s durant les vacances.<\/p>\n<p><strong>Oph\u00e9lie Winter l\u00e8ve le voile, aussi, sur la r\u00e9action<br \/>\nviolente de sa m\u00e8re envers elle lorsqu\u2019elle a appris la<br \/>\nv\u00e9rit\u00e9.<\/strong> \u201cCe truc-l\u00e0, c\u2019est encore une bagarre avec ma<br \/>\nm\u00e8re [&#8230;] parce qu\u2019elle ne m\u2019a pas crue quand je le lui<br \/>\nai dit la premi\u00e8re fois.\u201d Elle d\u00e9taille : \u201cJe lui ai dit<br \/>\n: \u2018Maman, <strong>St\u00e9phane<\/strong> me touche le zizi\u2019.<br \/>\n<strong>Et je me suis pris une beigne !<\/strong>\u201d Oph\u00e9lie<br \/>\nWinter pr\u00e9cise ensuite que son oncle, en situation de handicap,<br \/>\ntoujours selon ses dires, ne se rendait pas compte de ses gestes<br \/>\nincestueux. Oph\u00e9lie Winter conclut : \u201cLe pauvre, il n\u2019y \u00e9tait<br \/>\npour rien, personne ne lui a jamais dit : \u2018C\u2019est mal de faire<br \/>\n\u00e7a\u2019. C\u2019est ce que j\u2019attendais que ma m\u00e8re fasse en balan\u00e7ant le<br \/>\ntruc. Elle m\u2019a foutu une claque en me disant : \u2018Arr\u00eate de<br \/>\nmentir, t\u2019es une petite menteuse\u2019.\u201d <strong>Aujourd\u2019hui,<br \/>\nla chanteuse a coup\u00e9 les ponts avec sa m\u00e8re.<\/strong><\/p>\n","protected":false},"excerpt":{"rendered":"On a tous fredonn\u00e9 Shame on U, titre culte des ann\u00e9es 90, chant\u00e9 par Oph\u00e9lie Winter. Pourtant, la&hellip;\n","protected":false},"author":2,"featured_media":152461,"comment_status":"","ping_status":"","sticky":false,"template":"","format":"standard","meta":{"footnotes":""},"categories":[1355],"tags":[58,59,1011,27,1361,873,25836],"class_list":{"0":"post-152460","1":"post","2":"type-post","3":"status-publish","4":"format-standard","5":"has-post-thumbnail","7":"category-musique","8":"tag-divertissement","9":"tag-entertainment","10":"tag-fr","11":"tag-france","12":"tag-music","13":"tag-musique","14":"tag-ophelie-winter"},"share_on_mastodon":{"url":"https:\/\/pubeurope.com\/@fr\/114627422843967236","error":""},"_links":{"self":[{"href":"https:\/\/www.europesays.com\/fr\/wp-json\/wp\/v2\/posts\/152460","targetHints":{"allow":["GET"]}}],"collection":[{"href":"https:\/\/www.europesays.com\/fr\/wp-json\/wp\/v2\/posts"}],"about":[{"href":"https:\/\/www.europesays.com\/fr\/wp-json\/wp\/v2\/types\/post"}],"author":[{"embeddable":true,"href":"https:\/\/www.europesays.com\/fr\/wp-json\/wp\/v2\/users\/2"}],"replies":[{"embeddable":true,"href":"https:\/\/www.europesays.com\/fr\/wp-json\/wp\/v2\/comments?post=152460"}],"version-history":[{"count":0,"href":"https:\/\/www.europesays.com\/fr\/wp-json\/wp\/v2\/posts\/152460\/revisions"}],"wp:featuredmedia":[{"embeddable":true,"href":"https:\/\/www.europesays.com\/fr\/wp-json\/wp\/v2\/media\/152461"}],"wp:attachment":[{"href":"https:\/\/www.europesays.com\/fr\/wp-json\/wp\/v2\/media?parent=152460"}],"wp:term":[{"taxonomy":"category","embeddable":true,"href":"https:\/\/www.europesays.com\/fr\/wp-json\/wp\/v2\/categories?post=152460"},{"taxonomy":"post_tag","embeddable":true,"href":"https:\/\/www.europesays.com\/fr\/wp-json\/wp\/v2\/tags?post=152460"}],"curies":[{"name":"wp","href":"https:\/\/api.w.org\/{rel}","templated":true}]}}