{"id":152468,"date":"2025-06-04T22:23:10","date_gmt":"2025-06-04T22:23:10","guid":{"rendered":"https:\/\/www.europesays.com\/fr\/152468\/"},"modified":"2025-06-04T22:23:10","modified_gmt":"2025-06-04T22:23:10","slug":"dates-prix-des-places-pilotes-et-tout-ce-quon-sait-de-la-nouvelle-edition","status":"publish","type":"post","link":"https:\/\/www.europesays.com\/fr\/152468\/","title":{"rendered":"dates, prix des places, pilotes et tout ce qu\u2019on sait de la nouvelle \u00e9dition"},"content":{"rendered":"<p>        <img decoding=\"async\" loading=\"lazy\" src=\"https:\/\/www.europesays.com\/fr\/wp-content\/uploads\/2025\/06\/9b57841_sirius-fs-upload-1-lqhpug1q4vz0-1749051180663-000-33ut4cy.jpg\"  width=\"728\" height=\"409\" alt=\"Squeezie, ici au mois de septembre 2023, au Mans.\"\/>  <\/p>\n<p>SEBASTIEN SALOM-GOMIS \/ AFP<\/p>\n<p>Squeezie, ici au mois de septembre 2023, au Mans.<\/p>\n<p class=\"asset asset-text\">M\u00c9DIAS &#8211; Les fans de <a href=\"https:\/\/www.huffingtonpost.fr\/politique\/article\/legislatives-2024-squeezie-appelle-ses-abonnes-a-voter-contre-l-extreme-droite-les-30-juin-et-7-juillet_235510.html\" target=\"_blank\" rel=\"noopener\">Squeezie<\/a> sont dans les starting-blocks. Et pour cause, le <a href=\"https:\/\/www.huffingtonpost.fr\/culture\/article\/squeezie-revient-sur-son-message-instagram-contre-le-rn-il-fallait-que-je-le-fasse_241441.html\" target=\"_blank\" rel=\"noopener\">deuxi\u00e8me youtubeur<\/a> le plus suivi de France ouvre, ce mercredi 4\u00a0juin, la billetterie de la tr\u00e8s attendue troisi\u00e8me \u00e9dition du <a href=\"https:\/\/www.huffingtonpost.fr\/sport\/article\/le-gp-explorer-2-de-squeezie-bat-le-record-de-vues-sur-twitch-en-france_222857.html\" target=\"_blank\" rel=\"noopener\">Grand Prix Explorer<\/a>, sa nouvelle course de Formule 4 qui doit se d\u00e9rouler du 3 au 5\u00a0octobre prochains sur le circuit Bugatti du\u00a0Mans.<\/p>\n<p class=\"asset asset-text\">Une jauge de 40\u00a0000 spectateurs est pr\u00e9vue pour le vendredi et 80\u00a0000 pour chacune des journ\u00e9es du samedi et du dimanche, \u00ab\u00a0la capacit\u00e9 maximale du circuit\u00a0\u00bb, soit au total \u00ab\u00a0200\u00a0000 tickets\u00a0\u00bb, s\u2019est enthousiasm\u00e9e Squeezie sur Twitch, en mai dernier. \u00ab\u00a0C\u2019est trois fois plus que lors du GP2\u00a0\u00bb, a-t-il soulign\u00e9.<\/p>\n<p class=\"asset asset-text\">Au programme\u00a0: la pr\u00e9sentation des 24\u00a0pilotes le vendredi, puis les courses le reste du week-end. Parmi les coureurs, Squeezie concourra avec le streamer AmineMaTue. Le youtubeur Mister V fera \u00e9quipe avec le rappeur PLK, le streameur Billy avec le rappeur <a href=\"https:\/\/www.huffingtonpost.fr\/culture\/article\/sch-a-quitte-marseille-il-raconte-l-avalanche-de-menaces-et-de-pressions-qui-l-ont-pousse-a-le-faire_245259.html\" target=\"_blank\" rel=\"noopener\">SCH<\/a>. Une autre \u00e9curie rassemblera les streameuses Kaatsup et Ana.<\/p>\n<p class=\"asset asset-text\">Sont \u00e9galement convi\u00e9s les youtubeurs espagnols Ander et Karchez, et le streamer am\u00e9ricain Ludwig.\u00a0Le public pourra aussi apercevoir Michael Reeves, Niko, Gotaga, Ander, Marchez, Th\u00e9odort, Matsu, mais aussi L\u00e9a Elui, Maghla, ou encore Baghera, Cocotte, Maxime Biaggi et Djilsi.<\/p>\n<p>                     Quid du prix\u00a0?    <\/p>\n<p class=\"asset asset-text\">L\u2019ouverture de la billetterie doit se faire, ce mercredi, \u00e0 21\u00a0heures. Il faudra compter bien plus que l\u2019an pass\u00e9\u00a0: entre 69\u00a0et 85\u00a0euros par personne et par jour. Le prix du billet pour le GP Explorer 2\u00a0\u00e9tait de 48\u00a0euros. Cette ann\u00e9e, l\u2019acc\u00e8s aux concerts (dont on ignore encore les t\u00eates d\u2019affiche) du vendredi soir se fera pour\u00a029\u00a0euros par personne.<\/p>\n<p class=\"asset asset-text\">En octobre\u00a02023, la deuxi\u00e8me \u00e9dition de cette course avait \u00e9t\u00e9 un record d\u2019audience sur Twitch en France. Les 60\u00a0000 places avaient \u00e9t\u00e9 vendues en 30 minutes. Pour autant, le r\u00e9sultat avait \u00e9t\u00e9 \u00e9clips\u00e9 par la vague de messages haineux \u00e0 l\u2019encontre de <a href=\"https:\/\/www.huffingtonpost.fr\/people\/article\/gp-explorer-2-squeezie-denonce-les-attaques-sexistes-visant-manon-lanza-apres-son-accident-sur-la-course_223015.html\" target=\"_blank\" rel=\"noopener\">Manon Lanza<\/a>, surfeuse et Youtubeuse qui pilotait une Formule 4, apr\u00e8s un carambolage entre sa voiture et celle d\u2019un autre Youtubeur, qui avait entra\u00een\u00e9 une vague de cyberharc\u00e8lement.<\/p>\n","protected":false},"excerpt":{"rendered":"SEBASTIEN SALOM-GOMIS \/ AFP Squeezie, ici au mois de septembre 2023, au Mans. M\u00c9DIAS &#8211; Les fans de&hellip;\n","protected":false},"author":2,"featured_media":152469,"comment_status":"","ping_status":"","sticky":false,"template":"","format":"standard","meta":{"footnotes":""},"categories":[8],"tags":[58,59,1011,27,27138,28198],"class_list":{"0":"post-152468","1":"post","2":"type-post","3":"status-publish","4":"format-standard","5":"has-post-thumbnail","7":"category-divertissement","8":"tag-divertissement","9":"tag-entertainment","10":"tag-fr","11":"tag-france","12":"tag-sport-automobile","13":"tag-squeezie"},"share_on_mastodon":{"url":"https:\/\/pubeurope.com\/@fr\/114627438526077758","error":""},"_links":{"self":[{"href":"https:\/\/www.europesays.com\/fr\/wp-json\/wp\/v2\/posts\/152468","targetHints":{"allow":["GET"]}}],"collection":[{"href":"https:\/\/www.europesays.com\/fr\/wp-json\/wp\/v2\/posts"}],"about":[{"href":"https:\/\/www.europesays.com\/fr\/wp-json\/wp\/v2\/types\/post"}],"author":[{"embeddable":true,"href":"https:\/\/www.europesays.com\/fr\/wp-json\/wp\/v2\/users\/2"}],"replies":[{"embeddable":true,"href":"https:\/\/www.europesays.com\/fr\/wp-json\/wp\/v2\/comments?post=152468"}],"version-history":[{"count":0,"href":"https:\/\/www.europesays.com\/fr\/wp-json\/wp\/v2\/posts\/152468\/revisions"}],"wp:featuredmedia":[{"embeddable":true,"href":"https:\/\/www.europesays.com\/fr\/wp-json\/wp\/v2\/media\/152469"}],"wp:attachment":[{"href":"https:\/\/www.europesays.com\/fr\/wp-json\/wp\/v2\/media?parent=152468"}],"wp:term":[{"taxonomy":"category","embeddable":true,"href":"https:\/\/www.europesays.com\/fr\/wp-json\/wp\/v2\/categories?post=152468"},{"taxonomy":"post_tag","embeddable":true,"href":"https:\/\/www.europesays.com\/fr\/wp-json\/wp\/v2\/tags?post=152468"}],"curies":[{"name":"wp","href":"https:\/\/api.w.org\/{rel}","templated":true}]}}