{"id":152472,"date":"2025-06-04T22:25:11","date_gmt":"2025-06-04T22:25:11","guid":{"rendered":"https:\/\/www.europesays.com\/fr\/152472\/"},"modified":"2025-06-04T22:25:11","modified_gmt":"2025-06-04T22:25:11","slug":"ce-que-contiennent-ces-documents-reveles-par-france-2-et-le-nouvel-obs","status":"publish","type":"post","link":"https:\/\/www.europesays.com\/fr\/152472\/","title":{"rendered":"ce que contiennent ces documents r\u00e9v\u00e9l\u00e9s par France 2 et le \u00ab\u00a0Nouvel Obs\u00a0\u00bb"},"content":{"rendered":"<p>        <img decoding=\"async\" loading=\"lazy\" src=\"https:\/\/www.europesays.com\/fr\/wp-content\/uploads\/2025\/06\/a8a33cf_sirius-fs-upload-1-wonbd7akc5lo-1746607868391-000-34qc4hd.jpg\"  width=\"728\" height=\"409\" alt=\"\u00ab\u00a0Compl\u00e9ment d\u2019enqu\u00eate\u00a0\u00bb et le \u00ab\u00a0Nouvel Obs\u00a0\u00bb d\u00e9voilent des documents sugg\u00e9rant que Rachida Dati aurait per\u00e7u 299\u00a0000\u00a0euros d\u2019\u00ab\u00a0honoraires\u00a0\u00bb non-d\u00e9clar\u00e9s de GDF Suez.\"\/>  <\/p>\n<p>GUILLAUME SOUVANT \/ AFP<\/p>\n<p>\u00ab\u00a0Compl\u00e9ment d\u2019enqu\u00eate\u00a0\u00bb et le \u00ab\u00a0Nouvel Obs\u00a0\u00bb d\u00e9voilent des documents sugg\u00e9rant que Rachida Dati aurait per\u00e7u 299\u00a0000\u00a0euros d\u2019\u00ab\u00a0honoraires\u00a0\u00bb non-d\u00e9clar\u00e9s de GDF Suez.<\/p>\n<p class=\"asset asset-text\">POLITIQUE &#8211; A-t-elle d\u00e9fendu le groupe gazier au Parlement en \u00e9change de sommes d\u2019argent importantes\u00a0? Dans une enqu\u00eate conjointe, le magazine Compl\u00e9ment d\u2019enqu\u00eate, qui sera diffus\u00e9 ce jeudi 5\u00a0juin au soir sur France 2, et <a href=\"https:\/\/www.nouvelobs.com\/politique\/20250604.OBS104614\/la-nouvelle-affaire-rachida-dati-revelations-sur-l-argent-cache-de-l-ex-deputee-europeenne.html\" target=\"_blank\" rel=\"noopener\" title=\"Nouvelle fen\u00eatre\">Le Nouvel Obs<\/a> r\u00e9v\u00e8lent des documents sugg\u00e9rant que <a href=\"https:\/\/www.huffingtonpost.fr\/culture\/article\/rachida-dati-lance-l-ete-culturel-au-camping-pour-vous-faire-decouvrir-la-culture-en-vacances_250432.html\" target=\"_blank\" rel=\"noopener\" title=\"Nouvelle fen\u00eatre\">Rachida Dati<\/a> aurait per\u00e7u 299\u00a0000\u00a0euros d\u2019\u00ab\u00a0honoraires\u00a0\u00bb non d\u00e9clar\u00e9s de<a href=\"https:\/\/www.huffingtonpost.fr\/environnement\/article\/totalenergies-le-nouveau-projet-gazier-en-afrique-du-sud-denonce-par-les-ecologistes_209082.html\" target=\"_blank\" rel=\"noopener\" title=\"Nouvelle fen\u00eatre\"> GDF Suez<\/a> en 2010-2011 quand elle \u00e9tait eurod\u00e9put\u00e9e et avocate. Des faits qu\u2019elle r\u00e9fute.<\/p>\n<p class=\"asset asset-text\">Les deux m\u00e9dias mettent ces versements en regard de \u00ab\u00a0prises de position favorables au secteur gazier\u00a0\u00bb de Rachida Dati quand elle si\u00e9geait au Parlement europ\u00e9en (2009-2019).<\/p>\n<p class=\"asset asset-text\">La ministre de la Culture, par ailleurs mise en examen pour corruption passive<a href=\"https:\/\/www.huffingtonpost.fr\/justice\/article\/rachida-dati-mise-en-examen-ce-que-l-on-sait-de-l-affaire-qui-concerne-la-ministre-de-la-culture_228225.html\" target=\"_blank\" rel=\"noopener\"> dans l\u2019affaire Carlos Ghosn<\/a>, a toujours r\u00e9cus\u00e9 tout lien contractuel avec le groupe gazier fran\u00e7ais, rebaptis\u00e9 Engie en 2015, et a ni\u00e9 tout conflit d\u2019int\u00e9r\u00eats. \u00ab\u00a0Madame Dati a donn\u00e9 toutes ses explications et n\u2019a jamais \u00e9t\u00e9 l\u2019avocate de GDF Suez\u00a0\u00bb, ont insist\u00e9 mercredi aupr\u00e8s de l\u2019AFP ses avocats, Mes Olivier Baratelli et Olivier Pardo.<\/p>\n<p>    Deux virements de 150\u00a0000\u00a0euros    <\/p>\n<p class=\"asset asset-text\">Intitul\u00e9 \u00ab\u00a0Rachida Dati, la conqu\u00eate \u00e0 tout prix\u00a0\u00bb et brossant un portrait de l\u2019actuelle ministre en \u00ab\u00a0bulldozer\u00a0\u00bb de la politique, le Compl\u00e9ment d\u2019enqu\u00eate r\u00e9v\u00e8le l\u2019existence de documents qui ne sont \u00e0 l\u2019heure actuelle pas aux mains de la justice et prouveraient que Rachida Dati a \u00e9t\u00e9 r\u00e9mun\u00e9r\u00e9e par le g\u00e9ant gazier fran\u00e7ais.<\/p>\n<p class=\"asset asset-text\">Ces documents proviennent de la comptabilit\u00e9 d\u2019un cabinet d\u2019avocat parisien, d\u00e9sormais ferm\u00e9, mais o\u00f9 Rachida Dati est rest\u00e9e domicili\u00e9e jusqu\u2019en f\u00e9vrier\u00a02012. Ils font appara\u00eetre l\u2019encaissement de deux virements de 149\u00a0500\u00a0euros chacun provenant de GDF Suez et dat\u00e9s de juillet\u00a02010 et f\u00e9vrier\u00a02011.<\/p>\n<p class=\"asset asset-text\">Ces r\u00e9v\u00e9lations soul\u00e8vent une question\u00a0: ce cabinet d\u2019avocat aurait-il pu faire figure d\u2019interm\u00e9diaire entre GDF Suez et Rachida Dati\u00a0? Comme le pointe <a href=\"https:\/\/www.franceinfo.fr\/politique\/rachida-dati\/enquete-france-2-dati-honoraire-gdf-suez-les-troublants-paiements-recus-par-rachida-dati-d-un-cabinet-d-avocats_7291545.html\" target=\"_blank\" rel=\"noopener\" title=\"Nouvelle fen\u00eatre\">franceinfo<\/a>, l\u2019un des fondateurs du cabinet, Xavier de Sarrau, est un ami de Nicolas Sarkozy. Ce dernier est \u00e9galement un soutien de l\u2019actuelle ministre de la Culture.<\/p>\n<p>    Des amendements en faveur de groupes gaziers    <\/p>\n<p class=\"asset asset-text\">Rachida Dati a aussi plusieurs fois \u00e9t\u00e9 questionn\u00e9e sur ses liens avec GDF Suez, notamment par les juges en charge de l\u2019affaire Ghosn.<\/p>\n<p class=\"asset asset-text\">Fin 2013, l\u2019eurod\u00e9put\u00e9e centriste Corinne Lepage s\u2019\u00e9tait \u00e9tonn\u00e9e du soutien apport\u00e9 par Rachida Dati \u00e0 la revendication de grands groupes \u00e9nerg\u00e9tiques, dont GDF Suez, pour l\u2019arr\u00eat des subventions aux renouvelables.<\/p>\n<p class=\"asset asset-text\">Interrog\u00e9e dans Compl\u00e9ment d\u2019enqu\u00eate, Corinne Lepage confirme avoir \u00e9t\u00e9 aussi surprise par les amendements d\u00e9pos\u00e9s par Rachida Dati \u00e0 Strasbourg en faveur des groupes gaziers.<\/p>\n<p class=\"asset asset-text\">Ces r\u00e9v\u00e9lations font \u00e9cho \u00e0 l\u2019affaire Ghosn, o\u00f9 l\u2019ex-ministre de la Justice de Nicolas Sarkozy est mis en examen depuis 2021 en raison de 900\u00a0000\u00a0euros d\u2019honoraires d\u2019avocats qu\u2019elle aurait per\u00e7us entre 2010 et 2012, d\u2019une filiale n\u00e9erlandaise de l\u2019alliance Renault-Nissan.\u00a0La justice cherche \u00e0 savoir si ces revenus ont pu masquer des activit\u00e9s de lobbying, interdites aux eurod\u00e9put\u00e9s. Rachida Dati r\u00e9fute toute irr\u00e9gularit\u00e9.<\/p>\n","protected":false},"excerpt":{"rendered":"GUILLAUME SOUVANT \/ AFP \u00ab\u00a0Compl\u00e9ment d\u2019enqu\u00eate\u00a0\u00bb et le \u00ab\u00a0Nouvel Obs\u00a0\u00bb d\u00e9voilent des documents sugg\u00e9rant que Rachida Dati aurait&hellip;\n","protected":false},"author":2,"featured_media":152473,"comment_status":"","ping_status":"","sticky":false,"template":"","format":"standard","meta":{"footnotes":""},"categories":[6],"tags":[35,28200,33,34,1067,1011,27,28199,8552,316,417],"class_list":{"0":"post-152472","1":"post","2":"type-post","3":"status-publish","4":"format-standard","5":"has-post-thumbnail","7":"category-economie","8":"tag-business","9":"tag-complement-d-enquete","10":"tag-economie","11":"tag-economy","12":"tag-enquete","13":"tag-fr","14":"tag-france","15":"tag-gdf-suez","16":"tag-parlement-europeen","17":"tag-politique","18":"tag-rachida-dati"},"share_on_mastodon":{"url":"https:\/\/pubeurope.com\/@fr\/114627446296370223","error":""},"_links":{"self":[{"href":"https:\/\/www.europesays.com\/fr\/wp-json\/wp\/v2\/posts\/152472","targetHints":{"allow":["GET"]}}],"collection":[{"href":"https:\/\/www.europesays.com\/fr\/wp-json\/wp\/v2\/posts"}],"about":[{"href":"https:\/\/www.europesays.com\/fr\/wp-json\/wp\/v2\/types\/post"}],"author":[{"embeddable":true,"href":"https:\/\/www.europesays.com\/fr\/wp-json\/wp\/v2\/users\/2"}],"replies":[{"embeddable":true,"href":"https:\/\/www.europesays.com\/fr\/wp-json\/wp\/v2\/comments?post=152472"}],"version-history":[{"count":0,"href":"https:\/\/www.europesays.com\/fr\/wp-json\/wp\/v2\/posts\/152472\/revisions"}],"wp:featuredmedia":[{"embeddable":true,"href":"https:\/\/www.europesays.com\/fr\/wp-json\/wp\/v2\/media\/152473"}],"wp:attachment":[{"href":"https:\/\/www.europesays.com\/fr\/wp-json\/wp\/v2\/media?parent=152472"}],"wp:term":[{"taxonomy":"category","embeddable":true,"href":"https:\/\/www.europesays.com\/fr\/wp-json\/wp\/v2\/categories?post=152472"},{"taxonomy":"post_tag","embeddable":true,"href":"https:\/\/www.europesays.com\/fr\/wp-json\/wp\/v2\/tags?post=152472"}],"curies":[{"name":"wp","href":"https:\/\/api.w.org\/{rel}","templated":true}]}}