{"id":152476,"date":"2025-06-04T22:27:08","date_gmt":"2025-06-04T22:27:08","guid":{"rendered":"https:\/\/www.europesays.com\/fr\/152476\/"},"modified":"2025-06-04T22:27:08","modified_gmt":"2025-06-04T22:27:08","slug":"decedes-depuis-des-mois-enquete-pour-assassinat-ce-que-lon-sait-de-la-mort-dune-mere-et-de-ses-deux-fils-au-pontet","status":"publish","type":"post","link":"https:\/\/www.europesays.com\/fr\/152476\/","title":{"rendered":"D\u00e9c\u00e9d\u00e9s depuis des mois, enqu\u00eate pour assassinat\u2026 ce que l&rsquo;on sait de la mort d&rsquo;une m\u00e8re et de ses deux fils au Pontet"},"content":{"rendered":"<p>Derri\u00e8re le portillon gris et les herbes hautes, une porte close, un grand silence et de nombreuses questions sans r\u00e9ponse. Qu\u2019est-il arriv\u00e9 \u00e0 cette famille qui habitait l\u2019\u00e9tage d\u2019un de ces pavillons qui borde le boulevard Longchamps, <a href=\"https:\/\/www.laprovence.com\/vaucluse\/le-pontet-84092\" target=\"_blank\" rel=\"noopener\">au Pontet<\/a>\u00a0? Mercredi matin 4\u00a0juin, un huissier de justice escort\u00e9 de gendarmes et mandat\u00e9 pour expulser la maman de 64\u00a0ans et ses deux fils jumeaux de 23\u00a0ans, <a href=\"https:\/\/www.laprovence.com\/article\/faits-divers-justice\/40807479636756\/une-mere-et-ses-deux-enfants-retrouves-morts-par-un-huissier-venu-les-expulser-au-pontet\" target=\"_blank\" rel=\"noopener\">a d\u00e9couvert les trois corps sans vie<\/a> dans un \u00e9tat de d\u00e9composition avanc\u00e9e.<\/p>\n","protected":false},"excerpt":{"rendered":"Derri\u00e8re le portillon gris et les herbes hautes, une porte close, un grand silence et de nombreuses questions&hellip;\n","protected":false},"author":2,"featured_media":152477,"comment_status":"","ping_status":"","sticky":false,"template":"","format":"standard","meta":{"footnotes":""},"categories":[4],"tags":[17,11,6744,28201,394,154,1067,274,1011,27,2561,12,471,25],"class_list":{"0":"post-152476","1":"post","2":"type-post","3":"status-publish","4":"format-standard","5":"has-post-thumbnail","7":"category-france","8":"tag-17","9":"tag-actualites","10":"tag-assassinat","11":"tag-decedes","12":"tag-depuis","13":"tag-des","14":"tag-enquete","15":"tag-faits-divers-justice","16":"tag-fr","17":"tag-france","18":"tag-mois","19":"tag-news","20":"tag-pour","21":"tag-republique-francaise"},"share_on_mastodon":{"url":"https:\/\/pubeurope.com\/@fr\/114627454118381060","error":""},"_links":{"self":[{"href":"https:\/\/www.europesays.com\/fr\/wp-json\/wp\/v2\/posts\/152476","targetHints":{"allow":["GET"]}}],"collection":[{"href":"https:\/\/www.europesays.com\/fr\/wp-json\/wp\/v2\/posts"}],"about":[{"href":"https:\/\/www.europesays.com\/fr\/wp-json\/wp\/v2\/types\/post"}],"author":[{"embeddable":true,"href":"https:\/\/www.europesays.com\/fr\/wp-json\/wp\/v2\/users\/2"}],"replies":[{"embeddable":true,"href":"https:\/\/www.europesays.com\/fr\/wp-json\/wp\/v2\/comments?post=152476"}],"version-history":[{"count":0,"href":"https:\/\/www.europesays.com\/fr\/wp-json\/wp\/v2\/posts\/152476\/revisions"}],"wp:featuredmedia":[{"embeddable":true,"href":"https:\/\/www.europesays.com\/fr\/wp-json\/wp\/v2\/media\/152477"}],"wp:attachment":[{"href":"https:\/\/www.europesays.com\/fr\/wp-json\/wp\/v2\/media?parent=152476"}],"wp:term":[{"taxonomy":"category","embeddable":true,"href":"https:\/\/www.europesays.com\/fr\/wp-json\/wp\/v2\/categories?post=152476"},{"taxonomy":"post_tag","embeddable":true,"href":"https:\/\/www.europesays.com\/fr\/wp-json\/wp\/v2\/tags?post=152476"}],"curies":[{"name":"wp","href":"https:\/\/api.w.org\/{rel}","templated":true}]}}