{"id":152495,"date":"2025-06-04T22:39:23","date_gmt":"2025-06-04T22:39:23","guid":{"rendered":"https:\/\/www.europesays.com\/fr\/152495\/"},"modified":"2025-06-04T22:39:23","modified_gmt":"2025-06-04T22:39:23","slug":"louverture-de-la-tranchee-couverte-reportee-a-cause-de-la-meteo","status":"publish","type":"post","link":"https:\/\/www.europesays.com\/fr\/152495\/","title":{"rendered":"l\u2019ouverture de la tranch\u00e9e couverte report\u00e9e \u00e0 cause de la m\u00e9t\u00e9o"},"content":{"rendered":"<p itemprop=\"description\"><strong>Coup dur pour les automobilistes.<\/strong><\/p>\n<p>Mardi 3 et mercredi 4 juin devaient \u00eatre deux dates importantes pour le chantier de l\u2019\u00e9changeur du Rondeau, situ\u00e9 sur l\u2019autoroute A480 \u00e0 Grenoble (Is\u00e8re). Elle devait, dans un premier temps, voir la mise en service de la partie sud de la tranch\u00e9e couverte destin\u00e9e \u00e0 relier Chamb\u00e9ry et Sisteron. Puis, dans un second temps, une partie de Lyon sur l\u2019A480 permettant d\u2019acc\u00e9der directement \u00e0 la rocade de Grenoble.<\/p>\n<p>Mais en raison des intemp\u00e9ries, la pr\u00e9fecture de l\u2019Is\u00e8re a annonc\u00e9 le report de l\u2019ouverture de la tranch\u00e9e couverte. \u00ab Les conditions m\u00e9t\u00e9orologiques n\u00e9cessitent un d\u00e9calage du calendrier. En effet, le marquage d\u00e9finitif permettant la liaison avec la voirie existante doit \u00eatre obligatoirement r\u00e9alis\u00e9 au dernier moment. Or, cette op\u00e9ration doit \u00eatre report\u00e9e en raison des r\u00e9centes pluies \u00bb, est-il \u00e9crit dans un communiqu\u00e9.<\/p>\n<p>Aucune nouvelle date n\u2019a \u00e9t\u00e9 annonc\u00e9e pour le moment par les autorit\u00e9s.<\/p>\n","protected":false},"excerpt":{"rendered":"Coup dur pour les automobilistes. Mardi 3 et mercredi 4 juin devaient \u00eatre deux dates importantes pour le&hellip;\n","protected":false},"author":2,"featured_media":152496,"comment_status":"","ping_status":"","sticky":false,"template":"","format":"standard","meta":{"footnotes":""},"categories":[9566],"tags":[1111,11,7733,8279,2430,7736,650,7734,2889,2263,1777,674,1011,27,2731,8280,6417,1114,108,4662,12,3725,1825,25,7737],"class_list":{"0":"post-152495","1":"post","2":"type-post","3":"status-publish","4":"format-standard","5":"has-post-thumbnail","7":"category-grenoble","8":"tag-actu","9":"tag-actualites","10":"tag-alpes","11":"tag-alpes1","12":"tag-auvergne-rhone-alpes","13":"tag-cds","14":"tag-cinema","15":"tag-ecoute","16":"tag-emission","17":"tag-equipe","18":"tag-eu","19":"tag-europe","20":"tag-fr","21":"tag-france","22":"tag-grenoble","23":"tag-haute","24":"tag-information","25":"tag-infos","26":"tag-isere","27":"tag-journal","28":"tag-news","29":"tag-podcast","30":"tag-radio","31":"tag-republique-francaise","32":"tag-winamp"},"share_on_mastodon":{"url":"https:\/\/pubeurope.com\/@fr\/114627501359279145","error":""},"_links":{"self":[{"href":"https:\/\/www.europesays.com\/fr\/wp-json\/wp\/v2\/posts\/152495","targetHints":{"allow":["GET"]}}],"collection":[{"href":"https:\/\/www.europesays.com\/fr\/wp-json\/wp\/v2\/posts"}],"about":[{"href":"https:\/\/www.europesays.com\/fr\/wp-json\/wp\/v2\/types\/post"}],"author":[{"embeddable":true,"href":"https:\/\/www.europesays.com\/fr\/wp-json\/wp\/v2\/users\/2"}],"replies":[{"embeddable":true,"href":"https:\/\/www.europesays.com\/fr\/wp-json\/wp\/v2\/comments?post=152495"}],"version-history":[{"count":0,"href":"https:\/\/www.europesays.com\/fr\/wp-json\/wp\/v2\/posts\/152495\/revisions"}],"wp:featuredmedia":[{"embeddable":true,"href":"https:\/\/www.europesays.com\/fr\/wp-json\/wp\/v2\/media\/152496"}],"wp:attachment":[{"href":"https:\/\/www.europesays.com\/fr\/wp-json\/wp\/v2\/media?parent=152495"}],"wp:term":[{"taxonomy":"category","embeddable":true,"href":"https:\/\/www.europesays.com\/fr\/wp-json\/wp\/v2\/categories?post=152495"},{"taxonomy":"post_tag","embeddable":true,"href":"https:\/\/www.europesays.com\/fr\/wp-json\/wp\/v2\/tags?post=152495"}],"curies":[{"name":"wp","href":"https:\/\/api.w.org\/{rel}","templated":true}]}}