{"id":152497,"date":"2025-06-04T22:40:10","date_gmt":"2025-06-04T22:40:10","guid":{"rendered":"https:\/\/www.europesays.com\/fr\/152497\/"},"modified":"2025-06-04T22:40:10","modified_gmt":"2025-06-04T22:40:10","slug":"acrobastille-est-dans-le-passeport-de-lete-en-rhone-alpes-une-montagne-de-loisirs-a-decouvrir-au-coeur-de-grenoble","status":"publish","type":"post","link":"https:\/\/www.europesays.com\/fr\/152497\/","title":{"rendered":"Acrobastille est dans le passeport de l&rsquo;\u00e9t\u00e9 en Rh\u00f4ne-Alpes\u00a0: une montagne de loisirs \u00e0 d\u00e9couvrir au c\u0153ur de Grenoble"},"content":{"rendered":"<p>Gr\u00e2ce au passeport de l\u2019\u00e9t\u00e9 venez profiter des jeux int\u00e9rieurs et ext\u00e9rieurs cr\u00e9\u00e9s sp\u00e9cialement pour d\u00e9couvrir le fort de la Bastille. Aguerris ou amateurs, exp\u00e9rimentez des parcours acrobatiques con\u00e7us pour petits et grands.<\/p>\n<p>D\u00e8s 3 ans, mais aussi pour les ados et adultes, venez profiter d\u2019une vue imprenable sur la ville et les massifs environnants avec 7 parcours acrobatiques, du parcours Piou-Piou au parcours noir, en passant par les incontournables tyroliennes g\u00e9antes de 300 m\u00e8tres.\u00a0Il est temps de (re) d\u00e9couvrir la Bastille.<\/p>\n<p>Le passeport de l\u2019\u00e9t\u00e9 vous invite a exp\u00e9rimenter la Bastille autrement<\/p>\n<p>Gr\u00e2ce au passeport de l\u2019\u00e9t\u00e9 venez profitez des jeux int\u00e9rieurs et ext\u00e9rieurs.\u00a0D\u00e9couvrez aussi les jeux int\u00e9rieurs type Fort Boyard en \u00e9vitant les lasers de Mission Bastille, en affrontant les \u00e9nigmes du Fr\u00e8re Fouras ou encore en entamant les 120 m\u00e8tres de tunnel du Sp\u00e9l\u00e9obox.\u00a0Aguerris ou amateurs d\u2019acrobaties et de tyrolienne, toutes les activit\u00e9s ludiques sont accessibles \u00e0 toute classe d\u2019\u00e2ge, ce qui vous permet de profiter du fort en famille ou entre amis.<\/p>\n<p><img loading=\"lazy\" decoding=\"async\" class=\"VisualPreview svelte-1rldrkz\" src=\"data:image\/jpeg;base64,\/9j\/2wBDACgcHiMeGSgjISMtKygwPGRBPDc3PHtYXUlkkYCZlo+AjIqgtObDoKrarYqMyP\/L2u71\/\/\/\/m8H\/\/\/\/6\/+b9\/\/j\/2wBDASstLTw1PHZBQXb4pYyl+Pj4+Pj4+Pj4+Pj4+Pj4+Pj4+Pj4+Pj4+Pj4+Pj4+Pj4+Pj4+Pj4+Pj4+Pj4+Pj4+Pj\/wAARCAAXACoDASIAAhEBAxEB\/8QAGAABAQEBAQAAAAAAAAAAAAAAAAIDAQX\/xAAXEAEBAQEAAAAAAAAAAAAAAAAAAQIR\/8QAFgEBAQEAAAAAAAAAAAAAAAAAAAEC\/8QAFBEBAAAAAAAAAAAAAAAAAAAAAP\/aAAwDAQACEQMRAD8A8vLbLHLTNEbQqZXbRU6QqpFZRcoDK5ToCuWnQZaf\/9k=\" alt=\"Acrobastille est dans le passeport de l'\u00e9t\u00e9 en Rh\u00f4ne-Alpes\u00a0: une montagne de loisirs \u00e0 d\u00e9couvrir au c\u0153ur de Grenoble\" width=\"600\" height=\"337\"\/>  Acrobastille est dans le passeport de l&rsquo;\u00e9t\u00e9 en Rh\u00f4ne-Alpes\u00a0: une montagne de loisirs \u00e0 d\u00e9couvrir au c\u0153ur de Grenoble  &#8211; AcrobastilleInformations pratiques<\/p>\n<p>Le site est ouvert d&rsquo;avril \u00e0 octobre. R\u00e9servation en ligne obligatoire. Pour davantage de renseignements sur les horaires et les bons plans rendez-vous sur le\u00a0<a target=\"_blank\" rel=\"nofollow noopener noreferrer\" class=\"IciLink ici-link IciArticleLink g-ici-body-regular-1 underline brand svelte-lu7k6w\" href=\"https:\/\/acrobastille.fr\/\">site internet<\/a>\u00a0ou par t\u00e9l\u00e9phone.<\/p>\n<ul>\n<li><strong>Adresse\u00a0:<\/strong>\u00a0Fort de la Bastille &#8211; 38000 Grenoble<\/li>\n<li><strong>T\u00e9l\u00e9phone\u00a0:<\/strong>\u00a009 84 17 23 63<\/li>\n<li><a target=\"_blank\" rel=\"nofollow noopener noreferrer\" class=\"IciLink ici-link IciArticleLink g-ici-body-regular-1 underline brand svelte-lu7k6w\" href=\"https:\/\/acrobastille.fr\/\"><strong>Site internet<\/strong><\/a><\/li>\n<\/ul>\n<p>En Rh\u00f4ne-Alpes, jouez et gagnez le passeport de l&rsquo;\u00e9t\u00e9 2025<\/p>\n<p>Le passeport de l\u2019\u00e9t\u00e9 est un dispositif de valorisation de votre territoire. Sous la forme d\u2019un carnet, il offre \u00e0 deux personnes la possibilit\u00e9 de d\u00e9couvrir gratuitement les attractions, parcs et entit\u00e9s culturelles.\u00a0Le passeport de l\u2019\u00e9t\u00e9, c\u2019est l\u2019occasion unique de d\u00e9couvrir 27 sites incroyables. Pour gagner votre passeport \u00e9coutez ICI Dr\u00f4me-Ard\u00e8che, ICI Is\u00e8re, ICI Pays de Savoie et ICI Saint-Etienne Loire.<\/p>\n<p>Le passeport de l&rsquo;\u00e9t\u00e9 est aussi \u00e0\u00a0<a class=\"IciLink ici-link IciArticleLink g-ici-body-regular-1 underline brand svelte-lu7k6w\" href=\"https:\/\/www.francebleu.fr\/vie-quotidienne\/jeux\/jeu-gagnez-le-passeport-de-l-ete-rhone-alpes-une-selection-incontournable-de-27-sites-a-decouvrir-en-famille-4181432\" target=\"_blank\" rel=\"noopener\"><strong>gagner sur le web<\/strong><\/a>.<\/p>\n<p>Les autres sites du passeport de l&rsquo;\u00e9t\u00e9, \u00e0 visiter absolument<\/p>\n","protected":false},"excerpt":{"rendered":"Gr\u00e2ce au passeport de l\u2019\u00e9t\u00e9 venez profiter des jeux int\u00e9rieurs et ext\u00e9rieurs cr\u00e9\u00e9s sp\u00e9cialement pour d\u00e9couvrir le fort&hellip;\n","protected":false},"author":2,"featured_media":152498,"comment_status":"","ping_status":"","sticky":false,"template":"","format":"standard","meta":{"footnotes":""},"categories":[9566],"tags":[1111,11,2430,1777,674,1011,27,2731,12,25],"class_list":{"0":"post-152497","1":"post","2":"type-post","3":"status-publish","4":"format-standard","5":"has-post-thumbnail","7":"category-grenoble","8":"tag-actu","9":"tag-actualites","10":"tag-auvergne-rhone-alpes","11":"tag-eu","12":"tag-europe","13":"tag-fr","14":"tag-france","15":"tag-grenoble","16":"tag-news","17":"tag-republique-francaise"},"share_on_mastodon":{"url":"https:\/\/pubeurope.com\/@fr\/114627505256643041","error":""},"_links":{"self":[{"href":"https:\/\/www.europesays.com\/fr\/wp-json\/wp\/v2\/posts\/152497","targetHints":{"allow":["GET"]}}],"collection":[{"href":"https:\/\/www.europesays.com\/fr\/wp-json\/wp\/v2\/posts"}],"about":[{"href":"https:\/\/www.europesays.com\/fr\/wp-json\/wp\/v2\/types\/post"}],"author":[{"embeddable":true,"href":"https:\/\/www.europesays.com\/fr\/wp-json\/wp\/v2\/users\/2"}],"replies":[{"embeddable":true,"href":"https:\/\/www.europesays.com\/fr\/wp-json\/wp\/v2\/comments?post=152497"}],"version-history":[{"count":0,"href":"https:\/\/www.europesays.com\/fr\/wp-json\/wp\/v2\/posts\/152497\/revisions"}],"wp:featuredmedia":[{"embeddable":true,"href":"https:\/\/www.europesays.com\/fr\/wp-json\/wp\/v2\/media\/152498"}],"wp:attachment":[{"href":"https:\/\/www.europesays.com\/fr\/wp-json\/wp\/v2\/media?parent=152497"}],"wp:term":[{"taxonomy":"category","embeddable":true,"href":"https:\/\/www.europesays.com\/fr\/wp-json\/wp\/v2\/categories?post=152497"},{"taxonomy":"post_tag","embeddable":true,"href":"https:\/\/www.europesays.com\/fr\/wp-json\/wp\/v2\/tags?post=152497"}],"curies":[{"name":"wp","href":"https:\/\/api.w.org\/{rel}","templated":true}]}}