{"id":152503,"date":"2025-06-04T22:44:36","date_gmt":"2025-06-04T22:44:36","guid":{"rendered":"https:\/\/www.europesays.com\/fr\/152503\/"},"modified":"2025-06-04T22:44:36","modified_gmt":"2025-06-04T22:44:36","slug":"strasbourg-lenseigne-normal-se-prepare-a-ouvrir-le-19-juin-dans-le-batiment-de-la-maison-rouge","status":"publish","type":"post","link":"https:\/\/www.europesays.com\/fr\/152503\/","title":{"rendered":"Strasbourg. L\u2019enseigne Normal se pr\u00e9pare \u00e0 ouvrir le 19\u00a0juin dans le b\u00e2timent de la Maison Rouge"},"content":{"rendered":"<p>  Travaux ext\u00e9rieurs et agencement int\u00e9rieur<\/p>\n<p>Ces derniers jours, les ouvriers se sont attel\u00e9s \u00e0 remplacer l\u2019\u00e9paisse laine de roche fix\u00e9e sous les caissons. En revanche, le ravalement de la fa\u00e7ade avec une remise en peinture d\u2019\u00ab\u00a0un blanc plus \u00e9clatant\u00a0\u00bb attendra, visiblement. Toujours est-il que cela rend la fa\u00e7ade au rez-de-chauss\u00e9e un peu plus pr\u00e9sentable pour les passants, mais surtout pour les clients des boutiques qui ont pignon sur rue.<\/p>\n<p>En particulier pour l\u2019enseigne Normal qui va ouvrir le 19\u00a0juin, comme elle l\u2019indique sur les affiches bleu et vert coll\u00e9es sur ses grandes fa\u00e7ades qui donnent sur la place Kl\u00e9ber. La <a href=\"https:\/\/www.dna.fr\/economie\/2024\/07\/12\/basic-fit-et-normal-vont-s-installer-dans-la-maison-rouge\" target=\"_blank\" rel=\"nofollow noopener\">boutique<\/a> \u00a0occupe le local de droite au rez-de-chauss\u00e9e de la Maison-Rouge. L\u2019espace disponible y est de plus de 700\u00a0m2 , <a href=\"https:\/\/www.dna.fr\/economie\/2024\/07\/12\/basic-fit-et-normal-vont-s-installer-dans-la-maison-rouge\" target=\"_blank\" rel=\"nofollow noopener\">indiquait l\u2019an dernier Jean-Louis Loeb-Picard<\/a>. \u00ab\u00a0Cette soci\u00e9t\u00e9 danoise distribue essentiellement des produits cosm\u00e9tiques de qualit\u00e9, mais peu co\u00fbteux, et b\u00e9n\u00e9ficie d\u2019une fr\u00e9quentation tr\u00e8s importante dans toutes les classes sociales\u00a0\u00bb, ajoutait le propri\u00e9taire de l\u2019immeuble.<\/p>\n<p>Ce contenu est bloqu\u00e9 car vous n&rsquo;avez pas accept\u00e9 les cookies et autres traceurs.<\/p>\n<p>En cliquant sur \u00ab J\u2019accepte \u00bb, les cookies et autres traceurs seront d\u00e9pos\u00e9s et vous pourrez visualiser les contenus  (<a href=\"\" class=\"consentModule_policy\" target=\"_blank\" title=\"Consulter la politique de protection des donn\u00e9es du fournisseur\">plus d&rsquo;informations<\/a>).<\/p>\n<p>En cliquant sur \u00ab J\u2019accepte tous les cookies \u00bb, vous autorisez des d\u00e9p\u00f4ts de cookies et autres traceurs pour le stockage de vos donn\u00e9es sur nos sites et applications \u00e0 des fins de personnalisation et de ciblage publicitaire.<\/p>\n<p class=\"consentModule_secondaryText\">Vous gardez la possibilit\u00e9 de retirer votre consentement \u00e0 tout moment en consultant notre <a href=\"https:\/\/www.dna.fr\/protection-des-donnees\" target=\"_blank\" title=\"Consulter notre politique de protection des donn\u00e9es\" rel=\"nofollow noopener\">politique de protection des donn\u00e9es<\/a>. <br \/>&#13;<br \/>\n            <a href=\"https:\/\/www.dna.fr\/economie\/2025\/06\/04\/javascript:Didomi.notice.show()\" class=\"consentModule_cmp\" rel=\"nofollow noopener\" target=\"_blank\">G\u00e9rer mes choix<\/a>&#13;\n        <\/p>\n<p>&#13;<br \/>\n                        J&rsquo;accepte&#13;<br \/>\n            J&rsquo;accepte tous les cookies&#13;\n        <\/p>\n<p>  D\u00e9j\u00e0 \u00e0 Rivetoile<\/p>\n<p>Sur son site internet et les affiches, l\u2019enseigne explique que son concept est de vendre \u00ab\u00a0des produits normaux \u00e0 des prix anormalement bas\u00a0\u00bb. Elle est d\u00e9j\u00e0 pr\u00e9sente \u00e0 Strasbourg depuis novembre\u00a02021 dans le centre commercial Rivetoile. Normal poursuit son expansion en France\u00a0: apr\u00e8s Mulhouse, la cha\u00eene danoise, qui compte 850 magasins \u00e0 travers l\u2019Europe, s\u2019implante ainsi pour la seconde fois \u00e0 Strasbourg pour y proposer ses \u00ab\u00a0produits de marque pour la vie quotidienne\u00a0: du maquillage, des soins pour la peau et les cheveux, des gels douche, des soins bucco-dentaires et des produits m\u00e9nagers\u00a0\u00bb.<\/p>\n<p>Le tout dans un magasin agenc\u00e9 en mode \u00ab\u00a0labyrinthe\u00a0\u00bb qui \u00ab\u00a0invite \u00e0 partir \u00e0 la chasse au tr\u00e9sor parmi les nombreux articles\u00a0\u00bb. L\u2019aventure consum\u00e9riste est promue puisqu\u2019il est \u00ab\u00a0facile de remplir [son] panier sans pour autant vider son compte bancaire\u00a0\u00bb, appuie le site de l\u2019enseigne.<\/p>\n","protected":false},"excerpt":{"rendered":"Travaux ext\u00e9rieurs et agencement int\u00e9rieur Ces derniers jours, les ouvriers se sont attel\u00e9s \u00e0 remplacer l\u2019\u00e9paisse laine de&hellip;\n","protected":false},"author":2,"featured_media":152504,"comment_status":"","ping_status":"","sticky":false,"template":"","format":"standard","meta":{"footnotes":""},"categories":[2820],"tags":[1111,11,4406,130,4397,33,2880,1777,674,107,1011,27,775,15108,12,25,640,2879],"class_list":{"0":"post-152503","1":"post","2":"type-post","3":"status-publish","4":"format-standard","5":"has-post-thumbnail","7":"category-strasbourg","8":"tag-actu","9":"tag-actualites","10":"tag-commerce-et-services","11":"tag-consommation","12":"tag-decoration","13":"tag-economie","14":"tag-edition-strasbourg","15":"tag-eu","16":"tag-europe","17":"tag-fil-info","18":"tag-fr","19":"tag-france","20":"tag-grand-est","21":"tag-magazine-lifestyle","22":"tag-news","23":"tag-republique-francaise","24":"tag-strasbourg","25":"tag-strasbourg-ville"},"share_on_mastodon":{"url":"https:\/\/pubeurope.com\/@fr\/114627520976763922","error":""},"_links":{"self":[{"href":"https:\/\/www.europesays.com\/fr\/wp-json\/wp\/v2\/posts\/152503","targetHints":{"allow":["GET"]}}],"collection":[{"href":"https:\/\/www.europesays.com\/fr\/wp-json\/wp\/v2\/posts"}],"about":[{"href":"https:\/\/www.europesays.com\/fr\/wp-json\/wp\/v2\/types\/post"}],"author":[{"embeddable":true,"href":"https:\/\/www.europesays.com\/fr\/wp-json\/wp\/v2\/users\/2"}],"replies":[{"embeddable":true,"href":"https:\/\/www.europesays.com\/fr\/wp-json\/wp\/v2\/comments?post=152503"}],"version-history":[{"count":0,"href":"https:\/\/www.europesays.com\/fr\/wp-json\/wp\/v2\/posts\/152503\/revisions"}],"wp:featuredmedia":[{"embeddable":true,"href":"https:\/\/www.europesays.com\/fr\/wp-json\/wp\/v2\/media\/152504"}],"wp:attachment":[{"href":"https:\/\/www.europesays.com\/fr\/wp-json\/wp\/v2\/media?parent=152503"}],"wp:term":[{"taxonomy":"category","embeddable":true,"href":"https:\/\/www.europesays.com\/fr\/wp-json\/wp\/v2\/categories?post=152503"},{"taxonomy":"post_tag","embeddable":true,"href":"https:\/\/www.europesays.com\/fr\/wp-json\/wp\/v2\/tags?post=152503"}],"curies":[{"name":"wp","href":"https:\/\/api.w.org\/{rel}","templated":true}]}}