{"id":152505,"date":"2025-06-04T22:45:15","date_gmt":"2025-06-04T22:45:15","guid":{"rendered":"https:\/\/www.europesays.com\/fr\/152505\/"},"modified":"2025-06-04T22:45:15","modified_gmt":"2025-06-04T22:45:15","slug":"on-a-detruit-ma-vie-cette-jeune-fille-nee-a-nice-partie-en-tunisie-pour-raisons-familiales-narrive-plus-a-rentrer","status":"publish","type":"post","link":"https:\/\/www.europesays.com\/fr\/152505\/","title":{"rendered":"\u00ab\u00a0On a d\u00e9truit ma vie\u00a0\u00bb: cette jeune fille n\u00e9e \u00e0 Nice, partie en Tunisie pour raisons familiales, n\u2019arrive plus \u00e0 rentrer"},"content":{"rendered":"<p>C\u2019est l\u2019appel au secours d\u2019une jeune fille bloqu\u00e9e en Tunisie depuis 2021, loin de son pays de naissance, la France, et loin de sa famille. L\u2019histoire d\u2019une \u00ab\u00a0situation rocambolesque\u00a0\u00bb, d\u00e9crit son avocat Me Riadh Jaidane, qui emp\u00eache depuis cinq ans une jeune fille de construire sa vie.<\/p>\n<p>Intissar est n\u00e9e \u00e0 Nice en 2002 de parents de nationalit\u00e9 tunisienne pr\u00e9sents en France avec un titre de s\u00e9jour longue dur\u00e9e. En f\u00e9vrier 2021 son papa d\u00e9c\u00e8de et toute la famille part alors en Tunisie pour les obs\u00e8ques.<\/p>\n<p>Document expir\u00e9<\/p>\n<p>\u00ab\u00a0Je venais d\u2019engager toutes les d\u00e9marches pour pr\u00e9parer ma d\u00e9claration de nationalit\u00e9 fran\u00e7aise\u00a0\u00bb, confie la jeune fille \u00e2g\u00e9e de 23 ans aujourd\u2019hui. N\u00e9e et r\u00e9sidante depuis toujours en France et poursuivant des \u00e9tudes au CFA de Carros en coiffure, Intissar justifie alors de toutes les raisons pour obtenir sa nationalit\u00e9 fran\u00e7aise. Mais le d\u00e9c\u00e8s de son papa va interrompre toutes ses d\u00e9marches.<\/p>\n<p>\u00ab\u00a0Nous avons d\u00fb partir en urgence avec ma maman et mes fr\u00e8res, raconte Intissar. Je n\u2019avais donc pas encore mes papiers fran\u00e7ais mais j\u2019\u00e9tais en possession d\u2019un passeport tunisien et d\u2019un document de circulation pour \u00e9tranger mineur qui devait me permettre le retour en France.\u00a0\u00bb<\/p>\n<p>Cinq ans plus tard, elle est toujours bloqu\u00e9e en Tunisie. Et toutes ses d\u00e9marches entreprises aupr\u00e8s du consulat fran\u00e7ais en Tunisie pour pouvoir rentrer en France sont rest\u00e9es vaines.<\/p>\n<p>\u00ab\u00a0Le document qui lui permettait de rentrer en France en tant que mineur \u00e9tait expir\u00e9 en raison de sa majorit\u00e9, explique son avocat Me Riadh Jaidane, dans l\u2019urgence du d\u00e9part, elle n\u2019y avait malheureusement pas pr\u00eat\u00e9 attention, c\u2019est l\u2019erreur qui a \u00e9t\u00e9 faite. Pour revenir elle a besoin d\u2019une carte d\u2019identit\u00e9 fran\u00e7aise ou d\u2019un titre de s\u00e9jour. Ce qu\u2019on lui refuse depuis 5 ans.\u00a0\u00bb<\/p>\n<p>\u00ab\u00a0Seule et d\u00e9munie dans ce pays qu\u2019elle ne conna\u00eet pas\u00a0\u00bb<\/p>\n<p>Un blocage que ne comprend pas son avocat. \u00ab\u00a0Toutes les pi\u00e8ces qui justifient qu\u2019elle est fran\u00e7aise de droit sont vers\u00e9es au dossier. En vingt ans d\u2019exercice c\u2019est la premi\u00e8re fois que je vois cela. Le consulat de France \u00e0 Tunis emp\u00eache ma cliente de retrouver son pays d\u2019origine, d\u2019y poursuivre son apprentissage et d\u2019y retrouver toute sa famille qui elle a pu rentrer! Elle est seule et d\u00e9munie dans ce pays qu\u2019elle ne conna\u00eet pas.\u00a0\u00bb<\/p>\n<p>Derni\u00e8re d\u00e9marche en date: f\u00e9vrier 2024 avec une demande de visa de court s\u00e9jour qui lui permettrait d\u2019enfin r\u00e9gulariser sa situation en France. Refus \u00e9galement au motif qu\u2019\u00a0\u00bbil existe des doutes raisonnables quant \u00e0 votre volont\u00e9 de quitter le territoire des \u00c9tats membres avant l\u2019expiration du visa\u00a0\u00bb.<\/p>\n<p>Plusieurs recours<\/p>\n<p>Son avocat ne d\u00e9col\u00e8re pas. Il poursuit, \u00ab C\u2019est un dossier bourr\u00e9 de paradoxes! Ma cliente entre dans le cadre pr\u00e9vu \u00e0 l\u2019article 21-7 du code civil, lequel dispose que: \u2018\u2018Tout enfant n\u00e9 en France de parents \u00e9trangers acquiert la nationalit\u00e9 fran\u00e7aise \u00e0 sa majorit\u00e9 si, \u00e0 cette date, il a en France sa r\u00e9sidence et s\u2019il a eu sa r\u00e9sidence habituelle en France pendant une p\u00e9riode continue ou discontinue d\u2019au moins cinq ans, depuis l\u2019\u00e2ge de onze ans.\u2019\u2019 Mais, pour obtenir un certificat de nationalit\u00e9 fran\u00e7aise, elle doit imp\u00e9rativement se rendre en personne au tribunal judiciaire comp\u00e9tent, ce qu\u2019elle ne peut pas faire puisqu\u2019on l\u2019emp\u00eache de revenir!<\/p>\n<p>\u00ab\u00a0Nous avons formul\u00e9 plusieurs recours contre ces refus de visa devant le tribunal administratif de Nantes en charge de ces questions, ajoute encore Me Jaidane. J\u2019attends maintenant qu\u2019ils soient instruits et que je puisse enfin aller plaider la cause de ma cliente. On a d\u00e9truit sa vie!\u00a0\u00bb<\/p>\n<p>\u00ab\u00a0Je suis \u00e0 bout, suivie par un psychologue\u00a0\u00bb<\/p>\n<p>Intissar est \u00e0 bout. \u00ab\u00a0Ce n\u2019est pas une vie. Je suis loin des miens. Je suis \u00e0 bout, suivie par un psychologue, ma m\u00e8re m\u2019envoie de l\u2019argent tous les mois. Je ne sais plus quoi faire. Je n\u2019ai que 23 ans et j\u2019ai tout perdu dans ce pays o\u00f9 je ne passais jusqu\u2019ici que mes vacances. Mon pays c\u2019est la France, j\u2019y suis n\u00e9e, j\u2019y ai v\u00e9cu pendant 19 ans, j\u2019y ai fait ma scolarit\u00e9 et j\u2019y apprenais un m\u00e9tier. Je demande juste \u00e0 revenir pour reprendre le cours de ma vie et construire mon avenir.\u00a0\u00bb<\/p>\n","protected":false},"excerpt":{"rendered":"C\u2019est l\u2019appel au secours d\u2019une jeune fille bloqu\u00e9e en Tunisie depuis 2021, loin de son pays de naissance,&hellip;\n","protected":false},"author":2,"featured_media":152506,"comment_status":"","ping_status":"","sticky":false,"template":"","format":"standard","meta":{"footnotes":""},"categories":[2819],"tags":[1111,11,1777,674,1011,27,1061,12,2401,882,25,240],"class_list":{"0":"post-152505","1":"post","2":"type-post","3":"status-publish","4":"format-standard","5":"has-post-thumbnail","7":"category-nice","8":"tag-actu","9":"tag-actualites","10":"tag-eu","11":"tag-europe","12":"tag-fr","13":"tag-france","14":"tag-immigration","15":"tag-news","16":"tag-nice","17":"tag-provence-alpes-cote-dazur","18":"tag-republique-francaise","19":"tag-temoignage"},"share_on_mastodon":{"url":"https:\/\/pubeurope.com\/@fr\/114627524907853033","error":""},"_links":{"self":[{"href":"https:\/\/www.europesays.com\/fr\/wp-json\/wp\/v2\/posts\/152505","targetHints":{"allow":["GET"]}}],"collection":[{"href":"https:\/\/www.europesays.com\/fr\/wp-json\/wp\/v2\/posts"}],"about":[{"href":"https:\/\/www.europesays.com\/fr\/wp-json\/wp\/v2\/types\/post"}],"author":[{"embeddable":true,"href":"https:\/\/www.europesays.com\/fr\/wp-json\/wp\/v2\/users\/2"}],"replies":[{"embeddable":true,"href":"https:\/\/www.europesays.com\/fr\/wp-json\/wp\/v2\/comments?post=152505"}],"version-history":[{"count":0,"href":"https:\/\/www.europesays.com\/fr\/wp-json\/wp\/v2\/posts\/152505\/revisions"}],"wp:featuredmedia":[{"embeddable":true,"href":"https:\/\/www.europesays.com\/fr\/wp-json\/wp\/v2\/media\/152506"}],"wp:attachment":[{"href":"https:\/\/www.europesays.com\/fr\/wp-json\/wp\/v2\/media?parent=152505"}],"wp:term":[{"taxonomy":"category","embeddable":true,"href":"https:\/\/www.europesays.com\/fr\/wp-json\/wp\/v2\/categories?post=152505"},{"taxonomy":"post_tag","embeddable":true,"href":"https:\/\/www.europesays.com\/fr\/wp-json\/wp\/v2\/tags?post=152505"}],"curies":[{"name":"wp","href":"https:\/\/api.w.org\/{rel}","templated":true}]}}