{"id":152509,"date":"2025-06-04T22:47:12","date_gmt":"2025-06-04T22:47:12","guid":{"rendered":"https:\/\/www.europesays.com\/fr\/152509\/"},"modified":"2025-06-04T22:47:12","modified_gmt":"2025-06-04T22:47:12","slug":"mixt-ex-grand-t-toujours-en-chantier-ouvre-sa-billetterie-le-18-juin-a-nantes","status":"publish","type":"post","link":"https:\/\/www.europesays.com\/fr\/152509\/","title":{"rendered":"Mixt (ex-Grand T), toujours en chantier, ouvre sa billetterie le 18\u00a0juin \u00e0 Nantes"},"content":{"rendered":"<p>C\u2019est un vaste chantier qui se d\u00e9roule en ce moment \u00e0 l\u2019emplacement actuel du Grand T, entre la route de Paris (Boulevard du G\u00e9n\u00e9ral-Buat) et la rue du Coudray. <a href=\"https:\/\/nantes.maville.com\/actu\/actudet_-a-nantes-le-grand-t-fusionne-et-devient-mixt-_52716-6330321_actu.Htm?utm_source=troove&amp;utm_medium=site\" target=\"_blank\" rel=\"noopener\">Un nouveau lieu culturel, qui englobe l\u2019ancien Grand T et la structure Musique et Danse en Loire-Atlantique<\/a>, a donc pris pour nom Mixt et sera inaugur\u00e9 au mois de d\u00e9cembre\u00a02025.\u00a0La directrice de cet \u00e9tablissement (1) Catherine Blondeau, a ainsi annonc\u00e9 l\u2019ouverture de la billetterie \u00e0 partir du 18\u00a0juin. Il n\u2019y aura pas d\u2019abonnements.<\/p>\n<p><a href=\"https:\/\/rennes.maville.com\/actu\/actudet_-culture-la-facture-du-projet-mixt-s-alourdit-encore-ur-le-departement-de-la-loire-atlantique-_8-6663446_actu.Htm?utm_source=troove&amp;utm_medium=site\" target=\"_blank\" rel=\"noopener\">+++ A LIRE AUSSI. La facture du projet culturel Mixt s\u2019alourdit encore pour le D\u00e9partement de la Loire-Atlantique<\/a><\/p>\n<p>Voyage-spectacle<\/p>\n<p>Les 27, 28 et 29\u00a0juin, la compagnie Les Maladroits propose une promenade \u00e0 bord du petit train dans le quartier de la Halv\u00eaque depuis la maison de quartier des Batignolles, La locomotive, 109, avenue de la Gare-de-Saint-Joseph \u00e0 Nantes.<\/p>\n<p>Le 27\u00a0juin (19\u00a0h), le 28\u00a0juin (11\u00a0h et 17\u00a0h), le 29\u00a0juin (11\u00a0h et 17\u00a0h). R\u00e9servations d\u00e9j\u00e0 ouvertes aupr\u00e8s des centres socio-culturels Accoord Halv\u00eaque Beaujoire (02\u00a040\u00a049\u00a094\u00a010) et Saint-Joseph de Porterie (02\u00a044\u00a076\u00a011\u00a000)<\/p>\n<p>Rendez-vous de l\u2019Erdre<\/p>\n<p>Les 30 et 31\u00a0ao\u00fbt, quatre spectacles sont programm\u00e9s par Mixt lors des Rendez-vous de l\u2019Erdre\u00a0: Rouge Pute, Last day, Borders et Pommes Girl.<\/p>\n<p>Cirque Pandax<\/p>\n<p>Sous le chapiteau, cinq acrobates et trois musiciennes chanteuses embarquent petits et grands dans un road-trip autour d\u2019une Fiat Panda. Du 4 au 22\u00a0octobre\u00a0sur le parc des Chantiers, pr\u00e8s des Machines de l\u2019\u00eele.<\/p>\n<p>Madeleine Cazenave<\/p>\n<p>Figure du nouveau jazz hexagonal, la pianiste Madeleine Cazenave invite avec son trio Rouge \u00e0 l\u2019immersion contemplative avec des titres tir\u00e9s de son album Vermeilles. Le 7\u00a0octobre (20\u00a0h) \u00e0 la Soufflerie, th\u00e9\u00e2tre municipal de Rez\u00e9.<\/p>\n<p>L\u2019orchestre national de jazz<\/p>\n<p>\u00c0 la cit\u00e9 des Congr\u00e8s le 13\u00a0octobre, Sylvaine H\u00e9lary, la premi\u00e8re femme \u00e0 diriger l\u2019Orchestre national de jazz depuis sa cr\u00e9ation, rend hommage \u00e0 la pianiste compositrice Carla Bley, figure marquante du jazz des ann\u00e9es 60-70 aux \u00c9tats-Unis, disparue en octobre\u00a02023.<\/p>\n<p>Danse \u00e0 Graslin<\/p>\n<p>Au th\u00e9\u00e2tre Graslin les 18\u00a0octobre (17\u00a0h\u00a030) et 19\u00a0octobre (15\u00a0h), place \u00e0 Profanations par le chor\u00e9graphe Faustin Linyekula, originaire de la R\u00e9publique d\u00e9mocratique du Congo et Franck Moka. Profanations est un concert live pour un solo de danse qui livre l\u2019histoire d\u2019une derni\u00e8re f\u00eate.<\/p>\n<p>(1) Mixt est financ\u00e9 par le D\u00e9partement, la ville de Nantes et l\u2019\u00c9tat. La r\u00e9gion des Pays de la Loire s\u2019est retir\u00e9e. Elle apportait une subvention de 100\u00a0000\u00a0\u20ac.<\/p>\n<p><a href=\"https:\/\/mixt.fr\/actualite\/\" target=\"_self\" rel=\"noopener\">https:\/\/mixt.fr\/actualite\/<\/a><\/p>\n<p>Mixt propose\u00a0des tourn\u00e9es de spectacles dans tout le d\u00e9partement, soit 13\u00a0spectacles pour 71\u00a0repr\u00e9sentations, de Lign\u00e9 dans le pays d\u2019Ancenis \u00e0 Machecoul dans le pays de Retz\u00a0; 7\u00a0projets artistiques de territoires qui se traduisent par des r\u00e9sidences d\u2019artistes avec restitution, des tourn\u00e9es de petites formes en biblioth\u00e8ques et dans les Ehpad.<\/p>\n<p>Pratique<\/p>\n<p>Acheter ses places\u00a0: en ligne sur mixt.fr d\u00e8s 9\u00a0h le mercredi 18\u00a0juin. <br \/>Par t\u00e9l\u00e9phone 02\u00a051\u00a088\u00a025\u00a025. <br \/>Par courrier via le formulaire t\u00e9l\u00e9chargeable\u00a0: 19, rue Morand \u00e0 Nantes.<\/p>\n<p>Pas de pass, pas d\u2019abonnement, que des places \u00e0 l\u2019unit\u00e9.<\/p>\n<p>\u00a0<\/p>\n","protected":false},"excerpt":{"rendered":"C\u2019est un vaste chantier qui se d\u00e9roule en ce moment \u00e0 l\u2019emplacement actuel du Grand T, entre la&hellip;\n","protected":false},"author":2,"featured_media":152510,"comment_status":"","ping_status":"","sticky":false,"template":"","format":"standard","meta":{"footnotes":""},"categories":[2818],"tags":[28204,16187,1111,11,13940,4107,1777,674,1011,27,3687,28203,766,12,10102,2636,25,299,1810],"class_list":{"0":"post-152509","1":"post","2":"type-post","3":"status-publish","4":"format-standard","5":"has-post-thumbnail","7":"category-nantes","8":"tag-ex-grand","9":"tag-16187","10":"tag-actu","11":"tag-actualites","12":"tag-billetterie","13":"tag-chantier","14":"tag-eu","15":"tag-europe","16":"tag-fr","17":"tag-france","18":"tag-juin","19":"tag-mixt","20":"tag-nantes","21":"tag-news","22":"tag-ouvre","23":"tag-pays-de-la-loire","24":"tag-republique-francaise","25":"tag-t","26":"tag-toujours"},"share_on_mastodon":{"url":"https:\/\/pubeurope.com\/@fr\/114627533038510196","error":""},"_links":{"self":[{"href":"https:\/\/www.europesays.com\/fr\/wp-json\/wp\/v2\/posts\/152509","targetHints":{"allow":["GET"]}}],"collection":[{"href":"https:\/\/www.europesays.com\/fr\/wp-json\/wp\/v2\/posts"}],"about":[{"href":"https:\/\/www.europesays.com\/fr\/wp-json\/wp\/v2\/types\/post"}],"author":[{"embeddable":true,"href":"https:\/\/www.europesays.com\/fr\/wp-json\/wp\/v2\/users\/2"}],"replies":[{"embeddable":true,"href":"https:\/\/www.europesays.com\/fr\/wp-json\/wp\/v2\/comments?post=152509"}],"version-history":[{"count":0,"href":"https:\/\/www.europesays.com\/fr\/wp-json\/wp\/v2\/posts\/152509\/revisions"}],"wp:featuredmedia":[{"embeddable":true,"href":"https:\/\/www.europesays.com\/fr\/wp-json\/wp\/v2\/media\/152510"}],"wp:attachment":[{"href":"https:\/\/www.europesays.com\/fr\/wp-json\/wp\/v2\/media?parent=152509"}],"wp:term":[{"taxonomy":"category","embeddable":true,"href":"https:\/\/www.europesays.com\/fr\/wp-json\/wp\/v2\/categories?post=152509"},{"taxonomy":"post_tag","embeddable":true,"href":"https:\/\/www.europesays.com\/fr\/wp-json\/wp\/v2\/tags?post=152509"}],"curies":[{"name":"wp","href":"https:\/\/api.w.org\/{rel}","templated":true}]}}